{"id":973,"date":"2022-11-27T07:58:13","date_gmt":"2022-11-27T06:58:13","guid":{"rendered":"https:\/\/www.campusinternationaldonbosco.org\/?p=973"},"modified":"2022-11-27T07:59:42","modified_gmt":"2022-11-27T06:59:42","slug":"xiieme-meeting-des-salesiens-europeens-au-valdocco-de-turin-pour-le-bocage","status":"publish","type":"post","link":"https:\/\/www.campusinternationaldonbosco.org\/en\/2022\/11\/27\/xiieme-meeting-des-salesiens-europeens-au-valdocco-de-turin-pour-le-bocage\/","title":{"rendered":"XII\u00e8me meeting des sal\u00e9siens Europ\u00e9ens, au Valdocco de Turin pour Le Bocage"},"content":{"rendered":"<p>Fabienne Dumas et Nathalie Rogat ont particip\u00e9 au XII\u00e8me meeting des sal\u00e9siens Europ\u00e9ens, au Valdocco de Turin.<\/p>\n\n\n\n<p>Apr\u00e8s Madrid, Munich, S\u00e9ville et bien d&rsquo;autres villes, pr\u00e8s de 120 porteurs de projets venus de toute l&rsquo;Europe (Espagne, Italie, Belgique, Hongrie, Pologne\u2026) et m\u00eame d\u2019un peu plus loin (Maroc&nbsp;!), se sont r\u00e9unis 3 jours, du 16 au 18 novembre 2022, pour partager de bonnes pratiques et des projets europ\u00e9ens comme par exemples, les centres d&rsquo;excellence qui se mettent en place pour trouver de nouveaux partenaires et s&rsquo;engager dans de nouvelles aventures, dont fait partie&nbsp;<a href=\"https:\/\/www.lebocage-chambery.fr\/\">Le Bocage<\/a>.<\/p>\n\n\n\n<figure class=\"wp-block-gallery has-nested-images columns-default is-cropped wp-block-gallery-1 is-layout-flex wp-block-gallery-is-layout-flex\">\n<figure class=\"wp-block-image size-large\"><img fetchpriority=\"high\" decoding=\"async\" width=\"1024\" height=\"768\" data-id=\"976\" src=\"https:\/\/www.campusinternationaldonbosco.org\/wp-content\/uploads\/2022\/11\/20221117_093133-1024x768.jpg\" alt=\"\" class=\"wp-image-976\" srcset=\"https:\/\/www.campusinternationaldonbosco.org\/wp-content\/uploads\/2022\/11\/20221117_093133-1024x768.jpg 1024w, https:\/\/www.campusinternationaldonbosco.org\/wp-content\/uploads\/2022\/11\/20221117_093133-300x225.jpg 300w, https:\/\/www.campusinternationaldonbosco.org\/wp-content\/uploads\/2022\/11\/20221117_093133-768x576.jpg 768w, https:\/\/www.campusinternationaldonbosco.org\/wp-content\/uploads\/2022\/11\/20221117_093133-1536x1152.jpg 1536w, https:\/\/www.campusinternationaldonbosco.org\/wp-content\/uploads\/2022\/11\/20221117_093133-2048x1536.jpg 2048w, https:\/\/www.campusinternationaldonbosco.org\/wp-content\/uploads\/2022\/11\/20221117_093133-16x12.jpg 16w\" sizes=\"(max-width: 1024px) 100vw, 1024px\" \/><figcaption class=\"wp-element-caption\">Session d&rsquo;ouverture<\/figcaption><\/figure>\n<\/figure>\n\n\n\n<p>C&rsquo;\u00e9tait aussi l&rsquo;occasion de faire vivre des partenariats existants, avec Daniel Ormenus, un coll\u00e8gue de&nbsp;<a href=\"https:\/\/salesianilombriasco.it\/\">Lombriasco<\/a>, ou plus surprenant, de revoir le p\u00e8re Piotr, bas\u00e9 \u00e0&nbsp;<a href=\"https:\/\/www.donbosco-kenitra.org\/\">Kenitra<\/a>&nbsp;au Maroc, et de se rem\u00e9morer le confinement 2020, qu\u2019il a pass\u00e9, avec grand plaisir, \u00e0 la Fondation du Bocage&nbsp;! &nbsp;<\/p>\n\n\n\n<figure class=\"wp-block-gallery has-nested-images columns-default is-cropped wp-block-gallery-2 is-layout-flex wp-block-gallery-is-layout-flex\">\n<figure class=\"wp-block-image size-large\"><img decoding=\"async\" width=\"1024\" height=\"768\" data-id=\"974\" src=\"https:\/\/www.campusinternationaldonbosco.org\/wp-content\/uploads\/2022\/11\/20221117_124458-1024x768.jpg\" alt=\"\" class=\"wp-image-974\" srcset=\"https:\/\/www.campusinternationaldonbosco.org\/wp-content\/uploads\/2022\/11\/20221117_124458-1024x768.jpg 1024w, https:\/\/www.campusinternationaldonbosco.org\/wp-content\/uploads\/2022\/11\/20221117_124458-300x225.jpg 300w, https:\/\/www.campusinternationaldonbosco.org\/wp-content\/uploads\/2022\/11\/20221117_124458-768x576.jpg 768w, https:\/\/www.campusinternationaldonbosco.org\/wp-content\/uploads\/2022\/11\/20221117_124458-1536x1152.jpg 1536w, https:\/\/www.campusinternationaldonbosco.org\/wp-content\/uploads\/2022\/11\/20221117_124458-2048x1536.jpg 2048w, https:\/\/www.campusinternationaldonbosco.org\/wp-content\/uploads\/2022\/11\/20221117_124458-16x12.jpg 16w\" sizes=\"(max-width: 1024px) 100vw, 1024px\" \/><figcaption class=\"wp-element-caption\">Atelier nouveau programme Erasmus+<\/figcaption><\/figure>\n<\/figure>","protected":false},"excerpt":{"rendered":"<p>Fabienne Dumas et Nathalie Rogat ont particip\u00e9 au XII\u00e8me meeting des sal\u00e9siens Europ\u00e9ens, au Valdocco de Turin. Apr\u00e8s Madrid, Munich, S\u00e9ville et bien d&rsquo;autres villes, pr\u00e8s de 120 porteurs de projets venus de toute l&rsquo;Europe (Espagne, Italie, Belgique, Hongrie, Pologne\u2026) et m\u00eame d\u2019un peu plus loin (Maroc&nbsp;!), se sont r\u00e9unis 3 jours, du 16 au [&hellip;]<\/p>\n","protected":false},"author":4,"featured_media":975,"comment_status":"closed","ping_status":"closed","sticky":false,"template":"","format":"standard","meta":{"footnotes":"","_links_to":"","_links_to_target":""},"categories":[1],"tags":[],"class_list":["post-973","post","type-post","status-publish","format-standard","has-post-thumbnail","hentry","category-actualites-generales"],"_links":{"self":[{"href":"https:\/\/www.campusinternationaldonbosco.org\/en\/wp-json\/wp\/v2\/posts\/973","targetHints":{"allow":["GET"]}}],"collection":[{"href":"https:\/\/www.campusinternationaldonbosco.org\/en\/wp-json\/wp\/v2\/posts"}],"about":[{"href":"https:\/\/www.campusinternationaldonbosco.org\/en\/wp-json\/wp\/v2\/types\/post"}],"author":[{"embeddable":true,"href":"https:\/\/www.campusinternationaldonbosco.org\/en\/wp-json\/wp\/v2\/users\/4"}],"replies":[{"embeddable":true,"href":"https:\/\/www.campusinternationaldonbosco.org\/en\/wp-json\/wp\/v2\/comments?post=973"}],"version-history":[{"count":2,"href":"https:\/\/www.campusinternationaldonbosco.org\/en\/wp-json\/wp\/v2\/posts\/973\/revisions"}],"predecessor-version":[{"id":978,"href":"https:\/\/www.campusinternationaldonbosco.org\/en\/wp-json\/wp\/v2\/posts\/973\/revisions\/978"}],"wp:featuredmedia":[{"embeddable":true,"href":"https:\/\/www.campusinternationaldonbosco.org\/en\/wp-json\/wp\/v2\/media\/975"}],"wp:attachment":[{"href":"https:\/\/www.campusinternationaldonbosco.org\/en\/wp-json\/wp\/v2\/media?parent=973"}],"wp:term":[{"taxonomy":"category","embeddable":true,"href":"https:\/\/www.campusinternationaldonbosco.org\/en\/wp-json\/wp\/v2\/categories?post=973"},{"taxonomy":"post_tag","embeddable":true,"href":"https:\/\/www.campusinternationaldonbosco.org\/en\/wp-json\/wp\/v2\/tags?post=973"}],"curies":[{"name":"wp","href":"https:\/\/api.w.org\/{rel}","templated":true}]}}