{"id":898,"date":"2022-11-24T10:03:52","date_gmt":"2022-11-24T09:03:52","guid":{"rendered":"https:\/\/www.campusinternationaldonbosco.org\/?p=898"},"modified":"2023-07-08T19:00:37","modified_gmt":"2023-07-08T17:00:37","slug":"une-formation-fondatrice-de-turin-a-mornese","status":"publish","type":"post","link":"https:\/\/www.campusinternationaldonbosco.org\/en\/2022\/11\/24\/une-formation-fondatrice-de-turin-a-mornese\/","title":{"rendered":"Une formation fondatrice de Turin \u00e0 Morn\u00e8se !\ufffc"},"content":{"rendered":"<p>A la d\u00e9couverte du r\u00e9seau international CNOS-FAP Pi\u00e9mont&nbsp;!<\/p>\n\n\n\n<p>Engag\u00e9s dans le consortium sal\u00e9sien \u00ab&nbsp;Campus Don Bosco on the move&nbsp;\u00bb, nous avons rejoint les coll\u00e8gues chefs d\u2019\u00e9tablissement qui, comme nous,&nbsp;&nbsp;ressentaient le besoin de nous former pour \u00eatre plus efficaces dans la mise en \u0153uvre des mobilit\u00e9s.<\/p>\n\n\n\n<figure class=\"wp-block-image size-large\"><img fetchpriority=\"high\" decoding=\"async\" width=\"1024\" height=\"768\" src=\"https:\/\/www.campusinternationaldonbosco.org\/wp-content\/uploads\/2022\/11\/IMG_4544-1024x768.jpg\" alt=\"\" class=\"wp-image-910\" srcset=\"https:\/\/www.campusinternationaldonbosco.org\/wp-content\/uploads\/2022\/11\/IMG_4544-1024x768.jpg 1024w, https:\/\/www.campusinternationaldonbosco.org\/wp-content\/uploads\/2022\/11\/IMG_4544-300x225.jpg 300w, https:\/\/www.campusinternationaldonbosco.org\/wp-content\/uploads\/2022\/11\/IMG_4544-768x576.jpg 768w, https:\/\/www.campusinternationaldonbosco.org\/wp-content\/uploads\/2022\/11\/IMG_4544-1536x1152.jpg 1536w, https:\/\/www.campusinternationaldonbosco.org\/wp-content\/uploads\/2022\/11\/IMG_4544-2048x1536.jpg 2048w, https:\/\/www.campusinternationaldonbosco.org\/wp-content\/uploads\/2022\/11\/IMG_4544-16x12.jpg 16w\" sizes=\"(max-width: 1024px) 100vw, 1024px\" \/><\/figure>\n\n\n\n<p>A la lumi\u00e8re de la formation propos\u00e9e par CNOS-FAP Pi\u00e9mont,&nbsp;&nbsp;(r\u00e9seau des \u00e9tablissements d\u2019enseignement et de formation professionnelle italien), nous avons pu d\u00e9couvrir le d\u00e9veloppement du r\u00e9seau international italien, \u00e0 partir de l\u2019exp\u00e9rience formatrice de Turin et de Morn\u00e8se. De fait, l\u2019organisation f\u00e9d\u00e9rale de CNOS-FAP Pi\u00e9mont s\u2019est pr\u00e9sent\u00e9e comme un formidable&nbsp;&nbsp;vecteur de synergies et d\u2019\u00e9mulation.<\/p>\n\n\n\n<p>A Turin, CNOS-FAP Pi\u00e9mont nous a fait d\u00e9couvrir dans un premier temps, son organisation. Mais pas seulement&nbsp;!&nbsp;&nbsp;Ils nous ont permis d\u2019\u00e9changer et de r\u00e9fl\u00e9chir \u00e0 la vision de tout projet d\u2019ouverture internationale sur la base de l\u2019interaction. Les visites des locaux, des bureaux, des espaces professionnels, sportifs et culturels du Valdocco nous ont fait mesurer l\u2019ampleur du d\u00e9veloppement et des moyens mis en oeuvre pour d\u00e9ployer une vision que Don Bosco avait pu insuffler, recevoir et partager.<\/p>\n\n\n\n<figure class=\"wp-block-image size-large\"><img decoding=\"async\" width=\"1024\" height=\"768\" src=\"https:\/\/www.campusinternationaldonbosco.org\/wp-content\/uploads\/2022\/11\/IMG_4546-1024x768.jpg\" alt=\"\" class=\"wp-image-917\" srcset=\"https:\/\/www.campusinternationaldonbosco.org\/wp-content\/uploads\/2022\/11\/IMG_4546-1024x768.jpg 1024w, https:\/\/www.campusinternationaldonbosco.org\/wp-content\/uploads\/2022\/11\/IMG_4546-300x225.jpg 300w, https:\/\/www.campusinternationaldonbosco.org\/wp-content\/uploads\/2022\/11\/IMG_4546-768x576.jpg 768w, https:\/\/www.campusinternationaldonbosco.org\/wp-content\/uploads\/2022\/11\/IMG_4546-1536x1152.jpg 1536w, https:\/\/www.campusinternationaldonbosco.org\/wp-content\/uploads\/2022\/11\/IMG_4546-2048x1536.jpg 2048w, https:\/\/www.campusinternationaldonbosco.org\/wp-content\/uploads\/2022\/11\/IMG_4546-16x12.jpg 16w\" sizes=\"(max-width: 1024px) 100vw, 1024px\" \/><\/figure>\n\n\n\n<p>Dans un deuxi\u00e8me temps, CNOS-FAP Pi\u00e9mont a organis\u00e9 la formation \u00e0 Morn\u00e8se pour faire d\u00e9couvrir la dynamique du d\u00e9ploiement international. Ainsi, un premier temps d\u2019ateliers a engag\u00e9 les participants \u00e0 mieux se conna\u00eetre et explorer la richesse du travail en r\u00e9seau. Le d\u00e9placement vers la Valponasca et les temps d\u2019\u00e9change en petit groupe,&nbsp;&nbsp;ont permis l\u2019\u00e9coute et les interactions tr\u00e8s riches entre les participants. En effet, les diff\u00e9rentes prises de paroles, ont pos\u00e9 les fondements&nbsp;&nbsp;d\u2019une vraie confiance partag\u00e9e,&nbsp;&nbsp;pr\u00e9- requis indispensable pour le travail en r\u00e9seau et la mise en \u0153uvre de projets de coop\u00e9ration internationale.&nbsp;<\/p>\n\n\n\n<figure class=\"wp-block-image size-large\"><img decoding=\"async\" width=\"1024\" height=\"768\" src=\"https:\/\/www.campusinternationaldonbosco.org\/wp-content\/uploads\/2022\/11\/IMG_4550-1-1024x768.jpg\" alt=\"\" class=\"wp-image-913\" srcset=\"https:\/\/www.campusinternationaldonbosco.org\/wp-content\/uploads\/2022\/11\/IMG_4550-1-1024x768.jpg 1024w, https:\/\/www.campusinternationaldonbosco.org\/wp-content\/uploads\/2022\/11\/IMG_4550-1-300x225.jpg 300w, https:\/\/www.campusinternationaldonbosco.org\/wp-content\/uploads\/2022\/11\/IMG_4550-1-768x576.jpg 768w, https:\/\/www.campusinternationaldonbosco.org\/wp-content\/uploads\/2022\/11\/IMG_4550-1-1536x1152.jpg 1536w, https:\/\/www.campusinternationaldonbosco.org\/wp-content\/uploads\/2022\/11\/IMG_4550-1-2048x1536.jpg 2048w, https:\/\/www.campusinternationaldonbosco.org\/wp-content\/uploads\/2022\/11\/IMG_4550-1-16x12.jpg 16w\" sizes=\"(max-width: 1024px) 100vw, 1024px\" \/><\/figure>\n\n\n\n<p>Les temps de visite ont permis \u00e0 CNOS-FAP de nous faire mesurer, \u00e0 partir du village de Mornese, tout le rayonnement de l\u2019ouverture&nbsp;&nbsp;sal\u00e9sienne dans le monde entier. La visite du centre international a \u00e9t\u00e9 de fait tr\u00e8s enrichissante, puisque celle-ci nous a permis de constater toutes les \u00e9tapes du d\u00e9ploiement.&nbsp;&nbsp;Pour conclure cette fabuleuse journ\u00e9e, nous avons pu assister au&nbsp;&nbsp;spectacle son et lumi\u00e8re, pr\u00e9par\u00e9 avec soin par des jeunes.<\/p>\n\n\n\n<figure class=\"wp-block-image size-large\"><img loading=\"lazy\" decoding=\"async\" width=\"1024\" height=\"768\" src=\"https:\/\/www.campusinternationaldonbosco.org\/wp-content\/uploads\/2022\/11\/28554a70-561b-411a-9243-54ae9a0312ae-1024x768.jpg\" alt=\"\" class=\"wp-image-911\" srcset=\"https:\/\/www.campusinternationaldonbosco.org\/wp-content\/uploads\/2022\/11\/28554a70-561b-411a-9243-54ae9a0312ae-1024x768.jpg 1024w, https:\/\/www.campusinternationaldonbosco.org\/wp-content\/uploads\/2022\/11\/28554a70-561b-411a-9243-54ae9a0312ae-300x225.jpg 300w, https:\/\/www.campusinternationaldonbosco.org\/wp-content\/uploads\/2022\/11\/28554a70-561b-411a-9243-54ae9a0312ae-768x576.jpg 768w, https:\/\/www.campusinternationaldonbosco.org\/wp-content\/uploads\/2022\/11\/28554a70-561b-411a-9243-54ae9a0312ae-1536x1152.jpg 1536w, https:\/\/www.campusinternationaldonbosco.org\/wp-content\/uploads\/2022\/11\/28554a70-561b-411a-9243-54ae9a0312ae-16x12.jpg 16w, https:\/\/www.campusinternationaldonbosco.org\/wp-content\/uploads\/2022\/11\/28554a70-561b-411a-9243-54ae9a0312ae.jpg 1600w\" sizes=\"(max-width: 1024px) 100vw, 1024px\" \/><\/figure>\n\n\n\n<p>Le journ\u00e9e du jeudi a \u00e9t\u00e9 consacr\u00e9e \u00e0 l\u2019exploration de la boussole sal\u00e9sienne, v\u00e9ritable outil de pilotage strat\u00e9gique et qui donne \u00e0 l\u2019ouverture internationale toute sa place.&nbsp;&nbsp;L\u2019apr\u00e8s-midi des ateliers nous ont ouverts sur l\u2019id\u00e9e des projets internationaux par CNOS-FAP Pi\u00e9mont et le CIOFS. Par cons\u00e9quent, nous avons pris conscience de la technicit\u00e9 des montages et projets Erasmus+ de mobilit\u00e9 et de coop\u00e9ration. Ainsi, il convient de mettre l\u2019accent sur la rigueur et les \u00e9changes, v\u00e9ritables piliers au regard du potentiel de mobilit\u00e9s \u00e0 exploiter pour le consortium.&nbsp;<\/p>\n\n\n\n<figure class=\"wp-block-image size-large\"><img loading=\"lazy\" decoding=\"async\" width=\"1024\" height=\"768\" src=\"https:\/\/www.campusinternationaldonbosco.org\/wp-content\/uploads\/2022\/11\/20221006_145130-1024x768.jpg\" alt=\"\" class=\"wp-image-906\" srcset=\"https:\/\/www.campusinternationaldonbosco.org\/wp-content\/uploads\/2022\/11\/20221006_145130-1024x768.jpg 1024w, https:\/\/www.campusinternationaldonbosco.org\/wp-content\/uploads\/2022\/11\/20221006_145130-300x225.jpg 300w, https:\/\/www.campusinternationaldonbosco.org\/wp-content\/uploads\/2022\/11\/20221006_145130-768x576.jpg 768w, https:\/\/www.campusinternationaldonbosco.org\/wp-content\/uploads\/2022\/11\/20221006_145130-1536x1152.jpg 1536w, https:\/\/www.campusinternationaldonbosco.org\/wp-content\/uploads\/2022\/11\/20221006_145130-2048x1536.jpg 2048w, https:\/\/www.campusinternationaldonbosco.org\/wp-content\/uploads\/2022\/11\/20221006_145130-16x12.jpg 16w\" sizes=\"(max-width: 1024px) 100vw, 1024px\" \/><\/figure>\n\n\n\n<figure class=\"wp-block-image size-large\"><img loading=\"lazy\" decoding=\"async\" width=\"1024\" height=\"768\" src=\"https:\/\/www.campusinternationaldonbosco.org\/wp-content\/uploads\/2022\/11\/IMG_4573-1024x768.jpg\" alt=\"\" class=\"wp-image-918\" srcset=\"https:\/\/www.campusinternationaldonbosco.org\/wp-content\/uploads\/2022\/11\/IMG_4573-1024x768.jpg 1024w, https:\/\/www.campusinternationaldonbosco.org\/wp-content\/uploads\/2022\/11\/IMG_4573-300x225.jpg 300w, https:\/\/www.campusinternationaldonbosco.org\/wp-content\/uploads\/2022\/11\/IMG_4573-768x576.jpg 768w, https:\/\/www.campusinternationaldonbosco.org\/wp-content\/uploads\/2022\/11\/IMG_4573-1536x1152.jpg 1536w, https:\/\/www.campusinternationaldonbosco.org\/wp-content\/uploads\/2022\/11\/IMG_4573-2048x1536.jpg 2048w, https:\/\/www.campusinternationaldonbosco.org\/wp-content\/uploads\/2022\/11\/IMG_4573-16x12.jpg 16w\" sizes=\"(max-width: 1024px) 100vw, 1024px\" \/><\/figure>\n\n\n\n<p>Enfin, la derni\u00e8re matin\u00e9e nous a introduits sur un projet exceptionnel de coop\u00e9ration internationale autour des centres professionnels d\u2019excellence (CoVE). Ici encore, le souci du d\u00e9tail et de l\u2019analyse syst\u00e9mique nous a impressionn\u00e9s. Nous avons sans doute retenu que l\u2019audace de nos fondateurs s\u2019exprimait aujourd\u2019hui encore dans un tel projet international qui r\u00e9unit 36 pays.<\/p>\n\n\n\n<figure class=\"wp-block-image size-large\"><img loading=\"lazy\" decoding=\"async\" width=\"768\" height=\"1024\" src=\"https:\/\/www.campusinternationaldonbosco.org\/wp-content\/uploads\/2022\/11\/20221007_090525-768x1024.jpg\" alt=\"\" class=\"wp-image-909\" srcset=\"https:\/\/www.campusinternationaldonbosco.org\/wp-content\/uploads\/2022\/11\/20221007_090525-768x1024.jpg 768w, https:\/\/www.campusinternationaldonbosco.org\/wp-content\/uploads\/2022\/11\/20221007_090525-225x300.jpg 225w, https:\/\/www.campusinternationaldonbosco.org\/wp-content\/uploads\/2022\/11\/20221007_090525-1152x1536.jpg 1152w, https:\/\/www.campusinternationaldonbosco.org\/wp-content\/uploads\/2022\/11\/20221007_090525-1536x2048.jpg 1536w, https:\/\/www.campusinternationaldonbosco.org\/wp-content\/uploads\/2022\/11\/20221007_090525-9x12.jpg 9w, https:\/\/www.campusinternationaldonbosco.org\/wp-content\/uploads\/2022\/11\/20221007_090525-scaled.jpg 1920w\" sizes=\"(max-width: 768px) 100vw, 768px\" \/><\/figure>\n\n\n\n<p>Ce temps de formation, de Turin \u00e0 Morn\u00e8se, nous a transport\u00e9s dans tous les sens. Il a suscit\u00e9 de l\u2019enthousiasme pour construire les mobilit\u00e9s au sein du consortium et nous a donn\u00e9 des rep\u00e8res pour mener chaque \u00e9tape de mani\u00e8re m\u00e9thodique.<\/p>\n\n\n\n<p>L\u2019\u00e9quipe AMDB.<\/p>\n\n\n\n<figure class=\"wp-block-image size-full\"><img loading=\"lazy\" decoding=\"async\" width=\"788\" height=\"265\" src=\"https:\/\/www.campusinternationaldonbosco.org\/wp-content\/uploads\/2022\/11\/Capture-decran-2022-11-24-a-09.46.57.png\" alt=\"\" class=\"wp-image-899\" srcset=\"https:\/\/www.campusinternationaldonbosco.org\/wp-content\/uploads\/2022\/11\/Capture-decran-2022-11-24-a-09.46.57.png 788w, https:\/\/www.campusinternationaldonbosco.org\/wp-content\/uploads\/2022\/11\/Capture-decran-2022-11-24-a-09.46.57-300x101.png 300w, https:\/\/www.campusinternationaldonbosco.org\/wp-content\/uploads\/2022\/11\/Capture-decran-2022-11-24-a-09.46.57-768x258.png 768w, https:\/\/www.campusinternationaldonbosco.org\/wp-content\/uploads\/2022\/11\/Capture-decran-2022-11-24-a-09.46.57-18x6.png 18w\" sizes=\"(max-width: 788px) 100vw, 788px\" \/><\/figure>\n\n\n\n<p><\/p>\n\n\n\n<p><\/p>\n\n\n\n<p><\/p>\n\n\n\n<p><\/p>","protected":false},"excerpt":{"rendered":"<p>A la d\u00e9couverte du r\u00e9seau international CNOS-FAP Pi\u00e9mont&nbsp;! Engag\u00e9s dans le consortium sal\u00e9sien \u00ab&nbsp;Campus Don Bosco on the move&nbsp;\u00bb, nous avons rejoint les coll\u00e8gues chefs d\u2019\u00e9tablissement qui, comme nous,&nbsp;&nbsp;ressentaient le besoin de nous former pour \u00eatre plus efficaces dans la mise en \u0153uvre des mobilit\u00e9s. A la lumi\u00e8re de la formation propos\u00e9e par CNOS-FAP Pi\u00e9mont,&nbsp;&nbsp;(r\u00e9seau [&hellip;]<\/p>\n","protected":false},"author":4,"featured_media":910,"comment_status":"closed","ping_status":"closed","sticky":false,"template":"","format":"standard","meta":{"footnotes":"","_links_to":"","_links_to_target":""},"categories":[23,34,33,32,31,30,28,27,26,25,24,13,22,21,20,19,18,17,16,15,14],"tags":[],"class_list":["post-898","post","type-post","status-publish","format-standard","has-post-thumbnail","hentry","category-ensemble-scolaire-don-bosco-nice","category-actualites-du-consortium-salesien","category-amdb-association-des-maisons-don-bosco-coordinateur","category-college-lycee-st-pierre-st-paul-langogne","category-externat-bon-accueil-toulon","category-ecole-jeanne-darc-thonon","category-college-don-bosco-saint-dizier","category-institution-don-bosco-saint-cyr-sur-mer","category-college-lycee-sacre-coeur-saint-chely-dapcher","category-lycee-francois-destaing-rodez","category-college-saint-viateur-onet-le-chateau","category-ecole-carlhian-rippert-briancon","category-ensemble-scolaire-pastre-grande-bastide-marseille","category-ensemble-scolaire-sevigne-marseille","category-lycee-don-bosco-marseille","category-college-saint-louis-saint-bruno-lyon","category-lycee-notre-dame-des-minimes-lyon","category-college-sacre-coeur-laissac","category-institution-st-joseph-la-navarre","category-lycee-jean-bosco-guines","category-college-sacre-coeur-dunieres"],"_links":{"self":[{"href":"https:\/\/www.campusinternationaldonbosco.org\/en\/wp-json\/wp\/v2\/posts\/898","targetHints":{"allow":["GET"]}}],"collection":[{"href":"https:\/\/www.campusinternationaldonbosco.org\/en\/wp-json\/wp\/v2\/posts"}],"about":[{"href":"https:\/\/www.campusinternationaldonbosco.org\/en\/wp-json\/wp\/v2\/types\/post"}],"author":[{"embeddable":true,"href":"https:\/\/www.campusinternationaldonbosco.org\/en\/wp-json\/wp\/v2\/users\/4"}],"replies":[{"embeddable":true,"href":"https:\/\/www.campusinternationaldonbosco.org\/en\/wp-json\/wp\/v2\/comments?post=898"}],"version-history":[{"count":3,"href":"https:\/\/www.campusinternationaldonbosco.org\/en\/wp-json\/wp\/v2\/posts\/898\/revisions"}],"predecessor-version":[{"id":920,"href":"https:\/\/www.campusinternationaldonbosco.org\/en\/wp-json\/wp\/v2\/posts\/898\/revisions\/920"}],"wp:featuredmedia":[{"embeddable":true,"href":"https:\/\/www.campusinternationaldonbosco.org\/en\/wp-json\/wp\/v2\/media\/910"}],"wp:attachment":[{"href":"https:\/\/www.campusinternationaldonbosco.org\/en\/wp-json\/wp\/v2\/media?parent=898"}],"wp:term":[{"taxonomy":"category","embeddable":true,"href":"https:\/\/www.campusinternationaldonbosco.org\/en\/wp-json\/wp\/v2\/categories?post=898"},{"taxonomy":"post_tag","embeddable":true,"href":"https:\/\/www.campusinternationaldonbosco.org\/en\/wp-json\/wp\/v2\/tags?post=898"}],"curies":[{"name":"wp","href":"https:\/\/api.w.org\/{rel}","templated":true}]}}