{"id":584,"date":"2021-10-03T19:28:24","date_gmt":"2021-10-03T17:28:24","guid":{"rendered":"https:\/\/www.campusinternationaldonbosco.org\/?p=584"},"modified":"2022-01-06T22:15:01","modified_gmt":"2022-01-06T21:15:01","slug":"un-consortium-don-bosco-accreditsco-en-creation","status":"publish","type":"post","link":"https:\/\/www.campusinternationaldonbosco.org\/en\/2021\/10\/03\/un-consortium-don-bosco-accreditsco-en-creation\/","title":{"rendered":"Un consortium \u00ab\u00a0CAMPUS DON BOSCO on the move\u00a0\u00bb !"},"content":{"rendered":"<figure class=\"wp-block-image size-large\"><img fetchpriority=\"high\" decoding=\"async\" width=\"1024\" height=\"554\" src=\"https:\/\/www.campusinternationaldonbosco.org\/wp-content\/uploads\/2021\/10\/Capture-decran-2021-10-03-a-19.17.33-1024x554.png\" alt=\"\" class=\"wp-image-586\" srcset=\"https:\/\/www.campusinternationaldonbosco.org\/wp-content\/uploads\/2021\/10\/Capture-decran-2021-10-03-a-19.17.33-1024x554.png 1024w, https:\/\/www.campusinternationaldonbosco.org\/wp-content\/uploads\/2021\/10\/Capture-decran-2021-10-03-a-19.17.33-300x162.png 300w, https:\/\/www.campusinternationaldonbosco.org\/wp-content\/uploads\/2021\/10\/Capture-decran-2021-10-03-a-19.17.33-768x416.png 768w, https:\/\/www.campusinternationaldonbosco.org\/wp-content\/uploads\/2021\/10\/Capture-decran-2021-10-03-a-19.17.33-16x9.png 16w, https:\/\/www.campusinternationaldonbosco.org\/wp-content\/uploads\/2021\/10\/Capture-decran-2021-10-03-a-19.17.33.png 1255w\" sizes=\"(max-width: 1024px) 100vw, 1024px\" \/><figcaption>Axe 4 de la strat\u00e9gie d&rsquo;ouverture internationale d&rsquo;AMDB<\/figcaption><\/figure>\n\n\n\n<p>R\u00e9unis en Alsace, les chefs d&rsquo;\u00e9tablissement ont partag\u00e9 l&rsquo;avancement  de la cr\u00e9ation du consortium sal\u00e9sien \u00ab\u00a0<em>CAMPUS DON BOSCO on the move<\/em>\u00a0\u00bb &#8230; \u00e0 quelques jours du d\u00e9p\u00f4t de la candidature \u00e0 l&rsquo;Union Europ\u00e9enne.<\/p>\n\n\n\n<p>A la suite des enqu\u00eates lanc\u00e9es il y a un an et en mars dernier, de r\u00e9unions successives depuis le printemps, les \u00e9tablissements volontaires, qui ont choisi de se f\u00e9d\u00e9rer dans le consortium, ont travaill\u00e9 avec l&rsquo;\u00e9quipe Campus Don Bosco de leur Maison \u00e0 d\u00e9finir des objectifs en fonction de leur projet d&rsquo;\u00e9tablissement. L&rsquo;\u00e9quipe d&rsquo;AMDB qui coordonne ce consortium a synth\u00e9tis\u00e9 ces objectifs en 4 domaines :<\/p>\n\n\n\n<figure class=\"wp-block-image size-large\"><img decoding=\"async\" src=\"https:\/\/www.campusinternationaldonbosco.org\/wp-content\/uploads\/2021\/10\/Capture-decran-2021-10-27-a-18.54.44-1024x577.png\" alt=\"\" class=\"wp-image-605\"\/><\/figure>\n\n\n\n<p>Le consortium sal\u00e9sien \u00ab\u00a0<em>CAMPUS DON BOSCO on the move<\/em>\u00a0\u00bb regroupe aujourd&rsquo;hui 21 \u00e9tablissements. Il est coordonn\u00e9 par AMDB. Au total, 70% des \u00e9tablissements, membres du consortium, \u00e9coles coll\u00e8ges ou Lyc\u00e9es g\u00e9n\u00e9raux, n&rsquo;ont jamais particip\u00e9 \u00e0 un programme Erasmus+.<\/p>\n\n\n\n<p>C&rsquo;est dire l&rsquo;avanc\u00e9e possible pour chaque \u00e9tablissement, pour leurs \u00e9l\u00e8ves et pour leurs personnels qui pourront d\u00e9velopper des mobilit\u00e9s Erasmus+. Des \u00e9quipes \u00ab\u00a0Campus Don Bosco\u00a0\u00bb se constituent dans chaque \u00e9tablissement membre du consortium, comme l&rsquo;axe 3 de la strat\u00e9gie d&rsquo;AMDB cherche \u00e0 le d\u00e9velopper.<\/p>\n\n\n\n<figure class=\"wp-block-image size-large\"><img decoding=\"async\" width=\"710\" height=\"552\" src=\"https:\/\/www.campusinternationaldonbosco.org\/wp-content\/uploads\/2022\/01\/Capture-decran-2022-01-06-a-21.52.12.png\" alt=\"\" class=\"wp-image-680\" srcset=\"https:\/\/www.campusinternationaldonbosco.org\/wp-content\/uploads\/2022\/01\/Capture-decran-2022-01-06-a-21.52.12.png 710w, https:\/\/www.campusinternationaldonbosco.org\/wp-content\/uploads\/2022\/01\/Capture-decran-2022-01-06-a-21.52.12-300x233.png 300w, https:\/\/www.campusinternationaldonbosco.org\/wp-content\/uploads\/2022\/01\/Capture-decran-2022-01-06-a-21.52.12-16x12.png 16w\" sizes=\"(max-width: 710px) 100vw, 710px\" \/><\/figure>\n\n\n\n<p>Pour tous, le sentiment d&rsquo;appartenance europ\u00e9enne pourra \u00eatre consid\u00e9rablement renforc\u00e9. <\/p>\n\n\n\n<figure class=\"wp-block-image size-large\"><img decoding=\"async\" width=\"500\" height=\"230\" src=\"https:\/\/www.campusinternationaldonbosco.org\/wp-content\/uploads\/2020\/04\/Erasmus.png\" alt=\"\" class=\"wp-image-63\" srcset=\"https:\/\/www.campusinternationaldonbosco.org\/wp-content\/uploads\/2020\/04\/Erasmus.png 500w, https:\/\/www.campusinternationaldonbosco.org\/wp-content\/uploads\/2020\/04\/Erasmus-300x138.png 300w\" sizes=\"(max-width: 500px) 100vw, 500px\" \/><\/figure>","protected":false},"excerpt":{"rendered":"<p>R\u00e9unis en Alsace, les chefs d&rsquo;\u00e9tablissement ont partag\u00e9 l&rsquo;avancement de la cr\u00e9ation du consortium sal\u00e9sien \u00ab\u00a0CAMPUS DON BOSCO on the move\u00a0\u00bb &#8230; \u00e0 quelques jours du d\u00e9p\u00f4t de la candidature \u00e0 l&rsquo;Union Europ\u00e9enne. A la suite des enqu\u00eates lanc\u00e9es il y a un an et en mars dernier, de r\u00e9unions successives depuis le printemps, les [&hellip;]<\/p>\n","protected":false},"author":4,"featured_media":620,"comment_status":"open","ping_status":"open","sticky":false,"template":"","format":"standard","meta":{"footnotes":"","_links_to":"","_links_to_target":""},"categories":[1],"tags":[],"class_list":["post-584","post","type-post","status-publish","format-standard","has-post-thumbnail","hentry","category-actualites-generales"],"_links":{"self":[{"href":"https:\/\/www.campusinternationaldonbosco.org\/en\/wp-json\/wp\/v2\/posts\/584","targetHints":{"allow":["GET"]}}],"collection":[{"href":"https:\/\/www.campusinternationaldonbosco.org\/en\/wp-json\/wp\/v2\/posts"}],"about":[{"href":"https:\/\/www.campusinternationaldonbosco.org\/en\/wp-json\/wp\/v2\/types\/post"}],"author":[{"embeddable":true,"href":"https:\/\/www.campusinternationaldonbosco.org\/en\/wp-json\/wp\/v2\/users\/4"}],"replies":[{"embeddable":true,"href":"https:\/\/www.campusinternationaldonbosco.org\/en\/wp-json\/wp\/v2\/comments?post=584"}],"version-history":[{"count":11,"href":"https:\/\/www.campusinternationaldonbosco.org\/en\/wp-json\/wp\/v2\/posts\/584\/revisions"}],"predecessor-version":[{"id":687,"href":"https:\/\/www.campusinternationaldonbosco.org\/en\/wp-json\/wp\/v2\/posts\/584\/revisions\/687"}],"wp:featuredmedia":[{"embeddable":true,"href":"https:\/\/www.campusinternationaldonbosco.org\/en\/wp-json\/wp\/v2\/media\/620"}],"wp:attachment":[{"href":"https:\/\/www.campusinternationaldonbosco.org\/en\/wp-json\/wp\/v2\/media?parent=584"}],"wp:term":[{"taxonomy":"category","embeddable":true,"href":"https:\/\/www.campusinternationaldonbosco.org\/en\/wp-json\/wp\/v2\/categories?post=584"},{"taxonomy":"post_tag","embeddable":true,"href":"https:\/\/www.campusinternationaldonbosco.org\/en\/wp-json\/wp\/v2\/tags?post=584"}],"curies":[{"name":"wp","href":"https:\/\/api.w.org\/{rel}","templated":true}]}}