{"id":404,"date":"2020-09-19T17:10:26","date_gmt":"2020-09-19T15:10:26","guid":{"rendered":"https:\/\/www.campusinternationaldonbosco.org\/?p=404"},"modified":"2020-09-19T17:17:51","modified_gmt":"2020-09-19T15:17:51","slug":"la-presse-rejoint-la-dynamique-du-campus-international-don-bosco","status":"publish","type":"post","link":"https:\/\/www.campusinternationaldonbosco.org\/en\/2020\/09\/19\/la-presse-rejoint-la-dynamique-du-campus-international-don-bosco\/","title":{"rendered":"La Presse rejoint la dynamique du Campus International Don Bosco !"},"content":{"rendered":"<figure class=\"wp-block-image size-large\"><img fetchpriority=\"high\" decoding=\"async\" width=\"867\" height=\"347\" src=\"https:\/\/www.campusinternationaldonbosco.org\/wp-content\/uploads\/2020\/05\/logo-\u00e9criture-droite-2.jpg\" alt=\"\" class=\"wp-image-305\" srcset=\"https:\/\/www.campusinternationaldonbosco.org\/wp-content\/uploads\/2020\/05\/logo-\u00e9criture-droite-2.jpg 867w, https:\/\/www.campusinternationaldonbosco.org\/wp-content\/uploads\/2020\/05\/logo-\u00e9criture-droite-2-300x120.jpg 300w, https:\/\/www.campusinternationaldonbosco.org\/wp-content\/uploads\/2020\/05\/logo-\u00e9criture-droite-2-768x307.jpg 768w\" sizes=\"(max-width: 867px) 100vw, 867px\" \/><\/figure>\n\n\n\n<p>Le 3 septembre dernier, l&rsquo;institution La Navarre a sign\u00e9 devant la Presse la charte du Label Campus International Don Bosco en pr\u00e9sence de Jean-Marie Petitclerc, pr\u00e9sident de la Fondation La Navarre.<\/p>\n\n\n\n<p><strong>Le coll\u00e8ge de La Navarre labellis\u00e9<\/strong> <\/p>\n\n\n\n<ul class=\"wp-block-list\"><li>Var-Matin (Grand Toulon) &#8211; 8 Septembre 2020<\/li><\/ul>\n\n\n\n<p><\/p>\n\n\n\n<ul class=\"wp-block-list\"><li>Y. S.<em>(Photo Y. S.)<\/em><strong>Le \u201cCampus International Don Bosco\u201d est un label qui identifie les \u00e9tablissements sal\u00e9siens qui sont engag\u00e9s dans une p\u00e9dagogie d\u2019ouverture \u00e0 l\u2019international.<\/strong>Depuis quelques ann\u00e9es, l\u2019Institut Saint-Joseph de La Navarre, \u00e9tablissement sal\u00e9sien, s\u2019est distingu\u00e9 par une large diversification de ses enseignements. En parall\u00e8le, l\u2019accent a \u00e9t\u00e9 mis sur le volet \u00e9cologique et les langues \u00e9trang\u00e8res avec, en particulier, la cr\u00e9ation en 2019 d\u2019une classe de 5e et d\u2019une classe de 4e Langues et civilisations de la M\u00e9diterran\u00e9e. Les \u00e9l\u00e8ves concern\u00e9s ont une heure suppl\u00e9mentaire d\u2019initiation \u00e0 la culture et langue latine, et une heure suppl\u00e9mentaire d\u2019initiation \u00e0 l\u2019Italien ou \u00e0 l\u2019Espagnol. Des voyages au-del\u00e0 des Pyr\u00e9n\u00e9es et des Alpes ont donn\u00e9 plus encore de sens \u00e0 ces initiatives. Ces efforts sont aujourd\u2019hui salu\u00e9s par une labellisation dans laquelle l\u2019\u00e9tablissement voit se concr\u00e9tiser des principes qui lui sont chers et constituent des piliers. La signature est intervenue entre le chef d\u2019\u00e9tablissement Christophe Cortes, le pr\u00e9sident de la Fondation Jean-Marie Petitclerc, et Daniel Gouilly, d\u00e9l\u00e9gu\u00e9 de tutelle. Le \u201cCampus International Don Bosco\u201d est un label qui identifie les \u00e9tablissements sal\u00e9siens qui sont engag\u00e9s dans une p\u00e9dagogie d\u2019ouverture \u00e0 l\u2019international. Celle-ci passe notamment par un apprentissage des langues \u00e9trang\u00e8res au quotidien dans l\u2019enseignement dispens\u00e9. Cours de math\u00e9matiques en anglais, ateliers de cuisine du monde, projection de films, voyages \u00e0 l\u2019\u00e9tranger, accueil d\u2019\u00e9tudiants \u00e9trangers, tous les moyens et toutes les comp\u00e9tences du r\u00e9seau sont mis \u00e0 profit pour que l\u2019\u00e9l\u00e8ve en tire le maximum de b\u00e9n\u00e9fices et prenne conscience qu\u2019il fait partie de la jeunesse du monde. \u00ab La dynamique engag\u00e9e depuis 2018 se prolonge et les \u00e9l\u00e8ves y sont pleinement associ\u00e9s \u00bb, affirme Christophe Cortes qui esp\u00e8re poursuivre les \u00e9changes d\u00e8s que la situation sanitaire le permettra, avec notamment pour objectif de finaliser un jumelage comparable \u00e0 celui \u00e9tabli entre des communes. Par ces actions, l\u2019Institut Saint- Joseph, \u00e0 travers un r\u00e9seau qui s\u2019inscrit dans son \u00e9poque actuelle, souhaite mettre les jeunes face aux enjeux de leur \u00e9poque et pr\u00e9pare les futurs citoyens \u00e0 en relever les d\u00e9fis.<\/li><\/ul>\n\n\n\n<figure class=\"wp-block-image size-large\"><img decoding=\"async\" width=\"768\" height=\"1024\" src=\"https:\/\/www.campusinternationaldonbosco.org\/wp-content\/uploads\/2020\/09\/Sept-2020-Presse-Campus-international-Don-Bosco-768x1024.jpg\" alt=\"\" class=\"wp-image-406\" srcset=\"https:\/\/www.campusinternationaldonbosco.org\/wp-content\/uploads\/2020\/09\/Sept-2020-Presse-Campus-international-Don-Bosco-768x1024.jpg 768w, https:\/\/www.campusinternationaldonbosco.org\/wp-content\/uploads\/2020\/09\/Sept-2020-Presse-Campus-international-Don-Bosco-225x300.jpg 225w, https:\/\/www.campusinternationaldonbosco.org\/wp-content\/uploads\/2020\/09\/Sept-2020-Presse-Campus-international-Don-Bosco-1152x1536.jpg 1152w, https:\/\/www.campusinternationaldonbosco.org\/wp-content\/uploads\/2020\/09\/Sept-2020-Presse-Campus-international-Don-Bosco.jpg 1200w\" sizes=\"(max-width: 768px) 100vw, 768px\" \/><\/figure>","protected":false},"excerpt":{"rendered":"<p>Le 3 septembre dernier, l&rsquo;institution La Navarre a sign\u00e9 devant la Presse la charte du Label Campus International Don Bosco en pr\u00e9sence de Jean-Marie Petitclerc, pr\u00e9sident de la Fondation La Navarre. Le coll\u00e8ge de La Navarre labellis\u00e9 Var-Matin (Grand Toulon) &#8211; 8 Septembre 2020 Y. S.(Photo Y. S.)Le \u201cCampus International Don Bosco\u201d est un label [&hellip;]<\/p>\n","protected":false},"author":4,"featured_media":308,"comment_status":"open","ping_status":"open","sticky":false,"template":"","format":"standard","meta":{"footnotes":"","_links_to":"","_links_to_target":""},"categories":[1],"tags":[],"class_list":["post-404","post","type-post","status-publish","format-standard","has-post-thumbnail","hentry","category-actualites-generales"],"_links":{"self":[{"href":"https:\/\/www.campusinternationaldonbosco.org\/en\/wp-json\/wp\/v2\/posts\/404","targetHints":{"allow":["GET"]}}],"collection":[{"href":"https:\/\/www.campusinternationaldonbosco.org\/en\/wp-json\/wp\/v2\/posts"}],"about":[{"href":"https:\/\/www.campusinternationaldonbosco.org\/en\/wp-json\/wp\/v2\/types\/post"}],"author":[{"embeddable":true,"href":"https:\/\/www.campusinternationaldonbosco.org\/en\/wp-json\/wp\/v2\/users\/4"}],"replies":[{"embeddable":true,"href":"https:\/\/www.campusinternationaldonbosco.org\/en\/wp-json\/wp\/v2\/comments?post=404"}],"version-history":[{"count":3,"href":"https:\/\/www.campusinternationaldonbosco.org\/en\/wp-json\/wp\/v2\/posts\/404\/revisions"}],"predecessor-version":[{"id":408,"href":"https:\/\/www.campusinternationaldonbosco.org\/en\/wp-json\/wp\/v2\/posts\/404\/revisions\/408"}],"wp:featuredmedia":[{"embeddable":true,"href":"https:\/\/www.campusinternationaldonbosco.org\/en\/wp-json\/wp\/v2\/media\/308"}],"wp:attachment":[{"href":"https:\/\/www.campusinternationaldonbosco.org\/en\/wp-json\/wp\/v2\/media?parent=404"}],"wp:term":[{"taxonomy":"category","embeddable":true,"href":"https:\/\/www.campusinternationaldonbosco.org\/en\/wp-json\/wp\/v2\/categories?post=404"},{"taxonomy":"post_tag","embeddable":true,"href":"https:\/\/www.campusinternationaldonbosco.org\/en\/wp-json\/wp\/v2\/tags?post=404"}],"curies":[{"name":"wp","href":"https:\/\/api.w.org\/{rel}","templated":true}]}}