{"id":3196,"date":"2025-05-23T19:30:50","date_gmt":"2025-05-23T17:30:50","guid":{"rendered":"https:\/\/www.campusinternationaldonbosco.org\/?p=3196"},"modified":"2026-01-16T13:46:37","modified_gmt":"2026-01-16T12:46:37","slug":"don-bosco-saint-cyr-sur-mer-a-seville-une-immersion-linguistique-et-culturelle-enrichissante-pour-les-eleves-de-cinquieme-b-19-23-mai-2025","status":"publish","type":"post","link":"https:\/\/www.campusinternationaldonbosco.org\/en\/2025\/05\/23\/don-bosco-saint-cyr-sur-mer-a-seville-une-immersion-linguistique-et-culturelle-enrichissante-pour-les-eleves-de-cinquieme-b-19-23-mai-2025\/","title":{"rendered":"Don Bosco Saint Cyr sur Mer \u00e0 S\u00e9ville : une immersion linguistique et culturelle enrichissante pour les \u00e9l\u00e8ves de cinqui\u00e8me B (19\u201323 mai 2025)"},"content":{"rendered":"<p>Du 19 au 23 mai 2025, les \u00e9l\u00e8ves de cinqui\u00e8me ont v\u00e9cu une mobilit\u00e9 Erasmus+ \u00e0 S\u00e9ville, une immersion linguistique et culturelle centr\u00e9e sur les \u00e9changes interculturels et la d\u00e9couverte des traditions franco-espagnoles. Au c\u0153ur de cette exp\u00e9rience, les rencontres avec leurs correspondants espagnols ont permis des discussions enrichissantes sur les coutumes et traditions des deux pays, avec une attention particuli\u00e8re port\u00e9e sur les pratiques culinaires : d\u00e9gustation de tapas, d\u00e9couverte des horaires de repas espagnols, ou encore comparaison des sp\u00e9cialit\u00e9s locales avec la gastronomie fran\u00e7aise. Ces \u00e9changes ont non seulement approfondi leur compr\u00e9hension mutuelle, mais aussi renforc\u00e9 leur ouverture d\u2019esprit et leur adaptabilit\u00e9. Les ateliers collaboratifs et les activit\u00e9s quotidiennes en espagnol ont, quant \u00e0 eux, consolid\u00e9 leurs comp\u00e9tences linguistiques et leur confiance \u00e0 l\u2019oral. \u00c0 leur retour, les \u00e9l\u00e8ves ont exprim\u00e9 un enthousiasme accru pour l\u2019apprentissage des langues et une fiert\u00e9 de partager ces nouvelles connaissances culturelles, faisant de cette mobilit\u00e9 une exp\u00e9rience \u00e0 la fois formatrice et inoubliable.<\/p>\n\n\n\n<figure class=\"wp-block-image\"><img fetchpriority=\"high\" decoding=\"async\" width=\"1440\" height=\"2560\" src=\"https:\/\/www.campusinternationaldonbosco.org\/wp-content\/uploads\/2025\/12\/20251221_1923211-scaled.jpg\" alt=\"\" class=\"wp-image-3199\" srcset=\"https:\/\/www.campusinternationaldonbosco.org\/wp-content\/uploads\/2025\/12\/20251221_1923211-scaled.jpg 1440w, https:\/\/www.campusinternationaldonbosco.org\/wp-content\/uploads\/2025\/12\/20251221_1923211-169x300.jpg 169w, https:\/\/www.campusinternationaldonbosco.org\/wp-content\/uploads\/2025\/12\/20251221_1923211-576x1024.jpg 576w, https:\/\/www.campusinternationaldonbosco.org\/wp-content\/uploads\/2025\/12\/20251221_1923211-768x1365.jpg 768w, https:\/\/www.campusinternationaldonbosco.org\/wp-content\/uploads\/2025\/12\/20251221_1923211-864x1536.jpg 864w, https:\/\/www.campusinternationaldonbosco.org\/wp-content\/uploads\/2025\/12\/20251221_1923211-1152x2048.jpg 1152w, https:\/\/www.campusinternationaldonbosco.org\/wp-content\/uploads\/2025\/12\/20251221_1923211-7x12.jpg 7w\" sizes=\"(max-width: 1440px) 100vw, 1440px\" \/><\/figure>","protected":false},"excerpt":{"rendered":"<p>Du 19 au 23 mai 2025, les \u00e9l\u00e8ves de cinqui\u00e8me ont v\u00e9cu une mobilit\u00e9 Erasmus+ \u00e0 S\u00e9ville, une immersion linguistique et culturelle centr\u00e9e sur les \u00e9changes interculturels et la d\u00e9couverte des traditions franco-espagnoles. Au c\u0153ur de cette exp\u00e9rience, les rencontres avec leurs correspondants espagnols ont permis des discussions enrichissantes sur les coutumes et traditions des [&hellip;]<\/p>\n","protected":false},"author":63,"featured_media":3199,"comment_status":"closed","ping_status":"closed","sticky":false,"template":"","format":"standard","meta":{"footnotes":"","_links_to":"","_links_to_target":""},"categories":[27],"tags":[],"class_list":["post-3196","post","type-post","status-publish","format-standard","has-post-thumbnail","hentry","category-institution-don-bosco-saint-cyr-sur-mer"],"_links":{"self":[{"href":"https:\/\/www.campusinternationaldonbosco.org\/en\/wp-json\/wp\/v2\/posts\/3196","targetHints":{"allow":["GET"]}}],"collection":[{"href":"https:\/\/www.campusinternationaldonbosco.org\/en\/wp-json\/wp\/v2\/posts"}],"about":[{"href":"https:\/\/www.campusinternationaldonbosco.org\/en\/wp-json\/wp\/v2\/types\/post"}],"author":[{"embeddable":true,"href":"https:\/\/www.campusinternationaldonbosco.org\/en\/wp-json\/wp\/v2\/users\/63"}],"replies":[{"embeddable":true,"href":"https:\/\/www.campusinternationaldonbosco.org\/en\/wp-json\/wp\/v2\/comments?post=3196"}],"version-history":[{"count":2,"href":"https:\/\/www.campusinternationaldonbosco.org\/en\/wp-json\/wp\/v2\/posts\/3196\/revisions"}],"predecessor-version":[{"id":3200,"href":"https:\/\/www.campusinternationaldonbosco.org\/en\/wp-json\/wp\/v2\/posts\/3196\/revisions\/3200"}],"wp:featuredmedia":[{"embeddable":true,"href":"https:\/\/www.campusinternationaldonbosco.org\/en\/wp-json\/wp\/v2\/media\/3199"}],"wp:attachment":[{"href":"https:\/\/www.campusinternationaldonbosco.org\/en\/wp-json\/wp\/v2\/media?parent=3196"}],"wp:term":[{"taxonomy":"category","embeddable":true,"href":"https:\/\/www.campusinternationaldonbosco.org\/en\/wp-json\/wp\/v2\/categories?post=3196"},{"taxonomy":"post_tag","embeddable":true,"href":"https:\/\/www.campusinternationaldonbosco.org\/en\/wp-json\/wp\/v2\/tags?post=3196"}],"curies":[{"name":"wp","href":"https:\/\/api.w.org\/{rel}","templated":true}]}}