{"id":3179,"date":"2025-12-15T17:05:43","date_gmt":"2025-12-15T16:05:43","guid":{"rendered":"https:\/\/www.campusinternationaldonbosco.org\/?p=3179"},"modified":"2026-02-17T17:52:10","modified_gmt":"2026-02-17T16:52:10","slug":"estic-mobilite-longue-duree","status":"publish","type":"post","link":"https:\/\/www.campusinternationaldonbosco.org\/en\/2025\/12\/15\/estic-mobilite-longue-duree\/","title":{"rendered":"ESTIC : Mobilit\u00e9 longue dur\u00e9e"},"content":{"rendered":"<figure class=\"wp-block-image size-large\"><img fetchpriority=\"high\" decoding=\"async\" width=\"1152\" height=\"864\" src=\"https:\/\/www.campusinternationaldonbosco.org\/wp-content\/uploads\/2025\/12\/1-edited.jpg\" alt=\"\" class=\"wp-image-3181\" srcset=\"https:\/\/www.campusinternationaldonbosco.org\/wp-content\/uploads\/2025\/12\/1-edited.jpg 1152w, https:\/\/www.campusinternationaldonbosco.org\/wp-content\/uploads\/2025\/12\/1-edited-300x225.jpg 300w, https:\/\/www.campusinternationaldonbosco.org\/wp-content\/uploads\/2025\/12\/1-edited-1024x768.jpg 1024w, https:\/\/www.campusinternationaldonbosco.org\/wp-content\/uploads\/2025\/12\/1-edited-768x576.jpg 768w, https:\/\/www.campusinternationaldonbosco.org\/wp-content\/uploads\/2025\/12\/1-edited-16x12.jpg 16w\" sizes=\"(max-width: 1152px) 100vw, 1152px\" \/><\/figure>\n\n\n\n<pre class=\"wp-block-preformatted\">Le 4 septembre, Nerea arrivait de son \u00e9tablissement sal\u00e9sien Sant Joan Bosco de Barcelone pour une aventure de 3 mois \u00e0 Saint Dizier. Gr\u00e2ce au programme Erasmus+ de l'Union Europ\u00e9enne (Action Cl\u00e9 AC1 Mobilit\u00e9 des Apprenants), et dans le cadre du r\u00e9seau sal\u00e9sien de Don Bosco, Nerea a v\u00e9cu une immersion compl\u00e8te dans une famille d'accueil et a int\u00e9gr\u00e9 une classe de seconde g\u00e9n\u00e9rale et technologique de l'ESTIC.<br>Trois mois sont pass\u00e9s, et elle a d\u00fb repartir, riche de cette exp\u00e9rience internationale.<br><br>Dans quelques semaines, c\u2019est au tour d\u2019Az\u00e9lie de faire le chemin vers Barcelone pour une immersion de 3 mois. Cette mobilit\u00e9 se fait \u00e9galement dans le cadre du consortium \"Campus don bosco on the move\", un partenariat du r\u00e9seau sal\u00e9sien de Don Bosco. Elle va ainsi s'immerger dans une nouvelle vie au rythme espagnol.<br><br>Pour la pr\u00e9parer \u00e0 cette nouvelle \u00e9tape, toute l\u2019\u00e9quipe s\u2019est mobilis\u00e9e pour la familiariser aux r\u00e9alit\u00e9s des langues espagnoles et catalanes, mais aussi au rythme scolaire et aux habitudes de vie locales. Son s\u00e9rieux, sa volont\u00e9 et de nombreux points communs avec Nerea lui ont permis d\u2019\u00eatre choisie pour vivre cette exp\u00e9rience.<br><br>Une aventure \u00e0 suivre !<\/pre>\n\n\n\n<p><\/p>","protected":false},"excerpt":{"rendered":"<p>Le 4 septembre, Nerea arrivait de son \u00e9tablissement sal\u00e9sien Sant Joan Bosco de Barcelone pour une aventure de 3 mois \u00e0 Saint Dizier. Gr\u00e2ce au programme Erasmus+ de l&rsquo;Union Europ\u00e9enne (Action Cl\u00e9 AC1 Mobilit\u00e9 des Apprenants), et dans le cadre du r\u00e9seau sal\u00e9sien de Don Bosco, Nerea a v\u00e9cu une immersion compl\u00e8te dans une famille [&hellip;]<\/p>\n","protected":false},"author":88,"featured_media":3180,"comment_status":"closed","ping_status":"closed","sticky":false,"template":"","format":"standard","meta":{"footnotes":"","_links_to":"","_links_to_target":""},"categories":[34,43],"tags":[],"class_list":["post-3179","post","type-post","status-publish","format-standard","has-post-thumbnail","hentry","category-actualites-du-consortium-salesien","category-estic-st-dizier"],"_links":{"self":[{"href":"https:\/\/www.campusinternationaldonbosco.org\/en\/wp-json\/wp\/v2\/posts\/3179","targetHints":{"allow":["GET"]}}],"collection":[{"href":"https:\/\/www.campusinternationaldonbosco.org\/en\/wp-json\/wp\/v2\/posts"}],"about":[{"href":"https:\/\/www.campusinternationaldonbosco.org\/en\/wp-json\/wp\/v2\/types\/post"}],"author":[{"embeddable":true,"href":"https:\/\/www.campusinternationaldonbosco.org\/en\/wp-json\/wp\/v2\/users\/88"}],"replies":[{"embeddable":true,"href":"https:\/\/www.campusinternationaldonbosco.org\/en\/wp-json\/wp\/v2\/comments?post=3179"}],"version-history":[{"count":2,"href":"https:\/\/www.campusinternationaldonbosco.org\/en\/wp-json\/wp\/v2\/posts\/3179\/revisions"}],"predecessor-version":[{"id":3184,"href":"https:\/\/www.campusinternationaldonbosco.org\/en\/wp-json\/wp\/v2\/posts\/3179\/revisions\/3184"}],"wp:featuredmedia":[{"embeddable":true,"href":"https:\/\/www.campusinternationaldonbosco.org\/en\/wp-json\/wp\/v2\/media\/3180"}],"wp:attachment":[{"href":"https:\/\/www.campusinternationaldonbosco.org\/en\/wp-json\/wp\/v2\/media?parent=3179"}],"wp:term":[{"taxonomy":"category","embeddable":true,"href":"https:\/\/www.campusinternationaldonbosco.org\/en\/wp-json\/wp\/v2\/categories?post=3179"},{"taxonomy":"post_tag","embeddable":true,"href":"https:\/\/www.campusinternationaldonbosco.org\/en\/wp-json\/wp\/v2\/tags?post=3179"}],"curies":[{"name":"wp","href":"https:\/\/api.w.org\/{rel}","templated":true}]}}