{"id":3155,"date":"2025-07-28T12:17:00","date_gmt":"2025-07-28T10:17:00","guid":{"rendered":"https:\/\/www.campusinternationaldonbosco.org\/?p=3155"},"modified":"2025-12-14T20:25:12","modified_gmt":"2025-12-14T19:25:12","slug":"erasmus-la-team-de-nazareth-nice-a-dublin","status":"publish","type":"post","link":"https:\/\/www.campusinternationaldonbosco.org\/en\/2025\/07\/28\/erasmus-la-team-de-nazareth-nice-a-dublin\/","title":{"rendered":"ERASMUS +\u00a0\u00a0\u00a0 La team de Nazareth Nice \u00e0 Dublin"},"content":{"rendered":"<p><\/p>\n\n\n\n<p>Du 13 au 20 juillet 2025, sept membres du personnel OGEC de Nazareth Nice ont eu la chance de participer \u00e0 une mobilit\u00e9 pour am\u00e9liorer leur niveau d\u2019anglais. Cette formation a \u00e9t\u00e9 financ\u00e9e par le programme Erasmus + de l\u2019Union europ\u00e9enne.<\/p>\n\n\n\n<p>D\u00e9s le premier jour, notre centre de formation, Europass Teacher Academy a su briser la glace en organisant en anglais une activit\u00e9 culinaire.<\/p>\n\n\n\n<p>Chaque groupe a apport\u00e9 une sp\u00e9cialit\u00e9 r\u00e9gionale afin de faire d\u00e9couvrir aux autres des saveurs nouvelles. Nous avons ainsi pu d\u00e9guster des plats de diff\u00e9rents pays europ\u00e9ens dont la Gr\u00e8ce, l \u2019 Italie, la Slov\u00e9nie, l\u2019Espagne, le Portugal et bien d\u2019autres. A travers cet \u00e9change gustatif, qui nous a pouss\u00e9 \u00e0 communiquer avec les autres, nous avons pu imm\u00e9diatement tester notre niveau d\u2019anglais.<\/p>\n\n\n\n<p>Par la suite, nos journ\u00e9es \u00e9taient rythm\u00e9es par des r\u00e9visions de grammaire et de conjugaison ainsi que des travaux de groupe qui favorisaient l\u2019expression orale.<\/p>\n\n\n\n<p>Ces \u00e9changes nous ont permis de d\u00e9couvrir le fonctionnement du syst\u00e8me scolaire dans d\u2019autres pays europ\u00e9ens tel que l\u2019Italie ou l\u2019Espagne. Ce qui nous a men\u00e9 \u00e0 nous questionner et \u00e0 r\u00e9fl\u00e9chir sur les m\u00e9thodes appliqu\u00e9es chez nous.<\/p>\n\n\n\n<p>Nous avons aussi d\u00e9battu sur la place de l\u2019IA dans notre quotidien et celui de nos jeunes. Nous avons dialogu\u00e9 sur les diff\u00e9rentes probl\u00e9matiques que chacun peut rencontrer au sein de son \u00e9tablissement. Tous ces \u00e9changes nous ont permis d\u2019approfondir nos connaissances en anglais et d\u2019enrichir notre vocabulaire.<\/p>\n\n\n\n<p>Cette semaine Erasmus + a \u00e9t\u00e9 une belle aventure sur le plan humain et culturel.&nbsp; Cette exp\u00e9rience nous a permis de renforcer notre sentiment d\u2019appartenance europ\u00e9enne. Nous avons d\u00e9couvert nos coll\u00e8gues en dehors du cadre professionnel. Ce qui a cr\u00e9\u00e9 de v\u00e9ritables liens.<\/p>\n\n\n\n<figure class=\"wp-block-image size-large\"><img fetchpriority=\"high\" decoding=\"async\" width=\"1024\" height=\"768\" src=\"https:\/\/www.campusinternationaldonbosco.org\/wp-content\/uploads\/2025\/12\/PHOTO-2025-12-05-10-02-01-003-1024x768.jpg\" alt=\"\" class=\"wp-image-3156\" srcset=\"https:\/\/www.campusinternationaldonbosco.org\/wp-content\/uploads\/2025\/12\/PHOTO-2025-12-05-10-02-01-003-1024x768.jpg 1024w, https:\/\/www.campusinternationaldonbosco.org\/wp-content\/uploads\/2025\/12\/PHOTO-2025-12-05-10-02-01-003-300x225.jpg 300w, https:\/\/www.campusinternationaldonbosco.org\/wp-content\/uploads\/2025\/12\/PHOTO-2025-12-05-10-02-01-003-768x576.jpg 768w, https:\/\/www.campusinternationaldonbosco.org\/wp-content\/uploads\/2025\/12\/PHOTO-2025-12-05-10-02-01-003-1536x1152.jpg 1536w, https:\/\/www.campusinternationaldonbosco.org\/wp-content\/uploads\/2025\/12\/PHOTO-2025-12-05-10-02-01-003-16x12.jpg 16w, https:\/\/www.campusinternationaldonbosco.org\/wp-content\/uploads\/2025\/12\/PHOTO-2025-12-05-10-02-01-003.jpg 1600w\" sizes=\"(max-width: 1024px) 100vw, 1024px\" \/><\/figure>\n\n\n\n<figure class=\"wp-block-image size-large\"><img decoding=\"async\" width=\"768\" height=\"1024\" src=\"https:\/\/www.campusinternationaldonbosco.org\/wp-content\/uploads\/2025\/12\/PHOTO-2025-12-05-10-02-01-005-768x1024.jpg\" alt=\"\" class=\"wp-image-3157\" srcset=\"https:\/\/www.campusinternationaldonbosco.org\/wp-content\/uploads\/2025\/12\/PHOTO-2025-12-05-10-02-01-005-768x1024.jpg 768w, https:\/\/www.campusinternationaldonbosco.org\/wp-content\/uploads\/2025\/12\/PHOTO-2025-12-05-10-02-01-005-225x300.jpg 225w, https:\/\/www.campusinternationaldonbosco.org\/wp-content\/uploads\/2025\/12\/PHOTO-2025-12-05-10-02-01-005-1152x1536.jpg 1152w, https:\/\/www.campusinternationaldonbosco.org\/wp-content\/uploads\/2025\/12\/PHOTO-2025-12-05-10-02-01-005-9x12.jpg 9w, https:\/\/www.campusinternationaldonbosco.org\/wp-content\/uploads\/2025\/12\/PHOTO-2025-12-05-10-02-01-005.jpg 1200w\" sizes=\"(max-width: 768px) 100vw, 768px\" \/><\/figure>\n\n\n\n<figure class=\"wp-block-image size-large\"><img decoding=\"async\" width=\"1024\" height=\"768\" src=\"https:\/\/www.campusinternationaldonbosco.org\/wp-content\/uploads\/2025\/12\/PHOTO-2025-12-05-10-02-01-1024x768.jpg\" alt=\"\" class=\"wp-image-3158\" srcset=\"https:\/\/www.campusinternationaldonbosco.org\/wp-content\/uploads\/2025\/12\/PHOTO-2025-12-05-10-02-01-1024x768.jpg 1024w, https:\/\/www.campusinternationaldonbosco.org\/wp-content\/uploads\/2025\/12\/PHOTO-2025-12-05-10-02-01-300x225.jpg 300w, https:\/\/www.campusinternationaldonbosco.org\/wp-content\/uploads\/2025\/12\/PHOTO-2025-12-05-10-02-01-768x576.jpg 768w, https:\/\/www.campusinternationaldonbosco.org\/wp-content\/uploads\/2025\/12\/PHOTO-2025-12-05-10-02-01-1536x1152.jpg 1536w, https:\/\/www.campusinternationaldonbosco.org\/wp-content\/uploads\/2025\/12\/PHOTO-2025-12-05-10-02-01-16x12.jpg 16w, https:\/\/www.campusinternationaldonbosco.org\/wp-content\/uploads\/2025\/12\/PHOTO-2025-12-05-10-02-01.jpg 1600w\" sizes=\"(max-width: 1024px) 100vw, 1024px\" \/><\/figure>\n\n\n\n<figure class=\"wp-block-image size-large\"><img loading=\"lazy\" decoding=\"async\" width=\"1024\" height=\"121\" src=\"https:\/\/www.campusinternationaldonbosco.org\/wp-content\/uploads\/2025\/10\/Capture-decran-2025-10-29-183857-1024x121.png\" alt=\"\" class=\"wp-image-2862\" srcset=\"https:\/\/www.campusinternationaldonbosco.org\/wp-content\/uploads\/2025\/10\/Capture-decran-2025-10-29-183857-1024x121.png 1024w, https:\/\/www.campusinternationaldonbosco.org\/wp-content\/uploads\/2025\/10\/Capture-decran-2025-10-29-183857-300x35.png 300w, https:\/\/www.campusinternationaldonbosco.org\/wp-content\/uploads\/2025\/10\/Capture-decran-2025-10-29-183857-768x91.png 768w, https:\/\/www.campusinternationaldonbosco.org\/wp-content\/uploads\/2025\/10\/Capture-decran-2025-10-29-183857-18x2.png 18w, https:\/\/www.campusinternationaldonbosco.org\/wp-content\/uploads\/2025\/10\/Capture-decran-2025-10-29-183857.png 1480w\" sizes=\"(max-width: 1024px) 100vw, 1024px\" \/><\/figure>\n\n\n\n<figure class=\"wp-block-image size-large\"><img loading=\"lazy\" decoding=\"async\" width=\"1024\" height=\"86\" src=\"https:\/\/www.campusinternationaldonbosco.org\/wp-content\/uploads\/2025\/11\/Capture-decran-2025-11-27-190253-1024x86.png\" alt=\"\" class=\"wp-image-2921\" srcset=\"https:\/\/www.campusinternationaldonbosco.org\/wp-content\/uploads\/2025\/11\/Capture-decran-2025-11-27-190253-1024x86.png 1024w, https:\/\/www.campusinternationaldonbosco.org\/wp-content\/uploads\/2025\/11\/Capture-decran-2025-11-27-190253-300x25.png 300w, https:\/\/www.campusinternationaldonbosco.org\/wp-content\/uploads\/2025\/11\/Capture-decran-2025-11-27-190253-768x64.png 768w, https:\/\/www.campusinternationaldonbosco.org\/wp-content\/uploads\/2025\/11\/Capture-decran-2025-11-27-190253-18x2.png 18w, https:\/\/www.campusinternationaldonbosco.org\/wp-content\/uploads\/2025\/11\/Capture-decran-2025-11-27-190253.png 1111w\" sizes=\"(max-width: 1024px) 100vw, 1024px\" \/><\/figure>","protected":false},"excerpt":{"rendered":"<p>Du 13 au 20 juillet 2025, sept membres du personnel OGEC de Nazareth Nice ont eu la chance de participer \u00e0 une mobilit\u00e9 pour am\u00e9liorer leur niveau d\u2019anglais. Cette formation a \u00e9t\u00e9 financ\u00e9e par le programme Erasmus + de l\u2019Union europ\u00e9enne. D\u00e9s le premier jour, notre centre de formation, Europass Teacher Academy a su briser [&hellip;]<\/p>\n","protected":false},"author":95,"featured_media":3158,"comment_status":"closed","ping_status":"closed","sticky":false,"template":"","format":"standard","meta":{"footnotes":"","_links_to":"","_links_to_target":""},"categories":[34,40,1],"tags":[],"class_list":["post-3155","post","type-post","status-publish","format-standard","has-post-thumbnail","hentry","category-actualites-du-consortium-salesien","category-institution-nice-nazareth-nice","category-actualites-generales"],"_links":{"self":[{"href":"https:\/\/www.campusinternationaldonbosco.org\/en\/wp-json\/wp\/v2\/posts\/3155","targetHints":{"allow":["GET"]}}],"collection":[{"href":"https:\/\/www.campusinternationaldonbosco.org\/en\/wp-json\/wp\/v2\/posts"}],"about":[{"href":"https:\/\/www.campusinternationaldonbosco.org\/en\/wp-json\/wp\/v2\/types\/post"}],"author":[{"embeddable":true,"href":"https:\/\/www.campusinternationaldonbosco.org\/en\/wp-json\/wp\/v2\/users\/95"}],"replies":[{"embeddable":true,"href":"https:\/\/www.campusinternationaldonbosco.org\/en\/wp-json\/wp\/v2\/comments?post=3155"}],"version-history":[{"count":3,"href":"https:\/\/www.campusinternationaldonbosco.org\/en\/wp-json\/wp\/v2\/posts\/3155\/revisions"}],"predecessor-version":[{"id":3176,"href":"https:\/\/www.campusinternationaldonbosco.org\/en\/wp-json\/wp\/v2\/posts\/3155\/revisions\/3176"}],"wp:featuredmedia":[{"embeddable":true,"href":"https:\/\/www.campusinternationaldonbosco.org\/en\/wp-json\/wp\/v2\/media\/3158"}],"wp:attachment":[{"href":"https:\/\/www.campusinternationaldonbosco.org\/en\/wp-json\/wp\/v2\/media?parent=3155"}],"wp:term":[{"taxonomy":"category","embeddable":true,"href":"https:\/\/www.campusinternationaldonbosco.org\/en\/wp-json\/wp\/v2\/categories?post=3155"},{"taxonomy":"post_tag","embeddable":true,"href":"https:\/\/www.campusinternationaldonbosco.org\/en\/wp-json\/wp\/v2\/tags?post=3155"}],"curies":[{"name":"wp","href":"https:\/\/api.w.org\/{rel}","templated":true}]}}