{"id":3143,"date":"2025-07-28T12:09:32","date_gmt":"2025-07-28T10:09:32","guid":{"rendered":"https:\/\/www.campusinternationaldonbosco.org\/?p=3143"},"modified":"2025-12-14T20:31:58","modified_gmt":"2025-12-14T19:31:58","slug":"notre-sejour-erasmus-a-dublin-une-experience-inoubliable","status":"publish","type":"post","link":"https:\/\/www.campusinternationaldonbosco.org\/en\/2025\/07\/28\/notre-sejour-erasmus-a-dublin-une-experience-inoubliable\/","title":{"rendered":"Notre s\u00e9jour Erasmus \u00e0 Dublin : une exp\u00e9rience inoubliable"},"content":{"rendered":"<p>Du 11 au 20 juillet 2025, des enseignants du primaire et du coll\u00e8ge, des membres du personnel de l\u2019\u00e9tablissement de l\u2019institution Nazareth Nice ( 18 personnes en tout) ont &nbsp;eu la chance de participer \u00e0 des cours et des formations financ\u00e9s par le programme Erasmus+, \u00e0 Dublin dans le cadre d\u2019un projet linguistique dans notre \u00e9cole. Ce s\u00e9jour a \u00e9t\u00e9 pour nous une exp\u00e9rience aussi enrichissante sur le plan professionnel que personnel.<\/p>\n\n\n\n<p>Tout au long de la semaine, nous avons suivi une formation intensive en anglais, rythm\u00e9e par des ateliers, des mises en situation et des \u00e9changes avec nos coll\u00e8gues \u00e9trangers. Cette immersion totale nous a permis de progresser rapidement, de gagner en aisance \u00e0 l\u2019oral et de mieux comprendre les subtilit\u00e9s de la langue.<\/p>\n\n\n\n<p>L\u2019un des aspects les plus marquants de cette mobilit\u00e9 a \u00e9t\u00e9 la diversit\u00e9 du groupe d\u2019une centaine de participants. Nous avons collabor\u00e9 avec des coll\u00e8gues venus de Pologne, de Hongrie, d\u2019Allemagne, d\u2019Italie, d\u2019Espagne, du Portugal, de Roumanie et d\u2019autres pays europ\u00e9ens. Travailler ensemble sur des projets, \u00e9changer sur nos pratiques p\u00e9dagogiques et comparer nos syst\u00e8mes \u00e9ducatifs nous a permis d\u2019\u00e9largir notre vision de l\u2019enseignement.<\/p>\n\n\n\n<p>Un membre du groupe a rapport\u00e9 ces quelques propos \u00ab Ce s\u00e9jour m\u2019a rappel\u00e9 \u00e0 quel point l\u2019\u00e9ducation est un projet collectif, au-del\u00e0 des fronti\u00e8res. Revenir avec de nouvelles id\u00e9es, mais aussi avec de nouvelles amiti\u00e9s professionnelles, est pour moi la plus belle r\u00e9ussite de cette mobilit\u00e9. \u00bb<\/p>\n\n\n\n<p>En effet, nous avons pris contact avec des enseignants d\u2019autres pays europ\u00e9ens pour pouvoir continuer cet \u00e9change et faire correspondre nos classes. Nous avons aussi \u00e9chang\u00e9 par mail avec des enseignants d\u2019autres villes en France.&nbsp;<\/p>\n\n\n\n<p>Dans notre \u00e9tablissement, le fait d\u2019avoir v\u00e9cu cette exp\u00e9rience ensemble \u00e0 renforcer les liens de notre \u00e9quipe. D\u00e9sormais, nous nous croisons avec beaucoup plus de sympathie. Nous \u00e9laborons ensemble des projets communs comme celui de continuer les cours d\u2019anglais en petits groupes m\u00e9lang\u00e9s chaque semaine.<\/p>\n\n\n\n<p>Les enseignants se sentent d\u00e9sormais plus \u00e0 l\u2019aise pour s\u2019exprimer en anglais durant leur cours d\u2019anglais, ils peuvent m\u00eame mener des entretiens en anglais avec les parents allophones, ce qui permet une meilleure communication et ouverture vers les autres.&nbsp;<\/p>\n\n\n\n<figure class=\"wp-block-image size-large\"><img fetchpriority=\"high\" decoding=\"async\" width=\"1024\" height=\"768\" src=\"https:\/\/www.campusinternationaldonbosco.org\/wp-content\/uploads\/2025\/12\/1765375761694-1024x768.jpeg\" alt=\"\" class=\"wp-image-3144\" srcset=\"https:\/\/www.campusinternationaldonbosco.org\/wp-content\/uploads\/2025\/12\/1765375761694-1024x768.jpeg 1024w, https:\/\/www.campusinternationaldonbosco.org\/wp-content\/uploads\/2025\/12\/1765375761694-300x225.jpeg 300w, https:\/\/www.campusinternationaldonbosco.org\/wp-content\/uploads\/2025\/12\/1765375761694-768x576.jpeg 768w, https:\/\/www.campusinternationaldonbosco.org\/wp-content\/uploads\/2025\/12\/1765375761694-1536x1152.jpeg 1536w, https:\/\/www.campusinternationaldonbosco.org\/wp-content\/uploads\/2025\/12\/1765375761694-16x12.jpeg 16w, https:\/\/www.campusinternationaldonbosco.org\/wp-content\/uploads\/2025\/12\/1765375761694.jpeg 1600w\" sizes=\"(max-width: 1024px) 100vw, 1024px\" \/><\/figure>\n\n\n\n<figure class=\"wp-block-image size-full\"><img decoding=\"async\" width=\"828\" height=\"544\" src=\"https:\/\/www.campusinternationaldonbosco.org\/wp-content\/uploads\/2025\/12\/1765375810801.jpeg\" alt=\"\" class=\"wp-image-3145\" srcset=\"https:\/\/www.campusinternationaldonbosco.org\/wp-content\/uploads\/2025\/12\/1765375810801.jpeg 828w, https:\/\/www.campusinternationaldonbosco.org\/wp-content\/uploads\/2025\/12\/1765375810801-300x197.jpeg 300w, https:\/\/www.campusinternationaldonbosco.org\/wp-content\/uploads\/2025\/12\/1765375810801-768x505.jpeg 768w, https:\/\/www.campusinternationaldonbosco.org\/wp-content\/uploads\/2025\/12\/1765375810801-18x12.jpeg 18w\" sizes=\"(max-width: 828px) 100vw, 828px\" \/><\/figure>\n\n\n\n<figure class=\"wp-block-image size-full\"><img decoding=\"async\" width=\"828\" height=\"591\" src=\"https:\/\/www.campusinternationaldonbosco.org\/wp-content\/uploads\/2025\/12\/1765375800257.jpeg\" alt=\"\" class=\"wp-image-3146\" srcset=\"https:\/\/www.campusinternationaldonbosco.org\/wp-content\/uploads\/2025\/12\/1765375800257.jpeg 828w, https:\/\/www.campusinternationaldonbosco.org\/wp-content\/uploads\/2025\/12\/1765375800257-300x214.jpeg 300w, https:\/\/www.campusinternationaldonbosco.org\/wp-content\/uploads\/2025\/12\/1765375800257-768x548.jpeg 768w, https:\/\/www.campusinternationaldonbosco.org\/wp-content\/uploads\/2025\/12\/1765375800257-18x12.jpeg 18w\" sizes=\"(max-width: 828px) 100vw, 828px\" \/><\/figure>\n\n\n\n<figure class=\"wp-block-image size-large\"><img decoding=\"async\" src=\"https:\/\/www.campusinternationaldonbosco.org\/wp-content\/uploads\/2025\/12\/780a906c-c9aa-488e-9c44-0c9d702ade2d-768x1024.jpg\" alt=\"\" class=\"wp-image-3147\"\/><\/figure>\n\n\n\n<figure class=\"wp-block-image size-large\"><img loading=\"lazy\" decoding=\"async\" width=\"1024\" height=\"121\" src=\"https:\/\/www.campusinternationaldonbosco.org\/wp-content\/uploads\/2025\/10\/Capture-decran-2025-10-29-183857-1024x121.png\" alt=\"\" class=\"wp-image-2862\" srcset=\"https:\/\/www.campusinternationaldonbosco.org\/wp-content\/uploads\/2025\/10\/Capture-decran-2025-10-29-183857-1024x121.png 1024w, https:\/\/www.campusinternationaldonbosco.org\/wp-content\/uploads\/2025\/10\/Capture-decran-2025-10-29-183857-300x35.png 300w, https:\/\/www.campusinternationaldonbosco.org\/wp-content\/uploads\/2025\/10\/Capture-decran-2025-10-29-183857-768x91.png 768w, https:\/\/www.campusinternationaldonbosco.org\/wp-content\/uploads\/2025\/10\/Capture-decran-2025-10-29-183857-18x2.png 18w, https:\/\/www.campusinternationaldonbosco.org\/wp-content\/uploads\/2025\/10\/Capture-decran-2025-10-29-183857.png 1480w\" sizes=\"(max-width: 1024px) 100vw, 1024px\" \/><\/figure>\n\n\n\n<figure class=\"wp-block-image size-large\"><img loading=\"lazy\" decoding=\"async\" width=\"1024\" height=\"86\" src=\"https:\/\/www.campusinternationaldonbosco.org\/wp-content\/uploads\/2025\/11\/Capture-decran-2025-11-27-190253-1024x86.png\" alt=\"\" class=\"wp-image-2921\" srcset=\"https:\/\/www.campusinternationaldonbosco.org\/wp-content\/uploads\/2025\/11\/Capture-decran-2025-11-27-190253-1024x86.png 1024w, https:\/\/www.campusinternationaldonbosco.org\/wp-content\/uploads\/2025\/11\/Capture-decran-2025-11-27-190253-300x25.png 300w, https:\/\/www.campusinternationaldonbosco.org\/wp-content\/uploads\/2025\/11\/Capture-decran-2025-11-27-190253-768x64.png 768w, https:\/\/www.campusinternationaldonbosco.org\/wp-content\/uploads\/2025\/11\/Capture-decran-2025-11-27-190253-18x2.png 18w, https:\/\/www.campusinternationaldonbosco.org\/wp-content\/uploads\/2025\/11\/Capture-decran-2025-11-27-190253.png 1111w\" sizes=\"(max-width: 1024px) 100vw, 1024px\" \/><\/figure>","protected":false},"excerpt":{"rendered":"<p>Du 11 au 20 juillet 2025, des enseignants du primaire et du coll\u00e8ge, des membres du personnel de l\u2019\u00e9tablissement de l\u2019institution Nazareth Nice ( 18 personnes en tout) ont &nbsp;eu la chance de participer \u00e0 des cours et des formations financ\u00e9s par le programme Erasmus+, \u00e0 Dublin dans le cadre d\u2019un projet linguistique dans notre [&hellip;]<\/p>\n","protected":false},"author":95,"featured_media":3144,"comment_status":"closed","ping_status":"closed","sticky":false,"template":"","format":"standard","meta":{"footnotes":"","_links_to":"","_links_to_target":""},"categories":[40,1],"tags":[],"class_list":["post-3143","post","type-post","status-publish","format-standard","has-post-thumbnail","hentry","category-institution-nice-nazareth-nice","category-actualites-generales"],"_links":{"self":[{"href":"https:\/\/www.campusinternationaldonbosco.org\/en\/wp-json\/wp\/v2\/posts\/3143","targetHints":{"allow":["GET"]}}],"collection":[{"href":"https:\/\/www.campusinternationaldonbosco.org\/en\/wp-json\/wp\/v2\/posts"}],"about":[{"href":"https:\/\/www.campusinternationaldonbosco.org\/en\/wp-json\/wp\/v2\/types\/post"}],"author":[{"embeddable":true,"href":"https:\/\/www.campusinternationaldonbosco.org\/en\/wp-json\/wp\/v2\/users\/95"}],"replies":[{"embeddable":true,"href":"https:\/\/www.campusinternationaldonbosco.org\/en\/wp-json\/wp\/v2\/comments?post=3143"}],"version-history":[{"count":2,"href":"https:\/\/www.campusinternationaldonbosco.org\/en\/wp-json\/wp\/v2\/posts\/3143\/revisions"}],"predecessor-version":[{"id":3171,"href":"https:\/\/www.campusinternationaldonbosco.org\/en\/wp-json\/wp\/v2\/posts\/3143\/revisions\/3171"}],"wp:featuredmedia":[{"embeddable":true,"href":"https:\/\/www.campusinternationaldonbosco.org\/en\/wp-json\/wp\/v2\/media\/3144"}],"wp:attachment":[{"href":"https:\/\/www.campusinternationaldonbosco.org\/en\/wp-json\/wp\/v2\/media?parent=3143"}],"wp:term":[{"taxonomy":"category","embeddable":true,"href":"https:\/\/www.campusinternationaldonbosco.org\/en\/wp-json\/wp\/v2\/categories?post=3143"},{"taxonomy":"post_tag","embeddable":true,"href":"https:\/\/www.campusinternationaldonbosco.org\/en\/wp-json\/wp\/v2\/tags?post=3143"}],"curies":[{"name":"wp","href":"https:\/\/api.w.org\/{rel}","templated":true}]}}