{"id":3135,"date":"2025-07-28T12:05:55","date_gmt":"2025-07-28T10:05:55","guid":{"rendered":"https:\/\/www.campusinternationaldonbosco.org\/?p=3135"},"modified":"2025-12-14T20:33:26","modified_gmt":"2025-12-14T19:33:26","slug":"mobilite-nazareth-dublin-du-13-07-au-19-07-2025","status":"publish","type":"post","link":"https:\/\/www.campusinternationaldonbosco.org\/en\/2025\/07\/28\/mobilite-nazareth-dublin-du-13-07-au-19-07-2025\/","title":{"rendered":"Mobilit\u00e9 Nazareth \u2013 Dublin du 13\/07 au 19\/07\/2025"},"content":{"rendered":"<p>Cette ann\u00e9e 2025 a marqu\u00e9 notre entr\u00e9e dans le consortium Don Bosco in the move.<\/p>\n\n\n\n<p>La premi\u00e8re mobilit\u00e9 organis\u00e9e par notre \u00e9tablissement dans le cadre du programme Erasmus+ a marqu\u00e9 une \u00e9tape significative dans notre ouverture \u00e0 l\u2019Europe. Cette initiative a permis de faire conna\u00eetre Erasmus+ \u00e0 l\u2019ensemble de notre communaut\u00e9 \u00e9ducative, cr\u00e9ant une v\u00e9ritable dynamique collective.<\/p>\n\n\n\n<p>La proposition de suivre des formations en anglais \u00e0 Dublin, ouverte \u00e0 tous les membres de l\u2019\u00e9tablissement, a rencontr\u00e9 un franc succ\u00e8s : 18 participants issus de divers horizons (enseignants du primaire, professeurs du coll\u00e8ge, personnel OGEC) ont pris part \u00e0 ces mobilit\u00e9s. Ce large \u00e9ventail de profils a favoris\u00e9 une r\u00e9elle coh\u00e9sion de groupe, nourrie par un objectif commun : am\u00e9liorer les comp\u00e9tences linguistiques et p\u00e9dagogiques dans un contexte europ\u00e9en.<\/p>\n\n\n\n<p>Ces mobilit\u00e9s s\u2019inscrivent pleinement dans deux axes strat\u00e9giques de notre projet d\u2019\u00e9tablissement :<\/p>\n\n\n\n<ul class=\"wp-block-list\">\n<li>Le renforcement de l\u2019enseignement de l\u2019anglais d\u00e8s la maternelle, en coop\u00e9ration p\u00e9dagogique avec des stagiaires anglophones.<\/li>\n\n\n\n<li>L\u2019ouverture \u00e0 l\u2019international niveau 2 pour le coll\u00e8ge, affirmant ainsi notre volont\u00e9 de pr\u00e9parer nos \u00e9l\u00e8ves \u00e0 un monde globalis\u00e9.<\/li>\n<\/ul>\n\n\n\n<p>Au-del\u00e0 de la formation linguistique, cette exp\u00e9rience a permis aux participants de rencontrer d&rsquo;autres professionnels venus d\u2019Europe, favorisant une prise de conscience des similarit\u00e9s et des diff\u00e9rences dans les pratiques p\u00e9dagogiques, administratives et relationnelles. Ces \u00e9changes ont enrichi notre r\u00e9flexion sur nos propres pratiques et ouvert des perspectives nouvelles en mati\u00e8re de collaboration transnationale.<\/p>\n\n\n\n<p>Par ailleurs, ces mobilit\u00e9s ont encourag\u00e9 la volont\u00e9 de mettre en place de projets communs au sein de notre \u00e9tablissement, autour de th\u00e9matiques actuelles telles que le&nbsp; renforcement de l\u2019enseignement de l\u2019anglais et une r\u00e9elle r\u00e9flexion de l\u2019int\u00e9gration de l\u2019intelligence artificielle dans les usages p\u00e9dagogiques et administratifs.<\/p>\n\n\n\n<p>En conclusion, ces mobilit\u00e9s ont \u00e9t\u00e9 des exp\u00e9riences profond\u00e9ment enrichissantes sur le plan professionnel, humain et europ\u00e9en. Elles ont sem\u00e9 les graines d\u2019un engagement durable dans le programme Erasmus+ et d\u2019une volont\u00e9 collective de poursuivre d\u2019autres mobilit\u00e9s afin de continuer \u00e0 faire \u00e9voluer nos pratiques au contact de l\u2019Europe.<\/p>\n\n\n\n<figure class=\"wp-block-image size-large\"><img decoding=\"async\" src=\"https:\/\/www.campusinternationaldonbosco.org\/wp-content\/uploads\/2025\/12\/5fcade83-b17e-46c8-9758-1f5015560b27-3-1024x768.jpg\" alt=\"\" class=\"wp-image-3139\"\/><\/figure>\n\n\n\n<figure class=\"wp-block-image size-large\"><img decoding=\"async\" src=\"https:\/\/www.campusinternationaldonbosco.org\/wp-content\/uploads\/2025\/12\/d8493ce7-6068-4f45-a033-c8c8924f31be-3-768x1024.jpg\" alt=\"\" class=\"wp-image-3166\"\/><\/figure>\n\n\n\n<figure class=\"wp-block-image size-large\"><img fetchpriority=\"high\" decoding=\"async\" width=\"1024\" height=\"121\" src=\"https:\/\/www.campusinternationaldonbosco.org\/wp-content\/uploads\/2025\/10\/Capture-decran-2025-10-29-183857-1024x121.png\" alt=\"\" class=\"wp-image-2862\" srcset=\"https:\/\/www.campusinternationaldonbosco.org\/wp-content\/uploads\/2025\/10\/Capture-decran-2025-10-29-183857-1024x121.png 1024w, https:\/\/www.campusinternationaldonbosco.org\/wp-content\/uploads\/2025\/10\/Capture-decran-2025-10-29-183857-300x35.png 300w, https:\/\/www.campusinternationaldonbosco.org\/wp-content\/uploads\/2025\/10\/Capture-decran-2025-10-29-183857-768x91.png 768w, https:\/\/www.campusinternationaldonbosco.org\/wp-content\/uploads\/2025\/10\/Capture-decran-2025-10-29-183857-18x2.png 18w, https:\/\/www.campusinternationaldonbosco.org\/wp-content\/uploads\/2025\/10\/Capture-decran-2025-10-29-183857.png 1480w\" sizes=\"(max-width: 1024px) 100vw, 1024px\" \/><\/figure>\n\n\n\n<figure class=\"wp-block-image size-large\"><img decoding=\"async\" width=\"1024\" height=\"86\" src=\"https:\/\/www.campusinternationaldonbosco.org\/wp-content\/uploads\/2025\/11\/Capture-decran-2025-11-27-190253-1024x86.png\" alt=\"\" class=\"wp-image-2921\" srcset=\"https:\/\/www.campusinternationaldonbosco.org\/wp-content\/uploads\/2025\/11\/Capture-decran-2025-11-27-190253-1024x86.png 1024w, https:\/\/www.campusinternationaldonbosco.org\/wp-content\/uploads\/2025\/11\/Capture-decran-2025-11-27-190253-300x25.png 300w, https:\/\/www.campusinternationaldonbosco.org\/wp-content\/uploads\/2025\/11\/Capture-decran-2025-11-27-190253-768x64.png 768w, https:\/\/www.campusinternationaldonbosco.org\/wp-content\/uploads\/2025\/11\/Capture-decran-2025-11-27-190253-18x2.png 18w, https:\/\/www.campusinternationaldonbosco.org\/wp-content\/uploads\/2025\/11\/Capture-decran-2025-11-27-190253.png 1111w\" sizes=\"(max-width: 1024px) 100vw, 1024px\" \/><\/figure>","protected":false},"excerpt":{"rendered":"<p>Cette ann\u00e9e 2025 a marqu\u00e9 notre entr\u00e9e dans le consortium Don Bosco in the move. La premi\u00e8re mobilit\u00e9 organis\u00e9e par notre \u00e9tablissement dans le cadre du programme Erasmus+ a marqu\u00e9 une \u00e9tape significative dans notre ouverture \u00e0 l\u2019Europe. Cette initiative a permis de faire conna\u00eetre Erasmus+ \u00e0 l\u2019ensemble de notre communaut\u00e9 \u00e9ducative, cr\u00e9ant une v\u00e9ritable [&hellip;]<\/p>\n","protected":false},"author":95,"featured_media":3163,"comment_status":"closed","ping_status":"closed","sticky":false,"template":"","format":"standard","meta":{"footnotes":"","_links_to":"","_links_to_target":""},"categories":[40,1],"tags":[],"class_list":["post-3135","post","type-post","status-publish","format-standard","has-post-thumbnail","hentry","category-institution-nice-nazareth-nice","category-actualites-generales"],"_links":{"self":[{"href":"https:\/\/www.campusinternationaldonbosco.org\/en\/wp-json\/wp\/v2\/posts\/3135","targetHints":{"allow":["GET"]}}],"collection":[{"href":"https:\/\/www.campusinternationaldonbosco.org\/en\/wp-json\/wp\/v2\/posts"}],"about":[{"href":"https:\/\/www.campusinternationaldonbosco.org\/en\/wp-json\/wp\/v2\/types\/post"}],"author":[{"embeddable":true,"href":"https:\/\/www.campusinternationaldonbosco.org\/en\/wp-json\/wp\/v2\/users\/95"}],"replies":[{"embeddable":true,"href":"https:\/\/www.campusinternationaldonbosco.org\/en\/wp-json\/wp\/v2\/comments?post=3135"}],"version-history":[{"count":4,"href":"https:\/\/www.campusinternationaldonbosco.org\/en\/wp-json\/wp\/v2\/posts\/3135\/revisions"}],"predecessor-version":[{"id":3172,"href":"https:\/\/www.campusinternationaldonbosco.org\/en\/wp-json\/wp\/v2\/posts\/3135\/revisions\/3172"}],"wp:featuredmedia":[{"embeddable":true,"href":"https:\/\/www.campusinternationaldonbosco.org\/en\/wp-json\/wp\/v2\/media\/3163"}],"wp:attachment":[{"href":"https:\/\/www.campusinternationaldonbosco.org\/en\/wp-json\/wp\/v2\/media?parent=3135"}],"wp:term":[{"taxonomy":"category","embeddable":true,"href":"https:\/\/www.campusinternationaldonbosco.org\/en\/wp-json\/wp\/v2\/categories?post=3135"},{"taxonomy":"post_tag","embeddable":true,"href":"https:\/\/www.campusinternationaldonbosco.org\/en\/wp-json\/wp\/v2\/tags?post=3135"}],"curies":[{"name":"wp","href":"https:\/\/api.w.org\/{rel}","templated":true}]}}