{"id":3112,"date":"2025-11-22T11:53:45","date_gmt":"2025-11-22T10:53:45","guid":{"rendered":"https:\/\/www.campusinternationaldonbosco.org\/?p=3112"},"modified":"2025-12-12T11:59:24","modified_gmt":"2025-12-12T10:59:24","slug":"accueil-de-trois-professeurs-de-valence-une-belle-experience-dechange-et-de-partage-europeen-a-don-bosco-saint-cyr-sur-mer","status":"publish","type":"post","link":"https:\/\/www.campusinternationaldonbosco.org\/en\/2025\/11\/22\/accueil-de-trois-professeurs-de-valence-une-belle-experience-dechange-et-de-partage-europeen-a-don-bosco-saint-cyr-sur-mer\/","title":{"rendered":"Accueil de trois professeurs de Valence : une belle exp\u00e9rience d\u2019\u00e9change et de partage europ\u00e9en \u00e0 Don Bosco Saint-Cyr sur Mer"},"content":{"rendered":"<p>Du 17 au 21 novembre 2025<\/p>\n\n\n\n<p>La semaine derni\u00e8re, notre \u00e9tablissement a eu le plaisir d\u2019accueillir trois professeurs venus de Valence (Espagne) dans le cadre d\u2019une mobilit\u00e9 individuelle Erasmus+.<\/p>\n\n\n\n<p>Cette visite s\u2019inscrit dans la volont\u00e9 de notre lyc\u00e9e de renforcer les liens europ\u00e9ens et de promouvoir les \u00e9changes p\u00e9dagogiques et culturels entre enseignants.<\/p>\n\n\n\n<p>Pendant plusieurs jours, nos coll\u00e8gues espagnols ont pu observer nos pratiques p\u00e9dagogiques, \u00e9changer avec les \u00e9quipes \u00e9ducatives et d\u00e9couvrir le fonctionnement du syst\u00e8me scolaire fran\u00e7ais. Des moments de partage de m\u00e9thodes d\u2019enseignement, notamment autour de l\u2019apprentissage des langues et des projets europ\u00e9ens, ont permis un enrichissement mutuel.<\/p>\n\n\n\n<p>Nous avons \u00e9galement pris le temps de leur faire d\u00e9couvrir notre r\u00e9gion, son patrimoine et sa culture, afin de leur offrir une immersion compl\u00e8te dans la vie fran\u00e7aise. Ces temps conviviaux ont contribu\u00e9 \u00e0 cr\u00e9er de v\u00e9ritables liens d\u2019amiti\u00e9 et \u00e0 ouvrir la voie \u00e0 de futures collaborations entre nos \u00e9tablissements.<\/p>\n\n\n\n<p>Cette exp\u00e9rience a rappel\u00e9 combien le programme Erasmus+ est une formidable opportunit\u00e9 d\u2019ouverture, d\u2019innovation et de coop\u00e9ration entre les \u00e9coles europ\u00e9ennes.<\/p>\n\n\n\n<p>Nous remercions chaleureusement nos coll\u00e8gues de Valence pour leur enthousiasme, leur curiosit\u00e9 et leur bonne humeur tout au long de leur s\u00e9jour, ainsi que tous ceux qui ont contribu\u00e9 \u00e0 la r\u00e9ussite de cette mobilit\u00e9.<\/p>\n\n\n\n<figure class=\"wp-block-image size-full\"><img fetchpriority=\"high\" decoding=\"async\" width=\"883\" height=\"736\" src=\"https:\/\/www.campusinternationaldonbosco.org\/wp-content\/uploads\/2025\/12\/IMG-20251120-WA0002.jpg\" alt=\"\" class=\"wp-image-3118\" srcset=\"https:\/\/www.campusinternationaldonbosco.org\/wp-content\/uploads\/2025\/12\/IMG-20251120-WA0002.jpg 883w, https:\/\/www.campusinternationaldonbosco.org\/wp-content\/uploads\/2025\/12\/IMG-20251120-WA0002-300x250.jpg 300w, https:\/\/www.campusinternationaldonbosco.org\/wp-content\/uploads\/2025\/12\/IMG-20251120-WA0002-768x640.jpg 768w, https:\/\/www.campusinternationaldonbosco.org\/wp-content\/uploads\/2025\/12\/IMG-20251120-WA0002-14x12.jpg 14w\" sizes=\"(max-width: 883px) 100vw, 883px\" \/><\/figure>","protected":false},"excerpt":{"rendered":"<p>Du 17 au 21 novembre 2025 La semaine derni\u00e8re, notre \u00e9tablissement a eu le plaisir d\u2019accueillir trois professeurs venus de Valence (Espagne) dans le cadre d\u2019une mobilit\u00e9 individuelle Erasmus+. Cette visite s\u2019inscrit dans la volont\u00e9 de notre lyc\u00e9e de renforcer les liens europ\u00e9ens et de promouvoir les \u00e9changes p\u00e9dagogiques et culturels entre enseignants. Pendant plusieurs [&hellip;]<\/p>\n","protected":false},"author":63,"featured_media":3118,"comment_status":"closed","ping_status":"closed","sticky":false,"template":"","format":"standard","meta":{"footnotes":"","_links_to":"","_links_to_target":""},"categories":[27,34],"tags":[],"class_list":["post-3112","post","type-post","status-publish","format-standard","has-post-thumbnail","hentry","category-institution-don-bosco-saint-cyr-sur-mer","category-actualites-du-consortium-salesien"],"_links":{"self":[{"href":"https:\/\/www.campusinternationaldonbosco.org\/en\/wp-json\/wp\/v2\/posts\/3112","targetHints":{"allow":["GET"]}}],"collection":[{"href":"https:\/\/www.campusinternationaldonbosco.org\/en\/wp-json\/wp\/v2\/posts"}],"about":[{"href":"https:\/\/www.campusinternationaldonbosco.org\/en\/wp-json\/wp\/v2\/types\/post"}],"author":[{"embeddable":true,"href":"https:\/\/www.campusinternationaldonbosco.org\/en\/wp-json\/wp\/v2\/users\/63"}],"replies":[{"embeddable":true,"href":"https:\/\/www.campusinternationaldonbosco.org\/en\/wp-json\/wp\/v2\/comments?post=3112"}],"version-history":[{"count":2,"href":"https:\/\/www.campusinternationaldonbosco.org\/en\/wp-json\/wp\/v2\/posts\/3112\/revisions"}],"predecessor-version":[{"id":3119,"href":"https:\/\/www.campusinternationaldonbosco.org\/en\/wp-json\/wp\/v2\/posts\/3112\/revisions\/3119"}],"wp:featuredmedia":[{"embeddable":true,"href":"https:\/\/www.campusinternationaldonbosco.org\/en\/wp-json\/wp\/v2\/media\/3118"}],"wp:attachment":[{"href":"https:\/\/www.campusinternationaldonbosco.org\/en\/wp-json\/wp\/v2\/media?parent=3112"}],"wp:term":[{"taxonomy":"category","embeddable":true,"href":"https:\/\/www.campusinternationaldonbosco.org\/en\/wp-json\/wp\/v2\/categories?post=3112"},{"taxonomy":"post_tag","embeddable":true,"href":"https:\/\/www.campusinternationaldonbosco.org\/en\/wp-json\/wp\/v2\/tags?post=3112"}],"curies":[{"name":"wp","href":"https:\/\/api.w.org\/{rel}","templated":true}]}}