{"id":3096,"date":"2025-12-10T21:28:06","date_gmt":"2025-12-10T20:28:06","guid":{"rendered":"https:\/\/www.campusinternationaldonbosco.org\/?p=3096"},"modified":"2025-12-12T11:58:18","modified_gmt":"2025-12-12T10:58:18","slug":"visite-preparatoire-a-malaga-don-bosco-saint-cyr-sur-mer","status":"publish","type":"post","link":"https:\/\/www.campusinternationaldonbosco.org\/en\/2025\/12\/10\/visite-preparatoire-a-malaga-don-bosco-saint-cyr-sur-mer\/","title":{"rendered":"Visite pr\u00e9paratoire \u00e0 M\u00e1laga-Don Bosco Saint-Cyr sur Mer-"},"content":{"rendered":"<p><\/p>\n\n\n\n<p><\/p>\n\n\n\n<p>9 d\u00e9cembre 2025<\/p>\n\n\n\n<p>Dans le cadre du projet Erasmus+, Mme BRETIN, professeure d\u2019espagnol, et Mme SEGUIN se sont rendues \u00e0 M\u00e1laga, en Andalousie, pour rencontrer les responsables de notre nouvelle \u00e9cole partenaire. Cette visite a permis d\u2019\u00e9tablir les bases d\u2019un \u00e9change europ\u00e9en qui se d\u00e9roulera en f\u00e9vrier prochain avec les \u00e9l\u00e8ves de 5e.<br>L\u2019objectif de cette mobilit\u00e9 est de favoriser l\u2019ouverture culturelle, de renforcer les comp\u00e9tences linguistiques en espagnol et de d\u00e9velopper le sentiment d\u2019appartenance \u00e0 la citoyennet\u00e9 europ\u00e9enne.<br>Les enseignants ont pu d\u00e9couvrir les locaux de l\u2019\u00e9tablissement, \u00e9changer sur les activit\u00e9s pr\u00e9vues et pr\u00e9parer le programme des \u00e9l\u00e8ves fran\u00e7ais et espagnols.<br>Cette premi\u00e8re rencontre marque une \u00e9tape importante dans la mise en \u0153uvre du projet : une exp\u00e9rience humaine et \u00e9ducative enrichissante, qui permettra \u00e0 nos \u00e9l\u00e8ves de vivre pleinement les valeurs d\u2019Erasmus+ \u2014 d\u00e9couverte, tol\u00e9rance et coop\u00e9ration europ\u00e9enne.<br><br><\/p>\n\n\n\n<figure class=\"wp-block-image size-large\"><img fetchpriority=\"high\" decoding=\"async\" width=\"695\" height=\"1024\" src=\"https:\/\/www.campusinternationaldonbosco.org\/wp-content\/uploads\/2025\/12\/20251209_093232-1-695x1024.jpg\" alt=\"\" class=\"wp-image-3105\" srcset=\"https:\/\/www.campusinternationaldonbosco.org\/wp-content\/uploads\/2025\/12\/20251209_093232-1-695x1024.jpg 695w, https:\/\/www.campusinternationaldonbosco.org\/wp-content\/uploads\/2025\/12\/20251209_093232-1-204x300.jpg 204w, https:\/\/www.campusinternationaldonbosco.org\/wp-content\/uploads\/2025\/12\/20251209_093232-1-768x1131.jpg 768w, https:\/\/www.campusinternationaldonbosco.org\/wp-content\/uploads\/2025\/12\/20251209_093232-1-1043x1536.jpg 1043w, https:\/\/www.campusinternationaldonbosco.org\/wp-content\/uploads\/2025\/12\/20251209_093232-1-1390x2048.jpg 1390w, https:\/\/www.campusinternationaldonbosco.org\/wp-content\/uploads\/2025\/12\/20251209_093232-1-8x12.jpg 8w, https:\/\/www.campusinternationaldonbosco.org\/wp-content\/uploads\/2025\/12\/20251209_093232-1-scaled.jpg 1738w\" sizes=\"(max-width: 695px) 100vw, 695px\" \/><\/figure>","protected":false},"excerpt":{"rendered":"<p>9 d\u00e9cembre 2025 Dans le cadre du projet Erasmus+, Mme BRETIN, professeure d\u2019espagnol, et Mme SEGUIN se sont rendues \u00e0 M\u00e1laga, en Andalousie, pour rencontrer les responsables de notre nouvelle \u00e9cole partenaire. Cette visite a permis d\u2019\u00e9tablir les bases d\u2019un \u00e9change europ\u00e9en qui se d\u00e9roulera en f\u00e9vrier prochain avec les \u00e9l\u00e8ves de 5e.L\u2019objectif de cette [&hellip;]<\/p>\n","protected":false},"author":63,"featured_media":3105,"comment_status":"closed","ping_status":"closed","sticky":false,"template":"","format":"standard","meta":{"footnotes":"","_links_to":"","_links_to_target":""},"categories":[27,34],"tags":[],"class_list":["post-3096","post","type-post","status-publish","format-standard","has-post-thumbnail","hentry","category-institution-don-bosco-saint-cyr-sur-mer","category-actualites-du-consortium-salesien"],"_links":{"self":[{"href":"https:\/\/www.campusinternationaldonbosco.org\/en\/wp-json\/wp\/v2\/posts\/3096","targetHints":{"allow":["GET"]}}],"collection":[{"href":"https:\/\/www.campusinternationaldonbosco.org\/en\/wp-json\/wp\/v2\/posts"}],"about":[{"href":"https:\/\/www.campusinternationaldonbosco.org\/en\/wp-json\/wp\/v2\/types\/post"}],"author":[{"embeddable":true,"href":"https:\/\/www.campusinternationaldonbosco.org\/en\/wp-json\/wp\/v2\/users\/63"}],"replies":[{"embeddable":true,"href":"https:\/\/www.campusinternationaldonbosco.org\/en\/wp-json\/wp\/v2\/comments?post=3096"}],"version-history":[{"count":7,"href":"https:\/\/www.campusinternationaldonbosco.org\/en\/wp-json\/wp\/v2\/posts\/3096\/revisions"}],"predecessor-version":[{"id":3110,"href":"https:\/\/www.campusinternationaldonbosco.org\/en\/wp-json\/wp\/v2\/posts\/3096\/revisions\/3110"}],"wp:featuredmedia":[{"embeddable":true,"href":"https:\/\/www.campusinternationaldonbosco.org\/en\/wp-json\/wp\/v2\/media\/3105"}],"wp:attachment":[{"href":"https:\/\/www.campusinternationaldonbosco.org\/en\/wp-json\/wp\/v2\/media?parent=3096"}],"wp:term":[{"taxonomy":"category","embeddable":true,"href":"https:\/\/www.campusinternationaldonbosco.org\/en\/wp-json\/wp\/v2\/categories?post=3096"},{"taxonomy":"post_tag","embeddable":true,"href":"https:\/\/www.campusinternationaldonbosco.org\/en\/wp-json\/wp\/v2\/tags?post=3096"}],"curies":[{"name":"wp","href":"https:\/\/api.w.org\/{rel}","templated":true}]}}