{"id":2997,"date":"2025-10-20T22:33:15","date_gmt":"2025-10-20T20:33:15","guid":{"rendered":"https:\/\/www.campusinternationaldonbosco.org\/?p=2997"},"modified":"2025-12-05T12:43:29","modified_gmt":"2025-12-05T11:43:29","slug":"building-bridges-crafting-futures-une-formation-europeenne-strategique-a-budapest","status":"publish","type":"post","link":"https:\/\/www.campusinternationaldonbosco.org\/en\/2025\/10\/20\/building-bridges-crafting-futures-une-formation-europeenne-strategique-a-budapest\/","title":{"rendered":"\u00ab\u00a0Building Bridges, Crafting Futures\u00a0\u00bb : Une formation europ\u00e9enne strat\u00e9gique \u00e0 Budapest"},"content":{"rendered":"<p>Du 15 au 17 octobre 2025, Pascale Raffier et Rose Marie Enriquez Vieu, nos deux expertes Erasmus, ont particip\u00e9 \u00e0 la formation <em>\u00ab Building Bridges, Crafting Futures \u00bb<\/em> organis\u00e9e \u00e0 Budapest.<\/p>\n\n\n\n<figure class=\"wp-block-image size-large\"><img fetchpriority=\"high\" decoding=\"async\" width=\"1024\" height=\"768\" src=\"https:\/\/www.campusinternationaldonbosco.org\/wp-content\/uploads\/2025\/12\/bIS-1024x768.jpg\" alt=\"\" class=\"wp-image-3012\" srcset=\"https:\/\/www.campusinternationaldonbosco.org\/wp-content\/uploads\/2025\/12\/bIS-1024x768.jpg 1024w, https:\/\/www.campusinternationaldonbosco.org\/wp-content\/uploads\/2025\/12\/bIS-300x225.jpg 300w, https:\/\/www.campusinternationaldonbosco.org\/wp-content\/uploads\/2025\/12\/bIS-768x576.jpg 768w, https:\/\/www.campusinternationaldonbosco.org\/wp-content\/uploads\/2025\/12\/bIS-1536x1152.jpg 1536w, https:\/\/www.campusinternationaldonbosco.org\/wp-content\/uploads\/2025\/12\/bIS-16x12.jpg 16w, https:\/\/www.campusinternationaldonbosco.org\/wp-content\/uploads\/2025\/12\/bIS.jpg 1884w\" sizes=\"(max-width: 1024px) 100vw, 1024px\" \/><\/figure>\n\n\n\n<p>Port\u00e9e par Szal\u00e9zi Int\u00e9zm\u00e9ny Fenntart\u00f3 avec le soutien de DB Tech Europe, cette formation a rassembl\u00e9 pr\u00e8s d\u2019une centaine de coordinateurs du r\u00e9seau sal\u00e9sien venus de neuf pays europ\u00e9ens et d\u2019\u00c9gypte. Pendant trois jours, les participants ont travaill\u00e9 ensemble pour renforcer leurs comp\u00e9tences, cr\u00e9er des synergies et imaginer l\u2019avenir de la mobilit\u00e9 \u00e9ducative.<\/p>\n\n\n\n<figure class=\"wp-block-image size-large\"><img decoding=\"async\" width=\"1024\" height=\"576\" src=\"https:\/\/www.campusinternationaldonbosco.org\/wp-content\/uploads\/2025\/12\/48179-1024x576.jpg\" alt=\"\" class=\"wp-image-2998\" srcset=\"https:\/\/www.campusinternationaldonbosco.org\/wp-content\/uploads\/2025\/12\/48179-1024x576.jpg 1024w, https:\/\/www.campusinternationaldonbosco.org\/wp-content\/uploads\/2025\/12\/48179-300x169.jpg 300w, https:\/\/www.campusinternationaldonbosco.org\/wp-content\/uploads\/2025\/12\/48179-768x432.jpg 768w, https:\/\/www.campusinternationaldonbosco.org\/wp-content\/uploads\/2025\/12\/48179-1536x864.jpg 1536w, https:\/\/www.campusinternationaldonbosco.org\/wp-content\/uploads\/2025\/12\/48179-18x10.jpg 18w, https:\/\/www.campusinternationaldonbosco.org\/wp-content\/uploads\/2025\/12\/48179.jpg 2048w\" sizes=\"(max-width: 1024px) 100vw, 1024px\" \/><\/figure>\n\n\n\n<p><strong>Au c\u0153ur des priorit\u00e9s Erasmus+ : immersion et \u00e9changes<\/strong><\/p>\n\n\n\n<p>Nos deux charg\u00e9es de mission \u00e0 l\u2019international ont activement pris part aux diff\u00e9rents temps forts :<\/p>\n\n\n\n<ul class=\"wp-block-list\">\n<li>Une table ronde strat\u00e9gique intitul\u00e9e <em>\u00ab United for Skills, Values and Innovation: A Dialogue Between Salesian Educators and European Decision-Makers \u00bb<\/em>, qui a permis un dialogue direct avec des d\u00e9cideurs europ\u00e9ens et des r\u00e9seaux influents comme l\u2019EFVET.<\/li>\n\n\n\n<li>Des partages de bonnes pratiques entre pairs pour analyser des projets europ\u00e9ens concrets, leur mise en \u0153uvre et leur impact.<\/li>\n\n\n\n<li>Des ateliers collaboratifs centr\u00e9s sur la mobilit\u00e9 Erasmus, la construction de partenariats et la r\u00e9daction de propositions de projets.<\/li>\n\n\n\n<li>Les Erasmus Days, un moment festif et engag\u00e9 autour de l\u2019inclusion, de la diversit\u00e9 et de la citoyennet\u00e9 europ\u00e9enne.<\/li>\n<\/ul>\n\n\n\n<figure class=\"wp-block-image size-large\"><img decoding=\"async\" width=\"1024\" height=\"576\" src=\"https:\/\/www.campusinternationaldonbosco.org\/wp-content\/uploads\/2025\/12\/IMG_0890-bis-1024x576.jpg\" alt=\"\" class=\"wp-image-3005\" srcset=\"https:\/\/www.campusinternationaldonbosco.org\/wp-content\/uploads\/2025\/12\/IMG_0890-bis-1024x576.jpg 1024w, https:\/\/www.campusinternationaldonbosco.org\/wp-content\/uploads\/2025\/12\/IMG_0890-bis-300x169.jpg 300w, https:\/\/www.campusinternationaldonbosco.org\/wp-content\/uploads\/2025\/12\/IMG_0890-bis-768x432.jpg 768w, https:\/\/www.campusinternationaldonbosco.org\/wp-content\/uploads\/2025\/12\/IMG_0890-bis-1536x864.jpg 1536w, https:\/\/www.campusinternationaldonbosco.org\/wp-content\/uploads\/2025\/12\/IMG_0890-bis-2048x1152.jpg 2048w, https:\/\/www.campusinternationaldonbosco.org\/wp-content\/uploads\/2025\/12\/IMG_0890-bis-18x10.jpg 18w\" sizes=\"(max-width: 1024px) 100vw, 1024px\" \/><\/figure>\n\n\n\n<p><strong>D\u00e9velopper le r\u00e9seau et affirmer une strat\u00e9gie internationale<\/strong><\/p>\n\n\n\n<p>Lors de cette rencontre, Pascale et Rose Marie ont pr\u00e9sent\u00e9 le r\u00e9seau AMDB, sa strat\u00e9gie d\u2019ouverture internationale et ses projets en cours.<\/p>\n\n\n\n<p>Ces \u00e9changes ont permis de valoriser les initiatives d\u00e9j\u00e0 men\u00e9es et d\u2019ouvrir de nouvelles pistes de collaboration. Les opportunit\u00e9s de r\u00e9seautage ont \u00e9t\u00e9 pr\u00e9cieuses pour resserrer les liens entre \u00e9tablissements et confirmer notre volont\u00e9 commune de rayonner au sein de l\u2019espace \u00e9ducatif europ\u00e9en.<\/p>\n\n\n\n<figure class=\"wp-block-gallery has-nested-images columns-default is-cropped wp-block-gallery-1 is-layout-flex wp-block-gallery-is-layout-flex\">\n<figure class=\"wp-block-image size-large\"><img loading=\"lazy\" decoding=\"async\" width=\"1024\" height=\"708\" data-id=\"2999\" src=\"https:\/\/www.campusinternationaldonbosco.org\/wp-content\/uploads\/2025\/12\/IMG-20251016-WA0020-1024x708.jpg\" alt=\"\" class=\"wp-image-2999\" srcset=\"https:\/\/www.campusinternationaldonbosco.org\/wp-content\/uploads\/2025\/12\/IMG-20251016-WA0020-1024x708.jpg 1024w, https:\/\/www.campusinternationaldonbosco.org\/wp-content\/uploads\/2025\/12\/IMG-20251016-WA0020-300x207.jpg 300w, https:\/\/www.campusinternationaldonbosco.org\/wp-content\/uploads\/2025\/12\/IMG-20251016-WA0020-768x531.jpg 768w, https:\/\/www.campusinternationaldonbosco.org\/wp-content\/uploads\/2025\/12\/IMG-20251016-WA0020-1536x1061.jpg 1536w, https:\/\/www.campusinternationaldonbosco.org\/wp-content\/uploads\/2025\/12\/IMG-20251016-WA0020-18x12.jpg 18w, https:\/\/www.campusinternationaldonbosco.org\/wp-content\/uploads\/2025\/12\/IMG-20251016-WA0020.jpg 1599w\" sizes=\"(max-width: 1024px) 100vw, 1024px\" \/><\/figure>\n\n\n\n<figure class=\"wp-block-image size-large\"><img loading=\"lazy\" decoding=\"async\" width=\"1024\" height=\"576\" data-id=\"3000\" src=\"https:\/\/www.campusinternationaldonbosco.org\/wp-content\/uploads\/2025\/12\/Presentat\u00b0-1-1024x576.png\" alt=\"\" class=\"wp-image-3000\" srcset=\"https:\/\/www.campusinternationaldonbosco.org\/wp-content\/uploads\/2025\/12\/Presentat\u00b0-1-1024x576.png 1024w, https:\/\/www.campusinternationaldonbosco.org\/wp-content\/uploads\/2025\/12\/Presentat\u00b0-1-300x169.png 300w, https:\/\/www.campusinternationaldonbosco.org\/wp-content\/uploads\/2025\/12\/Presentat\u00b0-1-768x432.png 768w, https:\/\/www.campusinternationaldonbosco.org\/wp-content\/uploads\/2025\/12\/Presentat\u00b0-1-18x10.png 18w, https:\/\/www.campusinternationaldonbosco.org\/wp-content\/uploads\/2025\/12\/Presentat\u00b0-1.png 1184w\" sizes=\"(max-width: 1024px) 100vw, 1024px\" \/><\/figure>\n<\/figure>\n\n\n\n<p><strong>Des comp\u00e9tences utiles pour l\u2019avenir<\/strong><\/p>\n\n\n\n<p>Cette formation a permis d\u2019acqu\u00e9rir ou de consolider des comp\u00e9tences cl\u00e9s, notamment pour :<\/p>\n\n\n\n<ul class=\"wp-block-list\">\n<li>Mieux comprendre les priorit\u00e9s europ\u00e9ennes en mati\u00e8re d\u2019\u00e9ducation et de formation.<\/li>\n\n\n\n<li>Mettre en coh\u00e9rence ces priorit\u00e9s avec la mission \u00e9ducative sal\u00e9sienne.<\/li>\n\n\n\n<li>Int\u00e9grer des pratiques innovantes en p\u00e9dagogie, inclusion et \u00e9valuation de projets.<\/li>\n\n\n\n<li>Identifier des pistes concr\u00e8tes pour d\u00e9velopper la mobilit\u00e9 et l\u2019internationalisation dans l\u2019ensemble de notre r\u00e9seau.<\/li>\n<\/ul>\n\n\n\n<p><strong>Perspectives et retomb\u00e9es<\/strong><\/p>\n\n\n\n<p>Les acquis de cette exp\u00e9rience seront partag\u00e9s avec nos \u00e9quipes p\u00e9dagogiques et nourriront nos futurs projets europ\u00e9ens. Ils contribueront \u00e0 renforcer l\u2019impact de nos actions, \u00e0 am\u00e9liorer l\u2019accompagnement des \u00e9tablissements et \u00e0 diffuser les valeurs port\u00e9es par Erasmus+. Cette d\u00e9marche s\u2019inscrit pleinement dans une dynamique collective qui soutient l\u2019ouverture internationale, la coop\u00e9ration et l\u2019innovation \u00e9ducative au service de nos jeunes.<\/p>\n\n\n\n<figure class=\"wp-block-image size-large\"><img loading=\"lazy\" decoding=\"async\" width=\"1024\" height=\"121\" src=\"https:\/\/www.campusinternationaldonbosco.org\/wp-content\/uploads\/2025\/10\/Capture-decran-2025-10-29-183857-1024x121.png\" alt=\"\" class=\"wp-image-2862\" srcset=\"https:\/\/www.campusinternationaldonbosco.org\/wp-content\/uploads\/2025\/10\/Capture-decran-2025-10-29-183857-1024x121.png 1024w, https:\/\/www.campusinternationaldonbosco.org\/wp-content\/uploads\/2025\/10\/Capture-decran-2025-10-29-183857-300x35.png 300w, https:\/\/www.campusinternationaldonbosco.org\/wp-content\/uploads\/2025\/10\/Capture-decran-2025-10-29-183857-768x91.png 768w, https:\/\/www.campusinternationaldonbosco.org\/wp-content\/uploads\/2025\/10\/Capture-decran-2025-10-29-183857-18x2.png 18w, https:\/\/www.campusinternationaldonbosco.org\/wp-content\/uploads\/2025\/10\/Capture-decran-2025-10-29-183857.png 1480w\" sizes=\"(max-width: 1024px) 100vw, 1024px\" \/><\/figure>\n\n\n\n<figure class=\"wp-block-image size-large\"><img loading=\"lazy\" decoding=\"async\" width=\"1024\" height=\"86\" src=\"https:\/\/www.campusinternationaldonbosco.org\/wp-content\/uploads\/2025\/11\/Capture-decran-2025-11-27-190253-1024x86.png\" alt=\"\" class=\"wp-image-2921\" srcset=\"https:\/\/www.campusinternationaldonbosco.org\/wp-content\/uploads\/2025\/11\/Capture-decran-2025-11-27-190253-1024x86.png 1024w, https:\/\/www.campusinternationaldonbosco.org\/wp-content\/uploads\/2025\/11\/Capture-decran-2025-11-27-190253-300x25.png 300w, https:\/\/www.campusinternationaldonbosco.org\/wp-content\/uploads\/2025\/11\/Capture-decran-2025-11-27-190253-768x64.png 768w, https:\/\/www.campusinternationaldonbosco.org\/wp-content\/uploads\/2025\/11\/Capture-decran-2025-11-27-190253-18x2.png 18w, https:\/\/www.campusinternationaldonbosco.org\/wp-content\/uploads\/2025\/11\/Capture-decran-2025-11-27-190253.png 1111w\" sizes=\"(max-width: 1024px) 100vw, 1024px\" \/><\/figure>","protected":false},"excerpt":{"rendered":"<p>Du 15 au 17 octobre 2025, Pascale Raffier et Rose Marie Enriquez Vieu, nos deux expertes Erasmus, ont particip\u00e9 \u00e0 la formation \u00ab Building Bridges, Crafting Futures \u00bb organis\u00e9e \u00e0 Budapest. Port\u00e9e par Szal\u00e9zi Int\u00e9zm\u00e9ny Fenntart\u00f3 avec le soutien de DB Tech Europe, cette formation a rassembl\u00e9 pr\u00e8s d\u2019une centaine de coordinateurs du r\u00e9seau sal\u00e9sien [&hellip;]<\/p>\n","protected":false},"author":50,"featured_media":3012,"comment_status":"closed","ping_status":"closed","sticky":false,"template":"","format":"standard","meta":{"footnotes":"","_links_to":"","_links_to_target":""},"categories":[33,34,38],"tags":[],"class_list":["post-2997","post","type-post","status-publish","format-standard","has-post-thumbnail","hentry","category-amdb-association-des-maisons-don-bosco-coordinateur","category-actualites-du-consortium-salesien","category-les-actualites-de-db-tech-europe"],"_links":{"self":[{"href":"https:\/\/www.campusinternationaldonbosco.org\/en\/wp-json\/wp\/v2\/posts\/2997","targetHints":{"allow":["GET"]}}],"collection":[{"href":"https:\/\/www.campusinternationaldonbosco.org\/en\/wp-json\/wp\/v2\/posts"}],"about":[{"href":"https:\/\/www.campusinternationaldonbosco.org\/en\/wp-json\/wp\/v2\/types\/post"}],"author":[{"embeddable":true,"href":"https:\/\/www.campusinternationaldonbosco.org\/en\/wp-json\/wp\/v2\/users\/50"}],"replies":[{"embeddable":true,"href":"https:\/\/www.campusinternationaldonbosco.org\/en\/wp-json\/wp\/v2\/comments?post=2997"}],"version-history":[{"count":4,"href":"https:\/\/www.campusinternationaldonbosco.org\/en\/wp-json\/wp\/v2\/posts\/2997\/revisions"}],"predecessor-version":[{"id":3013,"href":"https:\/\/www.campusinternationaldonbosco.org\/en\/wp-json\/wp\/v2\/posts\/2997\/revisions\/3013"}],"wp:featuredmedia":[{"embeddable":true,"href":"https:\/\/www.campusinternationaldonbosco.org\/en\/wp-json\/wp\/v2\/media\/3012"}],"wp:attachment":[{"href":"https:\/\/www.campusinternationaldonbosco.org\/en\/wp-json\/wp\/v2\/media?parent=2997"}],"wp:term":[{"taxonomy":"category","embeddable":true,"href":"https:\/\/www.campusinternationaldonbosco.org\/en\/wp-json\/wp\/v2\/categories?post=2997"},{"taxonomy":"post_tag","embeddable":true,"href":"https:\/\/www.campusinternationaldonbosco.org\/en\/wp-json\/wp\/v2\/tags?post=2997"}],"curies":[{"name":"wp","href":"https:\/\/api.w.org\/{rel}","templated":true}]}}