{"id":2972,"date":"2025-10-18T23:32:23","date_gmt":"2025-10-18T21:32:23","guid":{"rendered":"https:\/\/www.campusinternationaldonbosco.org\/?p=2972"},"modified":"2025-12-03T23:28:10","modified_gmt":"2025-12-03T22:28:10","slug":"le-consortium-campus-don-bosco-on-the-move-en-mode-erasmusdays-suivi-formation-et-temoignages-inspirants","status":"publish","type":"post","link":"https:\/\/www.campusinternationaldonbosco.org\/en\/2025\/10\/18\/le-consortium-campus-don-bosco-on-the-move-en-mode-erasmusdays-suivi-formation-et-temoignages-inspirants\/","title":{"rendered":"Le consortium \u00ab\u00a0Campus Don Bosco on the move\u00a0\u00bb en mode #ErasmusDays : suivi, formation et t\u00e9moignages inspirants !"},"content":{"rendered":"<h3 class=\"wp-block-heading\">Cette ann\u00e9e, les Erasmus Days ont \u00e9t\u00e9 l&rsquo;occasion pour les 26 \u00e9tablissements scolaires de notre consortium accr\u00e9dit\u00e9 2021-1-FR01-KA120-SCH-000043395de faire rayonner la mobilit\u00e9 et l&rsquo;ouverture europ\u00e9enne. Nos actions t\u00e9moignent de l&rsquo;engagement continu de notre r\u00e9seau pour une \u00e9ducation toujours plus ouverte \u00e0 l&rsquo;international.<\/h3>\n\n\n\n<h3 class=\"wp-block-heading\">Un suivi de projet essentiel, m\u00eame \u00e0 distance<\/h3>\n\n\n\n<p>Notre accompagnement repose sur un suivi rigoureux. Pour les Erasmus Days, notre consortium s&rsquo;est r\u00e9uni en <strong>visioconf\u00e9rence<\/strong> pour une commission de suivi avec nos expertes en formation \u00e0 Budapest. Cette rencontre virtuelle, r\u00e9guli\u00e8re et efficace, a permis d&rsquo;\u00e9changer sur les exp\u00e9riences v\u00e9cues et des mobilit\u00e9s futures.<\/p>\n\n\n\n<figure class=\"wp-block-image size-large\"><img fetchpriority=\"high\" decoding=\"async\" width=\"1024\" height=\"578\" src=\"https:\/\/www.campusinternationaldonbosco.org\/wp-content\/uploads\/2025\/12\/Capture-decran-2025-12-02-225043-1024x578.png\" alt=\"\" class=\"wp-image-2973\" srcset=\"https:\/\/www.campusinternationaldonbosco.org\/wp-content\/uploads\/2025\/12\/Capture-decran-2025-12-02-225043-1024x578.png 1024w, https:\/\/www.campusinternationaldonbosco.org\/wp-content\/uploads\/2025\/12\/Capture-decran-2025-12-02-225043-300x169.png 300w, https:\/\/www.campusinternationaldonbosco.org\/wp-content\/uploads\/2025\/12\/Capture-decran-2025-12-02-225043-768x434.png 768w, https:\/\/www.campusinternationaldonbosco.org\/wp-content\/uploads\/2025\/12\/Capture-decran-2025-12-02-225043-18x10.png 18w, https:\/\/www.campusinternationaldonbosco.org\/wp-content\/uploads\/2025\/12\/Capture-decran-2025-12-02-225043.png 1470w\" sizes=\"(max-width: 1024px) 100vw, 1024px\" \/><\/figure>\n\n\n\n<p> <\/p>\n\n\n\n<h3 class=\"wp-block-heading\">Une c\u00e9l\u00e9bration internationale \u00e0 Budapest<\/h3>\n\n\n\n<p>Nos 2 expertes Erasmus, en formation Erasmus \u00e0 Budapest, ont eu la chance de c\u00e9l\u00e9brer les Erasmus Days directement avec leurs partenaires europ\u00e9ens et les participants fran\u00e7ais. Au-del\u00e0 des apprentissages p\u00e9dagogiques, ce fut un moment privil\u00e9gi\u00e9 pour renforcer les liens cr\u00e9\u00e9s et partager les valeurs du programme Erasmus+. Ces \u00e9changes enrichissent non seulement nos pratiques, mais aussi notre identit\u00e9 europ\u00e9enne commune.<\/p>\n\n\n\n<figure class=\"wp-block-image size-large\"><img decoding=\"async\" width=\"1024\" height=\"753\" src=\"https:\/\/www.campusinternationaldonbosco.org\/wp-content\/uploads\/2025\/12\/20251017_1008061-1024x753.jpg\" alt=\"\" class=\"wp-image-2974\" srcset=\"https:\/\/www.campusinternationaldonbosco.org\/wp-content\/uploads\/2025\/12\/20251017_1008061-1024x753.jpg 1024w, https:\/\/www.campusinternationaldonbosco.org\/wp-content\/uploads\/2025\/12\/20251017_1008061-300x221.jpg 300w, https:\/\/www.campusinternationaldonbosco.org\/wp-content\/uploads\/2025\/12\/20251017_1008061-768x565.jpg 768w, https:\/\/www.campusinternationaldonbosco.org\/wp-content\/uploads\/2025\/12\/20251017_1008061-1536x1129.jpg 1536w, https:\/\/www.campusinternationaldonbosco.org\/wp-content\/uploads\/2025\/12\/20251017_1008061-2048x1505.jpg 2048w, https:\/\/www.campusinternationaldonbosco.org\/wp-content\/uploads\/2025\/12\/20251017_1008061-16x12.jpg 16w\" sizes=\"(max-width: 1024px) 100vw, 1024px\" \/><\/figure>\n\n\n\n<h3 class=\"wp-block-heading\">L&rsquo;inspiration vient d&rsquo;Espagne \u00e0 Saint-Dizier<\/h3>\n\n\n\n<p>L&rsquo;impact humain du programme a \u00e9t\u00e9 particuli\u00e8rement mis en lumi\u00e8re par l&rsquo;ESTIC, \u00e9tablissement scolaire \u00e0 Saint-Dizier. Cette ann\u00e9e, ils ont organis\u00e9 une session de partage d&rsquo;exp\u00e9rience avec une jeune espagnole en <strong>mobilit\u00e9 de longue dur\u00e9e<\/strong> dans leur \u00e9tablissement. C&rsquo;est avec enthousiasme qu&rsquo;elle a \u00e9voqu\u00e9 son aventure, racontant son int\u00e9gration, ses d\u00e9couvertes culturelles et l&rsquo;enrichissement que lui apporte cette immersion. Son t\u00e9moignage incarne la r\u00e9ussite de l&rsquo;inclusion et l&rsquo;impact du programme Erasmus+ sur le parcours de nos \u00e9l\u00e8ves.<\/p>\n\n\n\n<figure class=\"wp-block-image size-large\"><img decoding=\"async\" width=\"1024\" height=\"576\" src=\"https:\/\/www.campusinternationaldonbosco.org\/wp-content\/uploads\/2025\/12\/IMG_20251020_095156-1536x1152-2-1024x576.jpg\" alt=\"\" class=\"wp-image-2976\" srcset=\"https:\/\/www.campusinternationaldonbosco.org\/wp-content\/uploads\/2025\/12\/IMG_20251020_095156-1536x1152-2-1024x576.jpg 1024w, https:\/\/www.campusinternationaldonbosco.org\/wp-content\/uploads\/2025\/12\/IMG_20251020_095156-1536x1152-2-300x169.jpg 300w, https:\/\/www.campusinternationaldonbosco.org\/wp-content\/uploads\/2025\/12\/IMG_20251020_095156-1536x1152-2-768x432.jpg 768w, https:\/\/www.campusinternationaldonbosco.org\/wp-content\/uploads\/2025\/12\/IMG_20251020_095156-1536x1152-2-18x10.jpg 18w, https:\/\/www.campusinternationaldonbosco.org\/wp-content\/uploads\/2025\/12\/IMG_20251020_095156-1536x1152-2.jpg 1449w\" sizes=\"(max-width: 1024px) 100vw, 1024px\" \/><\/figure>\n\n\n\n<p>Le programme Erasmus+ continue d&rsquo;enrichir l&rsquo;exp\u00e9rience p\u00e9dagogique et humaine au sein de nos maisons. F\u00e9licitations \u00e0 tous les acteurs de cette belle r\u00e9ussite europ\u00e9enne !<\/p>\n\n\n\n<figure class=\"wp-block-image size-large\"><img loading=\"lazy\" decoding=\"async\" width=\"1024\" height=\"121\" src=\"https:\/\/www.campusinternationaldonbosco.org\/wp-content\/uploads\/2025\/10\/Capture-decran-2025-10-29-183857-1024x121.png\" alt=\"\" class=\"wp-image-2862\" srcset=\"https:\/\/www.campusinternationaldonbosco.org\/wp-content\/uploads\/2025\/10\/Capture-decran-2025-10-29-183857-1024x121.png 1024w, https:\/\/www.campusinternationaldonbosco.org\/wp-content\/uploads\/2025\/10\/Capture-decran-2025-10-29-183857-300x35.png 300w, https:\/\/www.campusinternationaldonbosco.org\/wp-content\/uploads\/2025\/10\/Capture-decran-2025-10-29-183857-768x91.png 768w, https:\/\/www.campusinternationaldonbosco.org\/wp-content\/uploads\/2025\/10\/Capture-decran-2025-10-29-183857-18x2.png 18w, https:\/\/www.campusinternationaldonbosco.org\/wp-content\/uploads\/2025\/10\/Capture-decran-2025-10-29-183857.png 1480w\" sizes=\"(max-width: 1024px) 100vw, 1024px\" \/><\/figure>\n\n\n\n<figure class=\"wp-block-image size-large\"><img loading=\"lazy\" decoding=\"async\" width=\"1024\" height=\"86\" src=\"https:\/\/www.campusinternationaldonbosco.org\/wp-content\/uploads\/2025\/11\/Capture-decran-2025-11-27-190253-1024x86.png\" alt=\"\" class=\"wp-image-2921\" srcset=\"https:\/\/www.campusinternationaldonbosco.org\/wp-content\/uploads\/2025\/11\/Capture-decran-2025-11-27-190253-1024x86.png 1024w, https:\/\/www.campusinternationaldonbosco.org\/wp-content\/uploads\/2025\/11\/Capture-decran-2025-11-27-190253-300x25.png 300w, https:\/\/www.campusinternationaldonbosco.org\/wp-content\/uploads\/2025\/11\/Capture-decran-2025-11-27-190253-768x64.png 768w, https:\/\/www.campusinternationaldonbosco.org\/wp-content\/uploads\/2025\/11\/Capture-decran-2025-11-27-190253-18x2.png 18w, https:\/\/www.campusinternationaldonbosco.org\/wp-content\/uploads\/2025\/11\/Capture-decran-2025-11-27-190253.png 1111w\" sizes=\"(max-width: 1024px) 100vw, 1024px\" \/><\/figure>","protected":false},"excerpt":{"rendered":"<p>Cette ann\u00e9e, les Erasmus Days ont \u00e9t\u00e9 l&rsquo;occasion pour les 26 \u00e9tablissements scolaires de notre consortium accr\u00e9dit\u00e9 2021-1-FR01-KA120-SCH-000043395de faire rayonner la mobilit\u00e9 et l&rsquo;ouverture europ\u00e9enne. Nos actions t\u00e9moignent de l&rsquo;engagement continu de notre r\u00e9seau pour une \u00e9ducation toujours plus ouverte \u00e0 l&rsquo;international. Un suivi de projet essentiel, m\u00eame \u00e0 distance Notre accompagnement repose sur un [&hellip;]<\/p>\n","protected":false},"author":50,"featured_media":2973,"comment_status":"closed","ping_status":"closed","sticky":false,"template":"","format":"standard","meta":{"footnotes":"","_links_to":"","_links_to_target":""},"categories":[33],"tags":[],"class_list":["post-2972","post","type-post","status-publish","format-standard","has-post-thumbnail","hentry","category-amdb-association-des-maisons-don-bosco-coordinateur"],"_links":{"self":[{"href":"https:\/\/www.campusinternationaldonbosco.org\/en\/wp-json\/wp\/v2\/posts\/2972","targetHints":{"allow":["GET"]}}],"collection":[{"href":"https:\/\/www.campusinternationaldonbosco.org\/en\/wp-json\/wp\/v2\/posts"}],"about":[{"href":"https:\/\/www.campusinternationaldonbosco.org\/en\/wp-json\/wp\/v2\/types\/post"}],"author":[{"embeddable":true,"href":"https:\/\/www.campusinternationaldonbosco.org\/en\/wp-json\/wp\/v2\/users\/50"}],"replies":[{"embeddable":true,"href":"https:\/\/www.campusinternationaldonbosco.org\/en\/wp-json\/wp\/v2\/comments?post=2972"}],"version-history":[{"count":1,"href":"https:\/\/www.campusinternationaldonbosco.org\/en\/wp-json\/wp\/v2\/posts\/2972\/revisions"}],"predecessor-version":[{"id":2977,"href":"https:\/\/www.campusinternationaldonbosco.org\/en\/wp-json\/wp\/v2\/posts\/2972\/revisions\/2977"}],"wp:featuredmedia":[{"embeddable":true,"href":"https:\/\/www.campusinternationaldonbosco.org\/en\/wp-json\/wp\/v2\/media\/2973"}],"wp:attachment":[{"href":"https:\/\/www.campusinternationaldonbosco.org\/en\/wp-json\/wp\/v2\/media?parent=2972"}],"wp:term":[{"taxonomy":"category","embeddable":true,"href":"https:\/\/www.campusinternationaldonbosco.org\/en\/wp-json\/wp\/v2\/categories?post=2972"},{"taxonomy":"post_tag","embeddable":true,"href":"https:\/\/www.campusinternationaldonbosco.org\/en\/wp-json\/wp\/v2\/tags?post=2972"}],"curies":[{"name":"wp","href":"https:\/\/api.w.org\/{rel}","templated":true}]}}