{"id":2935,"date":"2025-05-19T15:08:04","date_gmt":"2025-05-19T13:08:04","guid":{"rendered":"https:\/\/www.campusinternationaldonbosco.org\/?p=2935"},"modified":"2025-12-09T16:08:33","modified_gmt":"2025-12-09T15:08:33","slug":"les-minimois-deviennent-toscans-grace-a-erasmus","status":"publish","type":"post","link":"https:\/\/www.campusinternationaldonbosco.org\/en\/2025\/05\/19\/les-minimois-deviennent-toscans-grace-a-erasmus\/","title":{"rendered":"Les Minimois deviennent toscans gr\u00e2ce \u00e0 Erasmus+"},"content":{"rendered":"<figure class=\"wp-block-image size-large\"><img fetchpriority=\"high\" decoding=\"async\" width=\"1024\" height=\"487\" src=\"https:\/\/www.campusinternationaldonbosco.org\/wp-content\/uploads\/2025\/05\/AREZZO-4-1024x487.jpg\" alt=\"\" class=\"wp-image-3041\" srcset=\"https:\/\/www.campusinternationaldonbosco.org\/wp-content\/uploads\/2025\/05\/AREZZO-4-1024x487.jpg 1024w, https:\/\/www.campusinternationaldonbosco.org\/wp-content\/uploads\/2025\/05\/AREZZO-4-300x143.jpg 300w, https:\/\/www.campusinternationaldonbosco.org\/wp-content\/uploads\/2025\/05\/AREZZO-4-768x365.jpg 768w, https:\/\/www.campusinternationaldonbosco.org\/wp-content\/uploads\/2025\/05\/AREZZO-4-1536x730.jpg 1536w, https:\/\/www.campusinternationaldonbosco.org\/wp-content\/uploads\/2025\/05\/AREZZO-4-18x9.jpg 18w, https:\/\/www.campusinternationaldonbosco.org\/wp-content\/uploads\/2025\/05\/AREZZO-4.jpg 2000w\" sizes=\"(max-width: 1024px) 100vw, 1024px\" \/><\/figure>\n\n\n\n<p>Deux mois apr\u00e8s avoir accueilli les jeunes Toscans, nos Minimois ont \u00e0 leur tour plong\u00e9 au c\u0153ur de la culture italienne. <strong>Du 11 au 18 avril 2025<\/strong>, nos 10 \u00e9l\u00e8ves ont v\u00e9cu une semaine d\u2019immersion totale dans les familles de leurs correspondants, partageant leur quotidien, leurs habitudes, leur cuisine et leurs traditions.<\/p>\n\n\n\n<p>Cette exp\u00e9rience leur a permis de d\u00e9couvrir la richesse historique, artistique et culturelle d\u2019Arezzo \u2014 ville o\u00f9 fut tourn\u00e9 <em><strong>La vie est belle<\/strong><\/em> \u2014 tout en se glissant dans la peau d\u2019\u00e9l\u00e8ves italiens : rencontre avec l\u2019adjoint au maire, s\u00e9ance dans la salle communale, participation \u00e0 diff\u00e9rents cours et \u00e9changes enrichissants avec les professeurs et M. Maurizio Gatteschi, directeur de l\u2019\u00e9cole Vittoria Colonna.<\/p>\n\n\n\n<p>Guid\u00e9s par leurs correspondants, ils ont \u00e9galement explor\u00e9 quelques tr\u00e9sors de Toscane : <strong>Florence<\/strong>, avec le mus\u00e9e des Offices et le palais de la Seigneurie, puis <strong>Pise<\/strong> et sa c\u00e9l\u00e8bre tour pench\u00e9e, dont ils ont gravi les 74 marches pour admirer la vue sur la place des Miracles.<\/p>\n\n\n\n<p><strong>Pour la 10e ann\u00e9e<\/strong>, cet \u00e9change reste une aventure forte en \u00e9motions, en d\u00e9couvertes et en ouverture culturelle.<\/p>\n\n\n\n<figure class=\"wp-block-image size-large is-resized\"><img decoding=\"async\" width=\"1024\" height=\"508\" src=\"https:\/\/www.campusinternationaldonbosco.org\/wp-content\/uploads\/2025\/05\/FLORENCE--1024x508.jpg\" alt=\"\" class=\"wp-image-3045\" style=\"width:800px;height:auto\" srcset=\"https:\/\/www.campusinternationaldonbosco.org\/wp-content\/uploads\/2025\/05\/FLORENCE--1024x508.jpg 1024w, https:\/\/www.campusinternationaldonbosco.org\/wp-content\/uploads\/2025\/05\/FLORENCE--300x149.jpg 300w, https:\/\/www.campusinternationaldonbosco.org\/wp-content\/uploads\/2025\/05\/FLORENCE--768x381.jpg 768w, https:\/\/www.campusinternationaldonbosco.org\/wp-content\/uploads\/2025\/05\/FLORENCE--1536x763.jpg 1536w, https:\/\/www.campusinternationaldonbosco.org\/wp-content\/uploads\/2025\/05\/FLORENCE--2048x1017.jpg 2048w, https:\/\/www.campusinternationaldonbosco.org\/wp-content\/uploads\/2025\/05\/FLORENCE--18x9.jpg 18w\" sizes=\"(max-width: 1024px) 100vw, 1024px\" \/><\/figure>\n\n\n\n<p>Un immense merci aux professeurs Badiali et Mme Cardot pour leur organisation, \u00e0 Mme Durdilly pour son accompagnement pr\u00e9cieux, \u00e0 nos directions respectives\u2026 et surtout \u00e0 vous, chers \u00e9l\u00e8ves, qui nous donnez l\u2019envie et l\u2019\u00e9nergie de porter de si beaux projets !<br><\/p>\n\n\n\n<p>All\u2019anno prossimo&nbsp;!<br>Mme Haffray (professeur d\u2019italien)<\/p>\n\n\n\n<p><\/p>","protected":false},"excerpt":{"rendered":"<p>Deux mois apr\u00e8s avoir accueilli les jeunes Toscans, nos Minimois ont \u00e0 leur tour plong\u00e9 au c\u0153ur de la culture italienne. Du 11 au 18 avril 2025, nos 10 \u00e9l\u00e8ves ont v\u00e9cu une semaine d\u2019immersion totale dans les familles de leurs correspondants, partageant leur quotidien, leurs habitudes, leur cuisine et leurs traditions. Cette exp\u00e9rience leur [&hellip;]<\/p>\n","protected":false},"author":20,"featured_media":3036,"comment_status":"closed","ping_status":"closed","sticky":false,"template":"","format":"standard","meta":{"footnotes":"","_links_to":"","_links_to_target":""},"categories":[18],"tags":[],"class_list":["post-2935","post","type-post","status-publish","format-standard","has-post-thumbnail","hentry","category-lycee-notre-dame-des-minimes-lyon"],"_links":{"self":[{"href":"https:\/\/www.campusinternationaldonbosco.org\/en\/wp-json\/wp\/v2\/posts\/2935","targetHints":{"allow":["GET"]}}],"collection":[{"href":"https:\/\/www.campusinternationaldonbosco.org\/en\/wp-json\/wp\/v2\/posts"}],"about":[{"href":"https:\/\/www.campusinternationaldonbosco.org\/en\/wp-json\/wp\/v2\/types\/post"}],"author":[{"embeddable":true,"href":"https:\/\/www.campusinternationaldonbosco.org\/en\/wp-json\/wp\/v2\/users\/20"}],"replies":[{"embeddable":true,"href":"https:\/\/www.campusinternationaldonbosco.org\/en\/wp-json\/wp\/v2\/comments?post=2935"}],"version-history":[{"count":10,"href":"https:\/\/www.campusinternationaldonbosco.org\/en\/wp-json\/wp\/v2\/posts\/2935\/revisions"}],"predecessor-version":[{"id":3046,"href":"https:\/\/www.campusinternationaldonbosco.org\/en\/wp-json\/wp\/v2\/posts\/2935\/revisions\/3046"}],"wp:featuredmedia":[{"embeddable":true,"href":"https:\/\/www.campusinternationaldonbosco.org\/en\/wp-json\/wp\/v2\/media\/3036"}],"wp:attachment":[{"href":"https:\/\/www.campusinternationaldonbosco.org\/en\/wp-json\/wp\/v2\/media?parent=2935"}],"wp:term":[{"taxonomy":"category","embeddable":true,"href":"https:\/\/www.campusinternationaldonbosco.org\/en\/wp-json\/wp\/v2\/categories?post=2935"},{"taxonomy":"post_tag","embeddable":true,"href":"https:\/\/www.campusinternationaldonbosco.org\/en\/wp-json\/wp\/v2\/tags?post=2935"}],"curies":[{"name":"wp","href":"https:\/\/api.w.org\/{rel}","templated":true}]}}