{"id":2889,"date":"2025-01-25T17:31:14","date_gmt":"2025-01-25T16:31:14","guid":{"rendered":"https:\/\/www.campusinternationaldonbosco.org\/?p=2889"},"modified":"2025-12-09T16:25:33","modified_gmt":"2025-12-09T15:25:33","slug":"mobilite-des-3emes-de-st-viateur-canaguet-a-barcelone","status":"publish","type":"post","link":"https:\/\/www.campusinternationaldonbosco.org\/en\/2025\/01\/25\/mobilite-des-3emes-de-st-viateur-canaguet-a-barcelone\/","title":{"rendered":"Mobilit\u00e9 des 3\u00e8mes de St Viateur Canaguet \u00e0 Barcelone"},"content":{"rendered":"<div data-elementor-type=\"wp-post\" data-elementor-id=\"2889\" class=\"elementor elementor-2889\" data-elementor-post-type=\"post\">\n\t\t\t\t<div class=\"elementor-element elementor-element-4816ea8e e-flex e-con-boxed e-con e-parent\" data-id=\"4816ea8e\" data-element_type=\"container\" data-e-type=\"container\">\n\t\t\t\t\t<div class=\"e-con-inner\">\n\t\t\t\t<div class=\"elementor-element elementor-element-54cd1d4f elementor-widget elementor-widget-text-editor\" data-id=\"54cd1d4f\" data-element_type=\"widget\" data-e-type=\"widget\" data-widget_type=\"text-editor.default\">\n\t\t\t\t<div class=\"elementor-widget-container\">\n\t\t\t\t\t\t\t\t\t\n<figure class=\"wp-block-gallery has-nested-images columns-default is-cropped wp-block-gallery-3 is-layout-flex wp-block-gallery-is-layout-flex\">\n<figure class=\"wp-block-image size-large\"><img fetchpriority=\"high\" decoding=\"async\" width=\"1024\" height=\"768\" data-id=\"2890\" class=\"wp-image-2890\" src=\"https:\/\/www.campusinternationaldonbosco.org\/wp-content\/uploads\/2025\/11\/IMG_0657-1-1024x768.jpg\" alt=\"\" srcset=\"https:\/\/www.campusinternationaldonbosco.org\/wp-content\/uploads\/2025\/11\/IMG_0657-1-1024x768.jpg 1024w, https:\/\/www.campusinternationaldonbosco.org\/wp-content\/uploads\/2025\/11\/IMG_0657-1-300x225.jpg 300w, https:\/\/www.campusinternationaldonbosco.org\/wp-content\/uploads\/2025\/11\/IMG_0657-1-768x576.jpg 768w, https:\/\/www.campusinternationaldonbosco.org\/wp-content\/uploads\/2025\/11\/IMG_0657-1-1536x1152.jpg 1536w, https:\/\/www.campusinternationaldonbosco.org\/wp-content\/uploads\/2025\/11\/IMG_0657-1-2048x1536.jpg 2048w, https:\/\/www.campusinternationaldonbosco.org\/wp-content\/uploads\/2025\/11\/IMG_0657-1-16x12.jpg 16w\" sizes=\"(max-width: 1024px) 100vw, 1024px\" \/><\/figure>\n<\/figure>\n\n<p>Du 15 au 21 janvier 2025, pour commencer leur derni\u00e8re ligne droite de coll\u00e9gien, quinze \u00e9l\u00e8ves de troisi\u00e8me ont \u00e9t\u00e9 accueillis dans l\u2019\u00e9cole J\u00e9suites Gracia Kotska de Barcelone pour passer une semaine dans le cadre du programme Erasmus+.<\/p>\n\n<p>Les six jours de travail collaboratif ont \u00e9t\u00e9 ax\u00e9s sur la cr\u00e9ation d\u2019un jeu des 7 familles sur la ville de Barcelone, l\u2019architecture, la gastronomie, les expressions, les personnalit\u00e9s catalanes.<\/p>\n\n<p>Les \u00e9l\u00e8ves, par groupe de 4 form\u00e9s de 2 bin\u00f4mes de correspondants, ont travaill\u00e9 ensemble pour faire des recherches sur ces th\u00e9matiques en communiquant en espagnol et en fran\u00e7ais. L\u2019ensemble des \u00e9l\u00e8ves a pu profiter de la proximit\u00e9 des monuments embl\u00e9matiques pour pouvoir cr\u00e9er les cartes sur l\u2019architecture moderniste. Les professeurs espagnols leur ont permis de prendre en main de nouveaux outils num\u00e9riques en recherchant des informations cibl\u00e9es sur internet mais aussi en se servant d\u2019un logiciel pour cr\u00e9er ces cartes de jeu. Par ailleurs, le c\u00f4t\u00e9 artistique n\u2019a pas \u00e9t\u00e9 oubli\u00e9 en faisant illustrer des recettes de cuisine, en travaillant sur la perspective pour se rendre compte de l\u2019architecture particuli\u00e8re de la ville de Barcelone.<\/p>\n\n<p>Les \u00e9changes ont permis de cr\u00e9er ce jeu inconnu des jeunes espagnols. Nos \u00e9l\u00e8ves fran\u00e7ais ont donc d\u00fb expliquer les r\u00e8gles du jeu en espagnol. La derni\u00e8re matin\u00e9e a \u00e9t\u00e9 consacr\u00e9e \u00e0 la mise en pratique du travail effectu\u00e9 toute la semaine en jouant ensemble toujours en communiquant en espagnol.<\/p>\n\n<p>En fin de journ\u00e9e, apr\u00e8s le travail interactif \u00e0 l\u2019\u00e9cole, les \u00e9l\u00e8ves ont pu vivre la vie de leur correspondant en partageant les activit\u00e9s et la vie de famille. Nos \u00e9l\u00e8ves aveyronnais ont pu d\u00e9couvrir la vie dans une grande ville \u00e0 l\u2019animation incessante. Se d\u00e9placer \u00e0 pied, prendre le m\u00e9tro, vivre au rythme espagnol, encha\u00eener les activit\u00e9s apr\u00e8s les cours leur a permis de se rendre compte que le rythme de vie dans une grande ville est bien diff\u00e9rent du leur.<\/p>\n\n<p>A leur tour les correspondants espagnols sont venus au mois de mars pour passer une semaine chez leur correspondant \u00e0 Onet le Ch\u00e2teau. Ils ont alors invers\u00e9 la langue de travail puisque le jeu des 7 familles a alors concern\u00e9 la culture aveyronnaise. La semaine a permis de consolider les liens d\u00e9j\u00e0 bien ancr\u00e9s. La derni\u00e8re apr\u00e8s-midi tous les \u00e9l\u00e8ves qui ont pris part \u00e0 la mobilit\u00e9 ont \u00e9t\u00e9 accueilli par l&rsquo;\u00e9quipe de restauration du Coll\u00e8ge St Viateur Canaguet. Apr\u00e8s avoir cherch\u00e9 et trouv\u00e9 les recettes, ils ont confectionn\u00e9 les sp\u00e9cialit\u00e9s locales: fouace, soleil, \u00e9chaud\u00e9s, far\u00e7ous sous la direction de notre chef R\u00e9mi. Comme le veut la tradition, les familles de tous les participants \u00e0 la mobilit\u00e9, les enseignants et le personnel du coll\u00e8ge ont \u00e9t\u00e9 invit\u00e9s pour une soir\u00e9e conviviale autour d\u2019un aligot. La salle de restauration semblait bien petite au vu du nombre de participants. Une exp\u00e9rience unique, enrichissante pour tous gr\u00e2ce aux financements europ\u00e9ens des projets Erasmus +.<\/p>\n\n<figure class=\"wp-block-gallery has-nested-images columns-default is-cropped wp-block-gallery-4 is-layout-flex wp-block-gallery-is-layout-flex\">\n<figure class=\"wp-block-image size-large\"><img decoding=\"async\" width=\"1024\" height=\"450\" data-id=\"2891\" class=\"wp-image-2891\" src=\"https:\/\/www.campusinternationaldonbosco.org\/wp-content\/uploads\/2025\/11\/262a7c5b-82e8-46db-8201-ddb8e89444fb-1-1024x450.jpg\" alt=\"\" srcset=\"https:\/\/www.campusinternationaldonbosco.org\/wp-content\/uploads\/2025\/11\/262a7c5b-82e8-46db-8201-ddb8e89444fb-1-1024x450.jpg 1024w, https:\/\/www.campusinternationaldonbosco.org\/wp-content\/uploads\/2025\/11\/262a7c5b-82e8-46db-8201-ddb8e89444fb-1-300x132.jpg 300w, https:\/\/www.campusinternationaldonbosco.org\/wp-content\/uploads\/2025\/11\/262a7c5b-82e8-46db-8201-ddb8e89444fb-1-768x337.jpg 768w, https:\/\/www.campusinternationaldonbosco.org\/wp-content\/uploads\/2025\/11\/262a7c5b-82e8-46db-8201-ddb8e89444fb-1-1536x675.jpg 1536w, https:\/\/www.campusinternationaldonbosco.org\/wp-content\/uploads\/2025\/11\/262a7c5b-82e8-46db-8201-ddb8e89444fb-1-18x8.jpg 18w, https:\/\/www.campusinternationaldonbosco.org\/wp-content\/uploads\/2025\/11\/262a7c5b-82e8-46db-8201-ddb8e89444fb-1.jpg 2040w\" sizes=\"(max-width: 1024px) 100vw, 1024px\" \/><\/figure>\n\n<figure class=\"wp-block-image size-large\"><img decoding=\"async\" width=\"1024\" height=\"449\" data-id=\"2893\" class=\"wp-image-2893\" src=\"https:\/\/www.campusinternationaldonbosco.org\/wp-content\/uploads\/2025\/11\/bfc3aec1-6212-4d5c-bf61-42345a33c794-1-1024x449.jpg\" alt=\"\" srcset=\"https:\/\/www.campusinternationaldonbosco.org\/wp-content\/uploads\/2025\/11\/bfc3aec1-6212-4d5c-bf61-42345a33c794-1-1024x449.jpg 1024w, https:\/\/www.campusinternationaldonbosco.org\/wp-content\/uploads\/2025\/11\/bfc3aec1-6212-4d5c-bf61-42345a33c794-1-300x132.jpg 300w, https:\/\/www.campusinternationaldonbosco.org\/wp-content\/uploads\/2025\/11\/bfc3aec1-6212-4d5c-bf61-42345a33c794-1-768x337.jpg 768w, https:\/\/www.campusinternationaldonbosco.org\/wp-content\/uploads\/2025\/11\/bfc3aec1-6212-4d5c-bf61-42345a33c794-1-1536x674.jpg 1536w, https:\/\/www.campusinternationaldonbosco.org\/wp-content\/uploads\/2025\/11\/bfc3aec1-6212-4d5c-bf61-42345a33c794-1-18x8.jpg 18w, https:\/\/www.campusinternationaldonbosco.org\/wp-content\/uploads\/2025\/11\/bfc3aec1-6212-4d5c-bf61-42345a33c794-1.jpg 1600w\" sizes=\"(max-width: 1024px) 100vw, 1024px\" \/><\/figure>\n\n<figure class=\"wp-block-image size-large\"><img loading=\"lazy\" decoding=\"async\" width=\"1024\" height=\"449\" data-id=\"2892\" class=\"wp-image-2892\" src=\"https:\/\/www.campusinternationaldonbosco.org\/wp-content\/uploads\/2025\/11\/28115de1-8e1b-434b-b4b5-5e4ffc14b07e-1-1024x449.jpg\" alt=\"\" srcset=\"https:\/\/www.campusinternationaldonbosco.org\/wp-content\/uploads\/2025\/11\/28115de1-8e1b-434b-b4b5-5e4ffc14b07e-1-1024x449.jpg 1024w, https:\/\/www.campusinternationaldonbosco.org\/wp-content\/uploads\/2025\/11\/28115de1-8e1b-434b-b4b5-5e4ffc14b07e-1-300x132.jpg 300w, https:\/\/www.campusinternationaldonbosco.org\/wp-content\/uploads\/2025\/11\/28115de1-8e1b-434b-b4b5-5e4ffc14b07e-1-768x337.jpg 768w, https:\/\/www.campusinternationaldonbosco.org\/wp-content\/uploads\/2025\/11\/28115de1-8e1b-434b-b4b5-5e4ffc14b07e-1-1536x674.jpg 1536w, https:\/\/www.campusinternationaldonbosco.org\/wp-content\/uploads\/2025\/11\/28115de1-8e1b-434b-b4b5-5e4ffc14b07e-1-18x8.jpg 18w, https:\/\/www.campusinternationaldonbosco.org\/wp-content\/uploads\/2025\/11\/28115de1-8e1b-434b-b4b5-5e4ffc14b07e-1.jpg 1600w\" sizes=\"(max-width: 1024px) 100vw, 1024px\" \/><\/figure>\n<\/figure>\n\t\t\t\t\t\t\t\t<\/div>\n\t\t\t\t<\/div>\n\t\t\t\t\t<\/div>\n\t\t\t\t<\/div>\n\t\t\t\t<\/div>","protected":false},"excerpt":{"rendered":"<p>Du 15 au 21 janvier 2025, pour commencer leur derni\u00e8re ligne droite de coll\u00e9gien, quinze \u00e9l\u00e8ves de troisi\u00e8me ont \u00e9t\u00e9 accueillis dans l\u2019\u00e9cole J\u00e9suites Gracia Kotska de Barcelone pour passer une semaine dans le cadre du programme Erasmus+. Les six jours de travail collaboratif ont \u00e9t\u00e9 ax\u00e9s sur la cr\u00e9ation d\u2019un jeu des 7 familles [&hellip;]<\/p>\n","protected":false},"author":34,"featured_media":2890,"comment_status":"closed","ping_status":"closed","sticky":false,"template":"","format":"standard","meta":{"footnotes":"","_links_to":"","_links_to_target":""},"categories":[24],"tags":[],"class_list":["post-2889","post","type-post","status-publish","format-standard","has-post-thumbnail","hentry","category-college-saint-viateur-onet-le-chateau"],"_links":{"self":[{"href":"https:\/\/www.campusinternationaldonbosco.org\/en\/wp-json\/wp\/v2\/posts\/2889","targetHints":{"allow":["GET"]}}],"collection":[{"href":"https:\/\/www.campusinternationaldonbosco.org\/en\/wp-json\/wp\/v2\/posts"}],"about":[{"href":"https:\/\/www.campusinternationaldonbosco.org\/en\/wp-json\/wp\/v2\/types\/post"}],"author":[{"embeddable":true,"href":"https:\/\/www.campusinternationaldonbosco.org\/en\/wp-json\/wp\/v2\/users\/34"}],"replies":[{"embeddable":true,"href":"https:\/\/www.campusinternationaldonbosco.org\/en\/wp-json\/wp\/v2\/comments?post=2889"}],"version-history":[{"count":4,"href":"https:\/\/www.campusinternationaldonbosco.org\/en\/wp-json\/wp\/v2\/posts\/2889\/revisions"}],"predecessor-version":[{"id":3075,"href":"https:\/\/www.campusinternationaldonbosco.org\/en\/wp-json\/wp\/v2\/posts\/2889\/revisions\/3075"}],"wp:featuredmedia":[{"embeddable":true,"href":"https:\/\/www.campusinternationaldonbosco.org\/en\/wp-json\/wp\/v2\/media\/2890"}],"wp:attachment":[{"href":"https:\/\/www.campusinternationaldonbosco.org\/en\/wp-json\/wp\/v2\/media?parent=2889"}],"wp:term":[{"taxonomy":"category","embeddable":true,"href":"https:\/\/www.campusinternationaldonbosco.org\/en\/wp-json\/wp\/v2\/categories?post=2889"},{"taxonomy":"post_tag","embeddable":true,"href":"https:\/\/www.campusinternationaldonbosco.org\/en\/wp-json\/wp\/v2\/tags?post=2889"}],"curies":[{"name":"wp","href":"https:\/\/api.w.org\/{rel}","templated":true}]}}