{"id":2846,"date":"2025-10-20T18:40:46","date_gmt":"2025-10-20T16:40:46","guid":{"rendered":"https:\/\/www.campusinternationaldonbosco.org\/?p=2846"},"modified":"2025-12-04T00:01:19","modified_gmt":"2025-12-03T23:01:19","slug":"eco-crafts-quand-leurope-se-met-au-service-de-lespoir-et-de-lavenir-des-jeunes-de-lefp","status":"publish","type":"post","link":"https:\/\/www.campusinternationaldonbosco.org\/en\/2025\/10\/20\/eco-crafts-quand-leurope-se-met-au-service-de-lespoir-et-de-lavenir-des-jeunes-de-lefp\/","title":{"rendered":"ECO CRAFTS : Quand l\u2019Europe se met au service de l&rsquo;espoir et de l\u2019avenir des jeunes de l&rsquo;EFP."},"content":{"rendered":"<p><strong>Budapest, Hongrie \u2013 Du 15 au 17 octobre 2025, le projet Erasmus+ \u00ab\u00a0ECO CRAFTS\u00a0\u00bb a \u00e9t\u00e9 mis \u00e0 l\u2019honneur lors des XV\u00e8mes Rencontres Sal\u00e9siennes Europ\u00e9ennes DB TECH EUROPE. Cet \u00e9v\u00e9nement majeur, ax\u00e9 sur les actualit\u00e9s et les enjeux de l\u2019Enseignement et de la Formation Professionnelle (EFP) au sein du r\u00e9seau sal\u00e9sien, a constitu\u00e9 une vitrine id\u00e9ale pour la diss\u00e9mination de nos premiers travaux.<\/strong><\/p>\n\n\n\n<p><strong>Une Audience Europ\u00e9enne&nbsp;<\/strong><\/p>\n\n\n\n<p>Ces rencontres ont r\u00e9uni pr\u00e8s de 80 professionnels \u2014 chefs d\u2019\u00e9tablissement, coordinateurs Erasmus+, et enseignants \u2014 venus de nombreux pays europ\u00e9ens (Espagne, Belgique, Italie, Allemagne, Slovaquie, Hongrie, Gr\u00e8ce, France) et non europ\u00e9ens (Egypte). L&rsquo;objectif \u00e9tait de partager les bonnes pratiques et d\u2019\u00e9voquer les enjeux de l&rsquo;EFP sal\u00e9sienne en Europe.<\/p>\n\n\n\n<figure class=\"wp-block-image size-large\"><img fetchpriority=\"high\" decoding=\"async\" width=\"1024\" height=\"462\" src=\"https:\/\/www.campusinternationaldonbosco.org\/wp-content\/uploads\/2025\/10\/20251016_101440-1024x462.jpg\" alt=\"\" class=\"wp-image-2854\" srcset=\"https:\/\/www.campusinternationaldonbosco.org\/wp-content\/uploads\/2025\/10\/20251016_101440-1024x462.jpg 1024w, https:\/\/www.campusinternationaldonbosco.org\/wp-content\/uploads\/2025\/10\/20251016_101440-300x135.jpg 300w, https:\/\/www.campusinternationaldonbosco.org\/wp-content\/uploads\/2025\/10\/20251016_101440-768x346.jpg 768w, https:\/\/www.campusinternationaldonbosco.org\/wp-content\/uploads\/2025\/10\/20251016_101440-1536x692.jpg 1536w, https:\/\/www.campusinternationaldonbosco.org\/wp-content\/uploads\/2025\/10\/20251016_101440-2048x923.jpg 2048w, https:\/\/www.campusinternationaldonbosco.org\/wp-content\/uploads\/2025\/10\/20251016_101440-18x8.jpg 18w\" sizes=\"(max-width: 1024px) 100vw, 1024px\" \/><\/figure>\n\n\n\n<p><strong>ECO CRAFTS : Un exemple de collaboration et d&rsquo;innovation p\u00e9dagogique<\/strong><\/p>\n\n\n\n<p>Notre \u00e9quipe a eu l&rsquo;opportunit\u00e9 de pr\u00e9senter en d\u00e9tail le projet ECO CRAFTS : ses objectifs novateurs, les r\u00e9sultats attendus et, surtout, son impact pr\u00e9visionnel sur l\u2019enseignement professionnel.<\/p>\n\n\n\n<p>La pr\u00e9sentation a mis en lumi\u00e8re plusieurs aspects important du projet :<\/p>\n\n\n\n<ul class=\"wp-block-list\">\n<li><strong>Une p\u00e9dagogie collaborative :<\/strong>&nbsp;Nous avons partag\u00e9 nos m\u00e9thodes de travail collaboratives, con\u00e7ues pour booster la motivation des \u00e9l\u00e8ves, renforcer leur implication dans le travail d&rsquo;\u00e9quipe et d\u00e9velopper un fort sentiment d\u2019appartenance europ\u00e9enne et de fraternit\u00e9.<\/li>\n\n\n\n<li><strong>Des comp\u00e9tences d&rsquo;avenir :<\/strong>&nbsp;Un accent particulier a \u00e9t\u00e9 mis sur l&rsquo;acquisition, par les \u00e9l\u00e8ves, de \u00ab\u00a0soft skills\u00a0\u00bb (comp\u00e9tences transversales) et de \u00ab\u00a0green skills\u00a0\u00bb (comp\u00e9tences vertes), essentielles pour leur employabilit\u00e9 future dans leur sp\u00e9cialit\u00e9.<\/li>\n\n\n\n<li><strong>Un renforcement des Comp\u00e9tences des Adultes :<\/strong>&nbsp;Le projet contribue \u00e9galement au d\u00e9veloppement des comp\u00e9tences professionnelles des adultes dans la gestion de projets europ\u00e9ens (Erasmus+, eTwinning), permettant ainsi la p\u00e9rennit\u00e9 de l&rsquo;innovation au sein des \u00e9tablissements.<\/li>\n<\/ul>\n\n\n\n<figure class=\"wp-block-image size-large\"><img decoding=\"async\" width=\"1024\" height=\"573\" src=\"https:\/\/www.campusinternationaldonbosco.org\/wp-content\/uploads\/2025\/10\/Capture-decran-2025-10-28-a-18.32.20-1024x573.png\" alt=\"\" class=\"wp-image-2849\" srcset=\"https:\/\/www.campusinternationaldonbosco.org\/wp-content\/uploads\/2025\/10\/Capture-decran-2025-10-28-a-18.32.20-1024x573.png 1024w, https:\/\/www.campusinternationaldonbosco.org\/wp-content\/uploads\/2025\/10\/Capture-decran-2025-10-28-a-18.32.20-300x168.png 300w, https:\/\/www.campusinternationaldonbosco.org\/wp-content\/uploads\/2025\/10\/Capture-decran-2025-10-28-a-18.32.20-768x430.png 768w, https:\/\/www.campusinternationaldonbosco.org\/wp-content\/uploads\/2025\/10\/Capture-decran-2025-10-28-a-18.32.20-1536x859.png 1536w, https:\/\/www.campusinternationaldonbosco.org\/wp-content\/uploads\/2025\/10\/Capture-decran-2025-10-28-a-18.32.20-18x10.png 18w, https:\/\/www.campusinternationaldonbosco.org\/wp-content\/uploads\/2025\/10\/Capture-decran-2025-10-28-a-18.32.20.png 1566w\" sizes=\"(max-width: 1024px) 100vw, 1024px\" \/><\/figure>\n\n\n\n<p><strong>Inspirer les Partenariats de Demain<\/strong><\/p>\n\n\n\n<p>Au-del\u00e0 de la pr\u00e9sentation formelle, cet \u00e9v\u00e9nement a permis aux partenaires du projet ECO CRAFTS de se retrouver pour consolider les liens et \u00e9voquer les prochaines \u00e9tapes.<\/p>\n\n\n\n<p>Cette diss\u00e9mination a aussi g\u00e9n\u00e9r\u00e9 un effet d&rsquo;inspiration. Plusieurs participants, s\u00e9duits par la m\u00e9thodologie et les r\u00e9sultats potentiels d&rsquo;ECO CRAFTS, ont exprim\u00e9 leur intention de candidater \u00e0 de futurs projets de partenariat Erasmus+. Ce partage fructueux t\u00e9moigne de la capacit\u00e9 du projet \u00e0 devenir un catalyseur d&rsquo;initiatives nouvelles pour l&rsquo;EFP sal\u00e9sienne en Europe.<\/p>\n\n\n\n<figure class=\"wp-block-image size-large\"><img decoding=\"async\" width=\"1024\" height=\"576\" src=\"https:\/\/www.campusinternationaldonbosco.org\/wp-content\/uploads\/2025\/10\/761b55c5-6545-49f9-8ac3-6393fcb49318-1024x576.jpg\" alt=\"\" class=\"wp-image-2851\" srcset=\"https:\/\/www.campusinternationaldonbosco.org\/wp-content\/uploads\/2025\/10\/761b55c5-6545-49f9-8ac3-6393fcb49318-1024x576.jpg 1024w, https:\/\/www.campusinternationaldonbosco.org\/wp-content\/uploads\/2025\/10\/761b55c5-6545-49f9-8ac3-6393fcb49318-300x169.jpg 300w, https:\/\/www.campusinternationaldonbosco.org\/wp-content\/uploads\/2025\/10\/761b55c5-6545-49f9-8ac3-6393fcb49318-768x432.jpg 768w, https:\/\/www.campusinternationaldonbosco.org\/wp-content\/uploads\/2025\/10\/761b55c5-6545-49f9-8ac3-6393fcb49318-1536x864.jpg 1536w, https:\/\/www.campusinternationaldonbosco.org\/wp-content\/uploads\/2025\/10\/761b55c5-6545-49f9-8ac3-6393fcb49318-18x10.jpg 18w, https:\/\/www.campusinternationaldonbosco.org\/wp-content\/uploads\/2025\/10\/761b55c5-6545-49f9-8ac3-6393fcb49318.jpg 2040w\" sizes=\"(max-width: 1024px) 100vw, 1024px\" \/><\/figure>\n\n\n\n<figure class=\"wp-block-image size-large\"><img loading=\"lazy\" decoding=\"async\" width=\"1024\" height=\"557\" src=\"https:\/\/www.campusinternationaldonbosco.org\/wp-content\/uploads\/2025\/10\/Capture-decran-2025-10-28-a-18.32.02-1024x557.png\" alt=\"\" class=\"wp-image-2848\" srcset=\"https:\/\/www.campusinternationaldonbosco.org\/wp-content\/uploads\/2025\/10\/Capture-decran-2025-10-28-a-18.32.02-1024x557.png 1024w, https:\/\/www.campusinternationaldonbosco.org\/wp-content\/uploads\/2025\/10\/Capture-decran-2025-10-28-a-18.32.02-300x163.png 300w, https:\/\/www.campusinternationaldonbosco.org\/wp-content\/uploads\/2025\/10\/Capture-decran-2025-10-28-a-18.32.02-768x418.png 768w, https:\/\/www.campusinternationaldonbosco.org\/wp-content\/uploads\/2025\/10\/Capture-decran-2025-10-28-a-18.32.02-1536x835.png 1536w, https:\/\/www.campusinternationaldonbosco.org\/wp-content\/uploads\/2025\/10\/Capture-decran-2025-10-28-a-18.32.02-18x10.png 18w, https:\/\/www.campusinternationaldonbosco.org\/wp-content\/uploads\/2025\/10\/Capture-decran-2025-10-28-a-18.32.02.png 1552w\" sizes=\"(max-width: 1024px) 100vw, 1024px\" \/><\/figure>\n\n\n\n<figure class=\"wp-block-image size-full\"><img loading=\"lazy\" decoding=\"async\" width=\"900\" height=\"137\" src=\"https:\/\/www.campusinternationaldonbosco.org\/wp-content\/uploads\/2020\/04\/erasumus-ue-1.png\" alt=\"\" class=\"wp-image-2488\" srcset=\"https:\/\/www.campusinternationaldonbosco.org\/wp-content\/uploads\/2020\/04\/erasumus-ue-1.png 900w, https:\/\/www.campusinternationaldonbosco.org\/wp-content\/uploads\/2020\/04\/erasumus-ue-1-300x46.png 300w, https:\/\/www.campusinternationaldonbosco.org\/wp-content\/uploads\/2020\/04\/erasumus-ue-1-768x117.png 768w, https:\/\/www.campusinternationaldonbosco.org\/wp-content\/uploads\/2020\/04\/erasumus-ue-1-18x3.png 18w\" sizes=\"(max-width: 900px) 100vw, 900px\" \/><\/figure>","protected":false},"excerpt":{"rendered":"<p>Budapest, Hongrie \u2013 Du 15 au 17 octobre 2025, le projet Erasmus+ \u00ab\u00a0ECO CRAFTS\u00a0\u00bb a \u00e9t\u00e9 mis \u00e0 l\u2019honneur lors des XV\u00e8mes Rencontres Sal\u00e9siennes Europ\u00e9ennes DB TECH EUROPE. Cet \u00e9v\u00e9nement majeur, ax\u00e9 sur les actualit\u00e9s et les enjeux de l\u2019Enseignement et de la Formation Professionnelle (EFP) au sein du r\u00e9seau sal\u00e9sien, a constitu\u00e9 une vitrine [&hellip;]<\/p>\n","protected":false},"author":4,"featured_media":2851,"comment_status":"closed","ping_status":"closed","sticky":false,"template":"","format":"standard","meta":{"footnotes":"","_links_to":"","_links_to_target":""},"categories":[23,1],"tags":[],"class_list":["post-2846","post","type-post","status-publish","format-standard","has-post-thumbnail","hentry","category-ensemble-scolaire-don-bosco-nice","category-actualites-generales"],"_links":{"self":[{"href":"https:\/\/www.campusinternationaldonbosco.org\/en\/wp-json\/wp\/v2\/posts\/2846","targetHints":{"allow":["GET"]}}],"collection":[{"href":"https:\/\/www.campusinternationaldonbosco.org\/en\/wp-json\/wp\/v2\/posts"}],"about":[{"href":"https:\/\/www.campusinternationaldonbosco.org\/en\/wp-json\/wp\/v2\/types\/post"}],"author":[{"embeddable":true,"href":"https:\/\/www.campusinternationaldonbosco.org\/en\/wp-json\/wp\/v2\/users\/4"}],"replies":[{"embeddable":true,"href":"https:\/\/www.campusinternationaldonbosco.org\/en\/wp-json\/wp\/v2\/comments?post=2846"}],"version-history":[{"count":3,"href":"https:\/\/www.campusinternationaldonbosco.org\/en\/wp-json\/wp\/v2\/posts\/2846\/revisions"}],"predecessor-version":[{"id":2855,"href":"https:\/\/www.campusinternationaldonbosco.org\/en\/wp-json\/wp\/v2\/posts\/2846\/revisions\/2855"}],"wp:featuredmedia":[{"embeddable":true,"href":"https:\/\/www.campusinternationaldonbosco.org\/en\/wp-json\/wp\/v2\/media\/2851"}],"wp:attachment":[{"href":"https:\/\/www.campusinternationaldonbosco.org\/en\/wp-json\/wp\/v2\/media?parent=2846"}],"wp:term":[{"taxonomy":"category","embeddable":true,"href":"https:\/\/www.campusinternationaldonbosco.org\/en\/wp-json\/wp\/v2\/categories?post=2846"},{"taxonomy":"post_tag","embeddable":true,"href":"https:\/\/www.campusinternationaldonbosco.org\/en\/wp-json\/wp\/v2\/tags?post=2846"}],"curies":[{"name":"wp","href":"https:\/\/api.w.org\/{rel}","templated":true}]}}