{"id":2807,"date":"2025-10-20T15:45:07","date_gmt":"2025-10-20T13:45:07","guid":{"rendered":"https:\/\/www.campusinternationaldonbosco.org\/?p=2807"},"modified":"2025-10-20T15:49:21","modified_gmt":"2025-10-20T13:49:21","slug":"erasmus-days-2025-a-lestic-de-saint-dizier","status":"publish","type":"post","link":"https:\/\/www.campusinternationaldonbosco.org\/en\/2025\/10\/20\/erasmus-days-2025-a-lestic-de-saint-dizier\/","title":{"rendered":"Erasmus Days 2025 \u00e0 l\u2019ESTIC de Saint Dizier"},"content":{"rendered":"<figure class=\"wp-block-image size-large\"><img fetchpriority=\"high\" decoding=\"async\" width=\"1024\" height=\"768\" src=\"https:\/\/www.campusinternationaldonbosco.org\/wp-content\/uploads\/2025\/10\/IMG_20251020_095156-1024x768.jpg\" alt=\"\" class=\"wp-image-2811\" srcset=\"https:\/\/www.campusinternationaldonbosco.org\/wp-content\/uploads\/2025\/10\/IMG_20251020_095156-1024x768.jpg 1024w, https:\/\/www.campusinternationaldonbosco.org\/wp-content\/uploads\/2025\/10\/IMG_20251020_095156-300x225.jpg 300w, https:\/\/www.campusinternationaldonbosco.org\/wp-content\/uploads\/2025\/10\/IMG_20251020_095156-768x576.jpg 768w, https:\/\/www.campusinternationaldonbosco.org\/wp-content\/uploads\/2025\/10\/IMG_20251020_095156-1536x1152.jpg 1536w, https:\/\/www.campusinternationaldonbosco.org\/wp-content\/uploads\/2025\/10\/IMG_20251020_095156-2048x1536.jpg 2048w, https:\/\/www.campusinternationaldonbosco.org\/wp-content\/uploads\/2025\/10\/IMG_20251020_095156-16x12.jpg 16w\" sizes=\"(max-width: 1024px) 100vw, 1024px\" \/><\/figure>\n\n\n\n<p>Depuis plusieurs ann\u00e9es maintenant, l\u2019ESTIC organise ses Erasmus Days.<br>C\u2019est l\u2019occasion pour les \u00e9l\u00e8ves ayant effectu\u00e9 des mobilit\u00e9s de parler de leur<br>exp\u00e9rience \u00e0 leurs camarades.<br>Cette ann\u00e9e, les \u00e9l\u00e8ves de lyc\u00e9e professionnel revenaient sur le stage de 3<br>semaines effectu\u00e9 \u00e0 Malte en juin 2024. Nouveaut\u00e9 2025&nbsp;: Nerea faisait un bilan de<br>mi-parcours dans le cadre d\u2019un \u00e9change de longue dur\u00e9e entre Sant Joan Bosco de<br>Barcelone et l\u2019ESTIC. C\u2019est avec enthousiasme que chacun a \u00e9voqu\u00e9 son<br>exp\u00e9rience face aux \u00e9l\u00e8ves de 3\u00e8mes g\u00e9n\u00e9rales et Pr\u00e9pa M\u00e9tiers, mais aussi aux<br>classes de seconde du lyc\u00e9e professionnelle ainsi qu\u2019\u00e0 la classe de terminale CAP<br>AEPE.<br>Un grand merci \u00e0 eux pour \u00eatre mont\u00e9s sur sc\u00e8ne et faire part de leur v\u00e9cu&nbsp;!<\/p>\n\n\n\n<p><\/p>","protected":false},"excerpt":{"rendered":"<p>Depuis plusieurs ann\u00e9es maintenant, l\u2019ESTIC organise ses Erasmus Days.C\u2019est l\u2019occasion pour les \u00e9l\u00e8ves ayant effectu\u00e9 des mobilit\u00e9s de parler de leurexp\u00e9rience \u00e0 leurs camarades.Cette ann\u00e9e, les \u00e9l\u00e8ves de lyc\u00e9e professionnel revenaient sur le stage de 3semaines effectu\u00e9 \u00e0 Malte en juin 2024. Nouveaut\u00e9 2025&nbsp;: Nerea faisait un bilan demi-parcours dans le cadre d\u2019un \u00e9change de [&hellip;]<\/p>\n","protected":false},"author":50,"featured_media":2811,"comment_status":"closed","ping_status":"closed","sticky":false,"template":"","format":"standard","meta":{"footnotes":"","_links_to":"","_links_to_target":""},"categories":[43],"tags":[],"class_list":["post-2807","post","type-post","status-publish","format-standard","has-post-thumbnail","hentry","category-estic-st-dizier"],"_links":{"self":[{"href":"https:\/\/www.campusinternationaldonbosco.org\/en\/wp-json\/wp\/v2\/posts\/2807","targetHints":{"allow":["GET"]}}],"collection":[{"href":"https:\/\/www.campusinternationaldonbosco.org\/en\/wp-json\/wp\/v2\/posts"}],"about":[{"href":"https:\/\/www.campusinternationaldonbosco.org\/en\/wp-json\/wp\/v2\/types\/post"}],"author":[{"embeddable":true,"href":"https:\/\/www.campusinternationaldonbosco.org\/en\/wp-json\/wp\/v2\/users\/50"}],"replies":[{"embeddable":true,"href":"https:\/\/www.campusinternationaldonbosco.org\/en\/wp-json\/wp\/v2\/comments?post=2807"}],"version-history":[{"count":1,"href":"https:\/\/www.campusinternationaldonbosco.org\/en\/wp-json\/wp\/v2\/posts\/2807\/revisions"}],"predecessor-version":[{"id":2812,"href":"https:\/\/www.campusinternationaldonbosco.org\/en\/wp-json\/wp\/v2\/posts\/2807\/revisions\/2812"}],"wp:featuredmedia":[{"embeddable":true,"href":"https:\/\/www.campusinternationaldonbosco.org\/en\/wp-json\/wp\/v2\/media\/2811"}],"wp:attachment":[{"href":"https:\/\/www.campusinternationaldonbosco.org\/en\/wp-json\/wp\/v2\/media?parent=2807"}],"wp:term":[{"taxonomy":"category","embeddable":true,"href":"https:\/\/www.campusinternationaldonbosco.org\/en\/wp-json\/wp\/v2\/categories?post=2807"},{"taxonomy":"post_tag","embeddable":true,"href":"https:\/\/www.campusinternationaldonbosco.org\/en\/wp-json\/wp\/v2\/tags?post=2807"}],"curies":[{"name":"wp","href":"https:\/\/api.w.org\/{rel}","templated":true}]}}