{"id":2721,"date":"2025-03-31T11:21:00","date_gmt":"2025-03-31T09:21:00","guid":{"rendered":"https:\/\/www.campusinternationaldonbosco.org\/?p=2721"},"modified":"2025-07-13T10:31:45","modified_gmt":"2025-07-13T08:31:45","slug":"une-mobilite-erasmus-a-pampelune-sur-le-theme-du-developpement-durable-et-de-lia","status":"publish","type":"post","link":"https:\/\/www.campusinternationaldonbosco.org\/en\/2025\/03\/31\/une-mobilite-erasmus-a-pampelune-sur-le-theme-du-developpement-durable-et-de-lia\/","title":{"rendered":"Une mobilit\u00e9 Erasmus+ \u00e0 Pampelune sur le th\u00e8me du d\u00e9veloppement durable et de l\u2019IA"},"content":{"rendered":"<h2 data-start=\"207\" data-end=\"295\">Du 24 au 28 mars 2025, six \u00e9l\u00e8ves du lyc\u00e9e g\u00e9n\u00e9ral de la Fondation Don Bosco Marseille ont v\u00e9cu une exp\u00e9rience inoubliable \u00e0 Pampelune (Espagne), dans le cadre du programme <strong style=\"font-family: Merriweather, sans-serif; font-size: 17px;\" data-start=\"470\" data-end=\"482\">Erasmus+<\/strong>.<\/h2>\n<h2 data-start=\"207\" data-end=\"295\">Accompagn\u00e9s par deux enseignantes, Mme Louiza Madani (professeure d\u2019espagnol) et Mme Nathalie Alexandre (professeure de math\u00e9matiques), les \u00e9l\u00e8ves ont particip\u00e9 \u00e0 une mobilit\u00e9 de groupe accueillie par l\u2019Institut Polit\u00e9cnico Salesiano de Sarriguren.<\/h2>\n<h3 data-start=\"734\" data-end=\"794\">Un projet tourn\u00e9 vers l\u2019environnement et l\u2019innovation<\/h3>\n<p data-start=\"796\" data-end=\"1189\">Cette mobilit\u00e9 s\u2019inscrit dans un projet europ\u00e9en autour de deux th\u00e9matiques majeures : <strong data-start=\"883\" data-end=\"911\">le d\u00e9veloppement durable<\/strong> et <strong data-start=\"915\" data-end=\"981\">l\u2019intelligence artificielle appliqu\u00e9e \u00e0 la gestion des d\u00e9chets<\/strong>. Durant trois jours d\u2019activit\u00e9s intensives, les \u00e9l\u00e8ves fran\u00e7ais et leurs homologues espagnols ont collabor\u00e9 sur un projet commun visant \u00e0 <strong data-start=\"1120\" data-end=\"1188\">comparer les syst\u00e8mes de tri s\u00e9lectif \u00e0 Marseille et \u00e0 Pampelune<\/strong>.<\/p>\n<p data-start=\"1191\" data-end=\"1486\">Ils ont ainsi men\u00e9 des enqu\u00eates sur les pratiques locales de gestion des d\u00e9chets, visit\u00e9 les infrastructures de tri de la ville de Sarriguren, r\u00e9alis\u00e9 des analyses de donn\u00e9es issues de questionnaires et pr\u00e9par\u00e9 des pr\u00e9sentations interactives destin\u00e9es \u00e0 sensibiliser leurs camarades plus jeunes.<\/p>\n<p>\u00a0<\/p>\n<h3 data-start=\"1488\" data-end=\"1543\">Une collaboration franco-espagnole enrichissante<\/h3>\n<p data-start=\"1545\" data-end=\"1944\">L\u2019ensemble des activit\u00e9s a \u00e9t\u00e9 men\u00e9 en anglais, avec des \u00e9changes en espagnol et en fran\u00e7ais selon les situations. Ce multilinguisme a permis aux \u00e9l\u00e8ves de renforcer leurs comp\u00e9tences linguistiques de mani\u00e8re concr\u00e8te et naturelle. R\u00e9partis en bin\u00f4mes mixtes, les jeunes ont travaill\u00e9 sur des projets communs, con\u00e7u des outils de communication, et pr\u00e9sent\u00e9 leurs r\u00e9sultats \u00e0 l\u2019oral devant un public.<\/p>\n<p data-start=\"1946\" data-end=\"2185\">Ils ont \u00e9galement abord\u00e9 des aspects culturels, notamment lors de la <strong data-start=\"2015\" data-end=\"2056\">pr\u00e9sentation de la ville de Marseille<\/strong> par les \u00e9l\u00e8ves fran\u00e7ais \u00e0 leurs correspondants espagnols, ou \u00e0 travers l\u2019\u00e9change de pratiques familiales sur le tri des d\u00e9chets.<\/p>\n<h3 data-start=\"2695\" data-end=\"2712\">Et apr\u00e8s ?<\/h3>\n<p data-start=\"2714\" data-end=\"3047\">De retour \u00e0 Marseille, les \u00e9l\u00e8ves sont plus que jamais <strong data-start=\"2769\" data-end=\"2794\">acteurs du changement<\/strong>, motiv\u00e9s \u00e0 partager les bonnes pratiques apprises et \u00e0 poursuivre leur engagement en faveur du d\u00e9veloppement durable. Ce projet Erasmus+ est une preuve concr\u00e8te que l\u2019Europe est un espace d\u2019apprentissage, de dialogue et de coop\u00e9ration entre les jeunes.<\/p>\n<p data-start=\"2714\" data-end=\"3047\"><img fetchpriority=\"high\" decoding=\"async\" class=\"aligncenter\" src=\"https:\/\/www.campusinternationaldonbosco.org\/wp-content\/uploads\/2025\/07\/IMG_5458-300x218.jpg\" alt=\"\" width=\"300\" height=\"218\" \/><\/p>\n<p data-start=\"2714\" data-end=\"3047\">\u00a0<\/p>\n\n\n<figure class=\"wp-block-image size-large\"><img decoding=\"async\" width=\"1024\" height=\"156\" src=\"https:\/\/www.campusinternationaldonbosco.org\/wp-content\/uploads\/2020\/04\/erasumus-ue-1024x156.png\" alt=\"\" class=\"wp-image-2486\" srcset=\"https:\/\/www.campusinternationaldonbosco.org\/wp-content\/uploads\/2020\/04\/erasumus-ue-1024x156.png 1024w, https:\/\/www.campusinternationaldonbosco.org\/wp-content\/uploads\/2020\/04\/erasumus-ue-300x46.png 300w, https:\/\/www.campusinternationaldonbosco.org\/wp-content\/uploads\/2020\/04\/erasumus-ue-768x117.png 768w, https:\/\/www.campusinternationaldonbosco.org\/wp-content\/uploads\/2020\/04\/erasumus-ue-1536x234.png 1536w, https:\/\/www.campusinternationaldonbosco.org\/wp-content\/uploads\/2020\/04\/erasumus-ue-2048x312.png 2048w, https:\/\/www.campusinternationaldonbosco.org\/wp-content\/uploads\/2020\/04\/erasumus-ue-18x3.png 18w\" sizes=\"(max-width: 1024px) 100vw, 1024px\" \/><\/figure>","protected":false},"excerpt":{"rendered":"<p>Du 24 au 28 mars 2025, six \u00e9l\u00e8ves du lyc\u00e9e g\u00e9n\u00e9ral de la Fondation Don Bosco Marseille ont v\u00e9cu une exp\u00e9rience inoubliable \u00e0 Pampelune (Espagne), dans le cadre du programme Erasmus+. Accompagn\u00e9s par deux enseignantes, Mme Louiza Madani (professeure d\u2019espagnol) et Mme Nathalie Alexandre (professeure de math\u00e9matiques), les \u00e9l\u00e8ves ont particip\u00e9 \u00e0 une mobilit\u00e9 de [&hellip;]<\/p>\n","protected":false},"author":59,"featured_media":2739,"comment_status":"closed","ping_status":"closed","sticky":false,"template":"","format":"standard","meta":{"footnotes":"","_links_to":"","_links_to_target":""},"categories":[20],"tags":[],"class_list":["post-2721","post","type-post","status-publish","format-standard","has-post-thumbnail","hentry","category-lycee-don-bosco-marseille"],"_links":{"self":[{"href":"https:\/\/www.campusinternationaldonbosco.org\/en\/wp-json\/wp\/v2\/posts\/2721","targetHints":{"allow":["GET"]}}],"collection":[{"href":"https:\/\/www.campusinternationaldonbosco.org\/en\/wp-json\/wp\/v2\/posts"}],"about":[{"href":"https:\/\/www.campusinternationaldonbosco.org\/en\/wp-json\/wp\/v2\/types\/post"}],"author":[{"embeddable":true,"href":"https:\/\/www.campusinternationaldonbosco.org\/en\/wp-json\/wp\/v2\/users\/59"}],"replies":[{"embeddable":true,"href":"https:\/\/www.campusinternationaldonbosco.org\/en\/wp-json\/wp\/v2\/comments?post=2721"}],"version-history":[{"count":10,"href":"https:\/\/www.campusinternationaldonbosco.org\/en\/wp-json\/wp\/v2\/posts\/2721\/revisions"}],"predecessor-version":[{"id":2792,"href":"https:\/\/www.campusinternationaldonbosco.org\/en\/wp-json\/wp\/v2\/posts\/2721\/revisions\/2792"}],"wp:featuredmedia":[{"embeddable":true,"href":"https:\/\/www.campusinternationaldonbosco.org\/en\/wp-json\/wp\/v2\/media\/2739"}],"wp:attachment":[{"href":"https:\/\/www.campusinternationaldonbosco.org\/en\/wp-json\/wp\/v2\/media?parent=2721"}],"wp:term":[{"taxonomy":"category","embeddable":true,"href":"https:\/\/www.campusinternationaldonbosco.org\/en\/wp-json\/wp\/v2\/categories?post=2721"},{"taxonomy":"post_tag","embeddable":true,"href":"https:\/\/www.campusinternationaldonbosco.org\/en\/wp-json\/wp\/v2\/tags?post=2721"}],"curies":[{"name":"wp","href":"https:\/\/api.w.org\/{rel}","templated":true}]}}