{"id":2706,"date":"2025-05-26T20:38:37","date_gmt":"2025-05-26T18:38:37","guid":{"rendered":"https:\/\/www.campusinternationaldonbosco.org\/?p=2706"},"modified":"2025-12-03T23:37:08","modified_gmt":"2025-12-03T22:37:08","slug":"des-eleves-du-sacre-coeur-de-laissac-a-santander-3e-edition","status":"publish","type":"post","link":"https:\/\/www.campusinternationaldonbosco.org\/en\/2025\/05\/26\/des-eleves-du-sacre-coeur-de-laissac-a-santander-3e-edition\/","title":{"rendered":"Des \u00e9l\u00e8ves du Sacr\u00e9 Coeur de Laissac \u00e0 Santander ! 3e \u00e9dition"},"content":{"rendered":"<p>Du 20 au 25 mai 2025, 11 \u00e9l\u00e8ves de 3e du Coll\u00e8ge du Sacr\u00e9 C\u0153ur \u00e0 Laissac accompagn\u00e9s par leurs 2 enseignants ont retrouv\u00e9 leurs correspondants \u00e0 Santander (Cantabrie, Espagne) dans le cadre d&rsquo;un \u00e9change Erasmus+. En effet, leurs homologues espagnols \u00e9taient venus nous rendre visite en f\u00e9vrier et avaient \u00e9t\u00e9 re\u00e7us par les familles de nos jeunes. <\/p>\n\n\n\n<p>L&rsquo;heure des retrouvailles afin arriv\u00e9e, nous avons eu le plaisir d&rsquo;\u00eatre \u00e0 nouveau accueillis au sein de l&rsquo;\u00e9tablissement sal\u00e9sien Marie Auxiliatrice. Pour une semaine riche en d\u00e9couverte durant laquelle nous avons travaill\u00e9 sur le projet commun de l&rsquo;architecture. Il s&rsquo;agissait pour les \u00e9l\u00e8ves de d\u00e9couvrir et comparer les monuments et constructions typiques de la r\u00e9gion. Ce travail bilingue a \u00e9t\u00e9 r\u00e9alis\u00e9 \u00e9galement en France lors de la mobilit\u00e9 des espagnols. <\/p>\n\n\n\n<p>Lors de cette mobilit\u00e9, les \u00e9l\u00e8ves ont pu se rendre \u00e0 Comillas, village c\u00f4tier c\u00e9l\u00e8bre pour son architecture de type art nouveau. Accompagn\u00e9s de leurs correspondants, ils ont particip\u00e9 \u00e0 des visites interactives avec un jeu de piste, r\u00e9alis\u00e9 un rallye-photo et relev\u00e9 des informations afin d&rsquo;\u00e9tayer leur travail de pr\u00e9sentation. Les lieux visit\u00e9s leur ont permis de d\u00e9couvrir ce type d&rsquo;architecture particulier notamment le Capricho de Gaud\u00ed, l&rsquo;ancienne universit\u00e9 pontificale et le Palais de Sobrellano, incontournables et magnifiques \u00e9difices modernistes. <\/p>\n\n\n\n<p>Ils ont ensuite pu suivre leurs correspondants dans le centre de Santander et les \u00e9couter nous faire une visite guid\u00e9e de la ville dont l&rsquo;objectif \u00e9tait de visualiser les diff\u00e9rents lieux mentionn\u00e9s dans les pr\u00e9sentations orales tels que le Palais de la Madeleine, le Centre Bot\u00edn&#8230; <\/p>\n\n\n\n<p>Cette semaine du mois de mai, n&rsquo;a pas \u00e9t\u00e9 choisie au hasard. Il s&rsquo;agissait en effet de la semaine des festivit\u00e9s de l&rsquo;\u00e9tablissement en hommage \u00e0 Marie Auxiliatrice. Au programme, jeux et activit\u00e9s en tout genre ainsi qu&rsquo;une procession dans les rues alentours durant laquelle les \u00e9l\u00e8ves de Tle de l&rsquo;\u00e9tablissement ont le privil\u00e8ge de sortir la Vierge. C&rsquo;est avec une grande fiert\u00e9 que les correspondants nous ont fait d\u00e9couvrir leurs traditions pour c\u00e9l\u00e9brer Marie Auxiliatrice. La journ\u00e9e a pris fin avec un bal dans la cour du coll\u00e8ge auquel tous ont particip\u00e9 avec leurs homologues et leurs familles. <\/p>\n\n\n\n<p>Encore une exp\u00e9rience r\u00e9ussie, riche en \u00e9motions et d\u00e9couvertes qui nous permet de consolider nos relations fraternelles avec notre partenaire sal\u00e9sien espagnol. <\/p>\n\n\n\n<p>De quoi motiver et donner envie \u00e0 d&rsquo;autres jeunes de notre maison de participer \u00e0 cette belle aventure Erasmus+ !<br><\/p>\n\n\n\n<p><\/p>\n\n\n\n<p><\/p>\n\n\n\n<figure class=\"wp-block-image\"><img fetchpriority=\"high\" decoding=\"async\" width=\"1200\" height=\"1600\" src=\"https:\/\/www.campusinternationaldonbosco.org\/wp-content\/uploads\/2025\/06\/1750870640389.jpg\" alt=\"\" class=\"wp-image-2712\" srcset=\"https:\/\/www.campusinternationaldonbosco.org\/wp-content\/uploads\/2025\/06\/1750870640389.jpg 1200w, https:\/\/www.campusinternationaldonbosco.org\/wp-content\/uploads\/2025\/06\/1750870640389-225x300.jpg 225w, https:\/\/www.campusinternationaldonbosco.org\/wp-content\/uploads\/2025\/06\/1750870640389-768x1024.jpg 768w, https:\/\/www.campusinternationaldonbosco.org\/wp-content\/uploads\/2025\/06\/1750870640389-1152x1536.jpg 1152w, https:\/\/www.campusinternationaldonbosco.org\/wp-content\/uploads\/2025\/06\/1750870640389-9x12.jpg 9w\" sizes=\"(max-width: 1200px) 100vw, 1200px\" \/><\/figure>","protected":false},"excerpt":{"rendered":"<p>Du 20 au 25 mai 2025, 11 \u00e9l\u00e8ves de 3e du Coll\u00e8ge du Sacr\u00e9 C\u0153ur \u00e0 Laissac accompagn\u00e9s par leurs 2 enseignants ont retrouv\u00e9 leurs correspondants \u00e0 Santander (Cantabrie, Espagne) dans le cadre d&rsquo;un \u00e9change Erasmus+. En effet, leurs homologues espagnols \u00e9taient venus nous rendre visite en f\u00e9vrier et avaient \u00e9t\u00e9 re\u00e7us par les familles [&hellip;]<\/p>\n","protected":false},"author":77,"featured_media":2712,"comment_status":"closed","ping_status":"closed","sticky":false,"template":"","format":"standard","meta":{"footnotes":"","_links_to":"","_links_to_target":""},"categories":[17],"tags":[],"class_list":["post-2706","post","type-post","status-publish","format-standard","has-post-thumbnail","hentry","category-college-sacre-coeur-laissac"],"_links":{"self":[{"href":"https:\/\/www.campusinternationaldonbosco.org\/en\/wp-json\/wp\/v2\/posts\/2706","targetHints":{"allow":["GET"]}}],"collection":[{"href":"https:\/\/www.campusinternationaldonbosco.org\/en\/wp-json\/wp\/v2\/posts"}],"about":[{"href":"https:\/\/www.campusinternationaldonbosco.org\/en\/wp-json\/wp\/v2\/types\/post"}],"author":[{"embeddable":true,"href":"https:\/\/www.campusinternationaldonbosco.org\/en\/wp-json\/wp\/v2\/users\/77"}],"replies":[{"embeddable":true,"href":"https:\/\/www.campusinternationaldonbosco.org\/en\/wp-json\/wp\/v2\/comments?post=2706"}],"version-history":[{"count":7,"href":"https:\/\/www.campusinternationaldonbosco.org\/en\/wp-json\/wp\/v2\/posts\/2706\/revisions"}],"predecessor-version":[{"id":2715,"href":"https:\/\/www.campusinternationaldonbosco.org\/en\/wp-json\/wp\/v2\/posts\/2706\/revisions\/2715"}],"wp:featuredmedia":[{"embeddable":true,"href":"https:\/\/www.campusinternationaldonbosco.org\/en\/wp-json\/wp\/v2\/media\/2712"}],"wp:attachment":[{"href":"https:\/\/www.campusinternationaldonbosco.org\/en\/wp-json\/wp\/v2\/media?parent=2706"}],"wp:term":[{"taxonomy":"category","embeddable":true,"href":"https:\/\/www.campusinternationaldonbosco.org\/en\/wp-json\/wp\/v2\/categories?post=2706"},{"taxonomy":"post_tag","embeddable":true,"href":"https:\/\/www.campusinternationaldonbosco.org\/en\/wp-json\/wp\/v2\/tags?post=2706"}],"curies":[{"name":"wp","href":"https:\/\/api.w.org\/{rel}","templated":true}]}}