{"id":2704,"date":"2024-06-25T17:31:00","date_gmt":"2024-06-25T15:31:00","guid":{"rendered":"https:\/\/www.campusinternationaldonbosco.org\/?p=2704"},"modified":"2025-07-13T09:53:29","modified_gmt":"2025-07-13T07:53:29","slug":"observer-ailleurs-pour-se-reinventer-ici-lexperience-de-dusseldorf","status":"publish","type":"post","link":"https:\/\/www.campusinternationaldonbosco.org\/en\/2024\/06\/25\/observer-ailleurs-pour-se-reinventer-ici-lexperience-de-dusseldorf\/","title":{"rendered":"Observer ailleurs pour se r\u00e9inventer ici : l\u2019exp\u00e9rience de D\u00fcsseldorf"},"content":{"rendered":"<figure class=\"wp-block-image size-full\"><img fetchpriority=\"high\" decoding=\"async\" width=\"624\" height=\"264\" src=\"https:\/\/www.campusinternationaldonbosco.org\/wp-content\/uploads\/2025\/07\/Capture-decran-2025-07-13-a-09.50.15.png\" alt=\"\" class=\"wp-image-2765\" srcset=\"https:\/\/www.campusinternationaldonbosco.org\/wp-content\/uploads\/2025\/07\/Capture-decran-2025-07-13-a-09.50.15.png 624w, https:\/\/www.campusinternationaldonbosco.org\/wp-content\/uploads\/2025\/07\/Capture-decran-2025-07-13-a-09.50.15-300x127.png 300w, https:\/\/www.campusinternationaldonbosco.org\/wp-content\/uploads\/2025\/07\/Capture-decran-2025-07-13-a-09.50.15-18x8.png 18w\" sizes=\"(max-width: 624px) 100vw, 624px\" \/><\/figure>\n\n\n\n<p>Du 16 au 18 avril 2024, quatre membres de l\u2019\u00e9quipe \u00e9ducative du coll\u00e8ge Don Bosco de Gi\u00e8res (38) ont pris part \u00e0 une mobilit\u00e9 Erasmus+ d\u2019observation \u00e0 D\u00fcsseldorf, en Allemagne. Deux d\u2019entre elles ont \u00e9t\u00e9 accueillies au <em>Theodor Fliedner Gymnasium<\/em> (coll\u00e8ge\/lyc\u00e9e), tandis que les deux autres ont d\u00e9couvert l\u2019\u00e9cole primaire internationale <em>Thomas Schule<\/em>.<\/p>\n\n\n\n<p>\u00c0 la <em>Thomas Schule<\/em>, la directrice de l\u2019\u00e9cole primaire Don Bosco et une enseignante d\u2019allemand ont \u00e9t\u00e9 particuli\u00e8rement marqu\u00e9es par l\u2019organisation flexible des espaces, l\u2019usage intensif du num\u00e9rique et l\u2019impact positif d\u2019un environnement multilingue. L\u2019enseignement des langues vivantes (anglais et italien), r\u00e9solument ax\u00e9 sur l\u2019oral, a mis en lumi\u00e8re les limites d\u2019une approche plus acad\u00e9mique souvent privil\u00e9gi\u00e9e en France. La structuration apais\u00e9e de la journ\u00e9e, avec des pauses r\u00e9guli\u00e8res et un vrai temps de petit-d\u00e9jeuner, a \u00e9galement nourri une r\u00e9flexion sur le bien-\u00eatre des \u00e9l\u00e8ves.<\/p>\n\n\n\n<p>Au <em>Theodor Fliedner Gymnasium<\/em>, une enseignante de la classe ULIS et une \u00e9ducatrice de vie scolaire ont d\u00e9couvert un syst\u00e8me \u00e9ducatif d\u00e9centralis\u00e9 valorisant l\u2019autonomie et la responsabilit\u00e9. Elles ont \u00e9t\u00e9 frapp\u00e9es par la place accord\u00e9e \u00e0 l\u2019expression orale, au travail en bin\u00f4mes, \u00e0 la coop\u00e9ration et \u00e0 l\u2019implication active dans les apprentissages. La bienveillance et la fluidit\u00e9 des relations entre adultes et \u00e9l\u00e8ves leur ont offert une perspective nouvelle sur la gestion de classe et la co\u00e9ducation.<\/p>\n\n\n\n<p>Au-del\u00e0 de l\u2019enrichissement personnel des participantes, ces observations nourrissent aujourd\u2019hui une r\u00e9flexion collective au sein de l&rsquo;\u00e9cole et du coll\u00e8ge Don Bosco. Elles ouvrent des pistes concr\u00e8tes pour faire \u00e9voluer les pratiques p\u00e9dagogiques, renforcer l\u2019accompagnement des \u00e9l\u00e8ves et s\u2019inspirer d\u2019autres mod\u00e8les \u00e9ducatifs europ\u00e9ens.<\/p>\n\n\n\n<p>Agn\u00e8s COTTA, responsable p\u00e9dagogique projets ERASMUS+<\/p>\n\n\n\n<figure class=\"wp-block-image size-large\"><img decoding=\"async\" width=\"1024\" height=\"156\" src=\"https:\/\/www.campusinternationaldonbosco.org\/wp-content\/uploads\/2020\/04\/erasumus-ue-1024x156.png\" alt=\"\" class=\"wp-image-2486\" srcset=\"https:\/\/www.campusinternationaldonbosco.org\/wp-content\/uploads\/2020\/04\/erasumus-ue-1024x156.png 1024w, https:\/\/www.campusinternationaldonbosco.org\/wp-content\/uploads\/2020\/04\/erasumus-ue-300x46.png 300w, https:\/\/www.campusinternationaldonbosco.org\/wp-content\/uploads\/2020\/04\/erasumus-ue-768x117.png 768w, https:\/\/www.campusinternationaldonbosco.org\/wp-content\/uploads\/2020\/04\/erasumus-ue-1536x234.png 1536w, https:\/\/www.campusinternationaldonbosco.org\/wp-content\/uploads\/2020\/04\/erasumus-ue-2048x312.png 2048w, https:\/\/www.campusinternationaldonbosco.org\/wp-content\/uploads\/2020\/04\/erasumus-ue-18x3.png 18w\" sizes=\"(max-width: 1024px) 100vw, 1024px\" \/><\/figure>","protected":false},"excerpt":{"rendered":"<p>Du 16 au 18 avril 2024, quatre membres de l\u2019\u00e9quipe \u00e9ducative du coll\u00e8ge Don Bosco de Gi\u00e8res (38) ont pris part \u00e0 une mobilit\u00e9 Erasmus+ d\u2019observation \u00e0 D\u00fcsseldorf, en Allemagne. Deux d\u2019entre elles ont \u00e9t\u00e9 accueillies au Theodor Fliedner Gymnasium (coll\u00e8ge\/lyc\u00e9e), tandis que les deux autres ont d\u00e9couvert l\u2019\u00e9cole primaire internationale Thomas Schule. \u00c0 la [&hellip;]<\/p>\n","protected":false},"author":86,"featured_media":2764,"comment_status":"closed","ping_status":"closed","sticky":false,"template":"","format":"standard","meta":{"footnotes":"","_links_to":"","_links_to_target":""},"categories":[42],"tags":[],"class_list":["post-2704","post","type-post","status-publish","format-standard","has-post-thumbnail","hentry","category-ecole-et-college-don-bosco-gieres"],"_links":{"self":[{"href":"https:\/\/www.campusinternationaldonbosco.org\/en\/wp-json\/wp\/v2\/posts\/2704","targetHints":{"allow":["GET"]}}],"collection":[{"href":"https:\/\/www.campusinternationaldonbosco.org\/en\/wp-json\/wp\/v2\/posts"}],"about":[{"href":"https:\/\/www.campusinternationaldonbosco.org\/en\/wp-json\/wp\/v2\/types\/post"}],"author":[{"embeddable":true,"href":"https:\/\/www.campusinternationaldonbosco.org\/en\/wp-json\/wp\/v2\/users\/86"}],"replies":[{"embeddable":true,"href":"https:\/\/www.campusinternationaldonbosco.org\/en\/wp-json\/wp\/v2\/comments?post=2704"}],"version-history":[{"count":3,"href":"https:\/\/www.campusinternationaldonbosco.org\/en\/wp-json\/wp\/v2\/posts\/2704\/revisions"}],"predecessor-version":[{"id":2767,"href":"https:\/\/www.campusinternationaldonbosco.org\/en\/wp-json\/wp\/v2\/posts\/2704\/revisions\/2767"}],"wp:featuredmedia":[{"embeddable":true,"href":"https:\/\/www.campusinternationaldonbosco.org\/en\/wp-json\/wp\/v2\/media\/2764"}],"wp:attachment":[{"href":"https:\/\/www.campusinternationaldonbosco.org\/en\/wp-json\/wp\/v2\/media?parent=2704"}],"wp:term":[{"taxonomy":"category","embeddable":true,"href":"https:\/\/www.campusinternationaldonbosco.org\/en\/wp-json\/wp\/v2\/categories?post=2704"},{"taxonomy":"post_tag","embeddable":true,"href":"https:\/\/www.campusinternationaldonbosco.org\/en\/wp-json\/wp\/v2\/tags?post=2704"}],"curies":[{"name":"wp","href":"https:\/\/api.w.org\/{rel}","templated":true}]}}