{"id":2687,"date":"2025-05-19T22:33:10","date_gmt":"2025-05-19T20:33:10","guid":{"rendered":"https:\/\/www.campusinternationaldonbosco.org\/?p=2687"},"modified":"2025-07-13T09:58:40","modified_gmt":"2025-07-13T07:58:40","slug":"erasmus-et-bon-accueil-toulon-au-danemark-ecoles-heureuses","status":"publish","type":"post","link":"https:\/\/www.campusinternationaldonbosco.org\/en\/2025\/05\/19\/erasmus-et-bon-accueil-toulon-au-danemark-ecoles-heureuses\/","title":{"rendered":"ERASMUS + et Bon Accueil Toulon au Danemark : \u00ab\u00a0Ecoles heureuses\u00a0\u00bb"},"content":{"rendered":"<p>Consortium AMDB On The Move &amp; \u00c9cole Bon Accueil Toulon<\/p>\n\n\n\n<p><\/p>\n\n\n\n<p>Du 12 au 16 mai 2025, C\u00e9line Wild, professeur des \u00e9coles \u00e0 l\u2019Externat Bon Accueil \u00e0 Toulon, a particip\u00e9 \u00e0 une formation Erasmus + \u00e0 Copenhague, au Danemark.&nbsp;L\u2019\u00e9cole fait en effet partie du Consortium sal\u00e9sien Campus Don Bosco On The Move accr\u00e9dit\u00e9 Erasmus+.<\/p>\n\n\n\n<p>Cette session, men\u00e9e par la soci\u00e9t\u00e9 de formation professionnelle Body Mind Academy, avait pour th\u00e9matique \u00ab \u00c9coles heureuses : \u00e9ducation positive pour le bien-\u00eatre et le d\u00e9veloppement des comp\u00e9tences sociales \u00bb.<\/p>\n\n\n\n<p>L\u2019objectif principal de cette formation \u00e9tait de comprendre l\u2019importance de consolider et de d\u00e9velopper les comp\u00e9tences sociales et \u00e9motionnelles des \u00e9l\u00e8ves pour les rendre plus engag\u00e9s dans leurs apprentissages et \u00e9galement plus \u00e9panouis dans le cadre scolaire.&nbsp;<\/p>\n\n\n\n<p>\u00c0 travers la pr\u00e9sentation des fondamentaux de la psychologie positive, ainsi que des enseignements th\u00e9oriques et des techniques concr\u00e8tes d\u2019\u00e9ducation positive, les participants ont pu approfondir leurs connaissances sur ce sujet au c\u0153ur des pr\u00e9occupations actuelles.<\/p>\n\n\n\n<p>Cette exp\u00e9rience, extr\u00eamement enrichissante d\u2019un point de vue professionnel mais aussi personnel, a \u00e9galement favoris\u00e9 des \u00e9changes riches et stimulants, en langue anglaise, entre les participants venus de toute l\u2019Europe. De nombreux partenaires et coll\u00e8gues europ\u00e9ens \u00e9taient en effet pr\u00e9sents et ont particip\u00e9 \u00e0 cr\u00e9er cet \u00e9change unique que seul Erasmus+ permet&nbsp;dans une carri\u00e8re professionnelle d\u2019enseignement.<\/p>\n\n\n\n<p>Des \u00e9changes p\u00e9dagogiques et activit\u00e9s pratiques que les stagiaires ont pu eux-m\u00eames exp\u00e9rimenter, ont permis l\u2019\u00e9mergence d\u2019id\u00e9es concr\u00e8tes o\u00f9 le bien-\u00eatre des \u00e9l\u00e8ves est au c\u0153ur des priorit\u00e9s, contribuant ainsi \u00e0 promouvoir un cadre scolaire plus \u00e9panouissant et porteur de sens, adapt\u00e9 \u00e0 chaque groupe d\u2019\u00e9l\u00e8ves.&nbsp;<\/p>\n\n\n\n<figure class=\"wp-block-image size-full\"><img decoding=\"async\" width=\"238\" height=\"76\" src=\"https:\/\/www.campusinternationaldonbosco.org\/wp-content\/uploads\/2025\/06\/image.png\" alt=\"\" class=\"wp-image-2690\" srcset=\"https:\/\/www.campusinternationaldonbosco.org\/wp-content\/uploads\/2025\/06\/image.png 238w, https:\/\/www.campusinternationaldonbosco.org\/wp-content\/uploads\/2025\/06\/image-18x6.png 18w\" sizes=\"(max-width: 238px) 100vw, 238px\" \/><\/figure>\n\n\n\n<figure class=\"wp-block-image size-large\"><img fetchpriority=\"high\" decoding=\"async\" width=\"1024\" height=\"156\" src=\"https:\/\/www.campusinternationaldonbosco.org\/wp-content\/uploads\/2020\/04\/erasumus-ue-1024x156.png\" alt=\"\" class=\"wp-image-2486\" srcset=\"https:\/\/www.campusinternationaldonbosco.org\/wp-content\/uploads\/2020\/04\/erasumus-ue-1024x156.png 1024w, https:\/\/www.campusinternationaldonbosco.org\/wp-content\/uploads\/2020\/04\/erasumus-ue-300x46.png 300w, https:\/\/www.campusinternationaldonbosco.org\/wp-content\/uploads\/2020\/04\/erasumus-ue-768x117.png 768w, https:\/\/www.campusinternationaldonbosco.org\/wp-content\/uploads\/2020\/04\/erasumus-ue-1536x234.png 1536w, https:\/\/www.campusinternationaldonbosco.org\/wp-content\/uploads\/2020\/04\/erasumus-ue-2048x312.png 2048w, https:\/\/www.campusinternationaldonbosco.org\/wp-content\/uploads\/2020\/04\/erasumus-ue-18x3.png 18w\" sizes=\"(max-width: 1024px) 100vw, 1024px\" \/><\/figure>","protected":false},"excerpt":{"rendered":"<p>Consortium AMDB On The Move &amp; \u00c9cole Bon Accueil Toulon Du 12 au 16 mai 2025, C\u00e9line Wild, professeur des \u00e9coles \u00e0 l\u2019Externat Bon Accueil \u00e0 Toulon, a particip\u00e9 \u00e0 une formation Erasmus + \u00e0 Copenhague, au Danemark.&nbsp;L\u2019\u00e9cole fait en effet partie du Consortium sal\u00e9sien Campus Don Bosco On The Move accr\u00e9dit\u00e9 Erasmus+. Cette session, [&hellip;]<\/p>\n","protected":false},"author":45,"featured_media":2689,"comment_status":"closed","ping_status":"closed","sticky":false,"template":"","format":"standard","meta":{"footnotes":"","_links_to":"","_links_to_target":""},"categories":[31],"tags":[],"class_list":["post-2687","post","type-post","status-publish","format-standard","has-post-thumbnail","hentry","category-externat-bon-accueil-toulon"],"_links":{"self":[{"href":"https:\/\/www.campusinternationaldonbosco.org\/en\/wp-json\/wp\/v2\/posts\/2687","targetHints":{"allow":["GET"]}}],"collection":[{"href":"https:\/\/www.campusinternationaldonbosco.org\/en\/wp-json\/wp\/v2\/posts"}],"about":[{"href":"https:\/\/www.campusinternationaldonbosco.org\/en\/wp-json\/wp\/v2\/types\/post"}],"author":[{"embeddable":true,"href":"https:\/\/www.campusinternationaldonbosco.org\/en\/wp-json\/wp\/v2\/users\/45"}],"replies":[{"embeddable":true,"href":"https:\/\/www.campusinternationaldonbosco.org\/en\/wp-json\/wp\/v2\/comments?post=2687"}],"version-history":[{"count":5,"href":"https:\/\/www.campusinternationaldonbosco.org\/en\/wp-json\/wp\/v2\/posts\/2687\/revisions"}],"predecessor-version":[{"id":2771,"href":"https:\/\/www.campusinternationaldonbosco.org\/en\/wp-json\/wp\/v2\/posts\/2687\/revisions\/2771"}],"wp:featuredmedia":[{"embeddable":true,"href":"https:\/\/www.campusinternationaldonbosco.org\/en\/wp-json\/wp\/v2\/media\/2689"}],"wp:attachment":[{"href":"https:\/\/www.campusinternationaldonbosco.org\/en\/wp-json\/wp\/v2\/media?parent=2687"}],"wp:term":[{"taxonomy":"category","embeddable":true,"href":"https:\/\/www.campusinternationaldonbosco.org\/en\/wp-json\/wp\/v2\/categories?post=2687"},{"taxonomy":"post_tag","embeddable":true,"href":"https:\/\/www.campusinternationaldonbosco.org\/en\/wp-json\/wp\/v2\/tags?post=2687"}],"curies":[{"name":"wp","href":"https:\/\/api.w.org\/{rel}","templated":true}]}}