{"id":2682,"date":"2025-05-04T15:18:41","date_gmt":"2025-05-04T13:18:41","guid":{"rendered":"https:\/\/www.campusinternationaldonbosco.org\/?p=2682"},"modified":"2025-12-03T23:38:53","modified_gmt":"2025-12-03T22:38:53","slug":"mobilite-erasmus-immersion-au-danemark-pour-quatre-enseignants-du-college-saint-louis-saint-bruno","status":"publish","type":"post","link":"https:\/\/www.campusinternationaldonbosco.org\/en\/2025\/05\/04\/mobilite-erasmus-immersion-au-danemark-pour-quatre-enseignants-du-college-saint-louis-saint-bruno\/","title":{"rendered":"Mobilit\u00e9 Erasmus+ : immersion au Danemark pour quatre enseignants du Coll\u00e8ge Saint-Louis Saint-Bruno."},"content":{"rendered":"<p>Dans le cadre du programme <strong>Erasmus+<\/strong>, quatre enseignants du Coll\u00e8ge Saint-Louis Saint-Bruno (Lyon) ont eu l&rsquo;opportunit\u00e9 de participer \u00e0 une mobilit\u00e9 de <strong>job-shadowing<\/strong> au Danemark, du <strong>27 avril au 1er mai 2025<\/strong>, pendant les vacances de printemps.<\/p>\n\n\n\n<figure class=\"wp-block-image aligncenter size-full\"><img fetchpriority=\"high\" decoding=\"async\" width=\"296\" height=\"302\" src=\"https:\/\/www.campusinternationaldonbosco.org\/wp-content\/uploads\/2025\/07\/Capture-decran-2025-07-13-a-10.07.11.png\" alt=\"\" class=\"wp-image-2777\" srcset=\"https:\/\/www.campusinternationaldonbosco.org\/wp-content\/uploads\/2025\/07\/Capture-decran-2025-07-13-a-10.07.11.png 296w, https:\/\/www.campusinternationaldonbosco.org\/wp-content\/uploads\/2025\/07\/Capture-decran-2025-07-13-a-10.07.11-294x300.png 294w, https:\/\/www.campusinternationaldonbosco.org\/wp-content\/uploads\/2025\/07\/Capture-decran-2025-07-13-a-10.07.11-12x12.png 12w\" sizes=\"(max-width: 296px) 100vw, 296px\" \/><\/figure>\n\n\n\n<p><strong>Madame Amraoui (professeure d\u2019anglais), Monsieur Borquez Araya (professeur d\u2019\u00e9ducation musicale), Madame Rocher (professeure d\u2019EPS)<\/strong> et <strong>Madame Combaud (professeure d\u2019allemand et r\u00e9f\u00e9rente Erasmus+ \/ Voyages)<\/strong> ont \u00e9t\u00e9 chaleureusement accueillis \u00e0 la <strong>Friskole de Velling<\/strong>, une \u00e9cole innovante nich\u00e9e sur la c\u00f4te ouest du pays, face \u00e0 la Mer du Nord.<\/p>\n\n\n\n<figure class=\"wp-block-image size-large\"><img decoding=\"async\" width=\"1024\" height=\"585\" src=\"https:\/\/www.campusinternationaldonbosco.org\/wp-content\/uploads\/2025\/07\/Capture-decran-2025-07-13-a-10.00.44-1024x585.png\" alt=\"\" class=\"wp-image-2773\" srcset=\"https:\/\/www.campusinternationaldonbosco.org\/wp-content\/uploads\/2025\/07\/Capture-decran-2025-07-13-a-10.00.44-1024x585.png 1024w, https:\/\/www.campusinternationaldonbosco.org\/wp-content\/uploads\/2025\/07\/Capture-decran-2025-07-13-a-10.00.44-300x171.png 300w, https:\/\/www.campusinternationaldonbosco.org\/wp-content\/uploads\/2025\/07\/Capture-decran-2025-07-13-a-10.00.44-768x439.png 768w, https:\/\/www.campusinternationaldonbosco.org\/wp-content\/uploads\/2025\/07\/Capture-decran-2025-07-13-a-10.00.44-18x10.png 18w, https:\/\/www.campusinternationaldonbosco.org\/wp-content\/uploads\/2025\/07\/Capture-decran-2025-07-13-a-10.00.44.png 1502w\" sizes=\"(max-width: 1024px) 100vw, 1024px\" \/><\/figure>\n\n\n\n<p><strong>\u270f\ufe0f<\/strong><strong> Objectifs de la mobilit\u00e9<\/strong><\/p>\n\n\n\n<ul class=\"wp-block-list\">\n<li>Observer les pratiques p\u00e9dagogiques en vigueur dans les \u00e9tablissements danois.<\/li>\n\n\n\n<li>Renforcer les comp\u00e9tences professionnelles en lien avec l\u2019innovation \u00e9ducative.<\/li>\n\n\n\n<li>Nourrir une r\u00e9flexion collective sur le bien-\u00eatre \u00e0 l\u2019\u00e9cole, l\u2019interdisciplinarit\u00e9 et l\u2019ouverture europ\u00e9enne.<\/li>\n<\/ul>\n\n\n\n<p><strong>\ud83c\udde9\ud83c\uddf0<\/strong><strong> D\u00e9couverte du syst\u00e8me scolaire danois<\/strong><\/p>\n\n\n\n<p>Lors de cette immersion, nos enseignants ont \u00e9galement visit\u00e9 <strong>trois autres \u00e9tablissements<\/strong> et ont pu exp\u00e9rimenter les sp\u00e9cificit\u00e9s du syst\u00e8me \u00e9ducatif danois, centr\u00e9 sur le bien-\u00eatre des \u00e9l\u00e8ves. Le slogan de l\u2019\u00e9cole, <em>Trivsel og L\u00e6ring<\/em> (\u00ab\u00a0Bien-\u00eatre et Apprentissage\u00a0\u00bb), prend tout son sens dans une p\u00e9dagogie qui place l\u2019\u00e9panouissement personnel au c\u0153ur de la r\u00e9ussite scolaire.<\/p>\n\n\n\n<p>Quelques points saillants observ\u00e9s :<\/p>\n\n\n\n<ul class=\"wp-block-list\">\n<li>Des <strong>m\u00e9thodes actives<\/strong> ax\u00e9es sur l\u2019autonomie, la cr\u00e9ativit\u00e9 et la coop\u00e9ration.<\/li>\n\n\n\n<li>Des <strong>activit\u00e9s r\u00e9guli\u00e8res en plein air<\/strong> (for\u00eat, plage) favorisant le lien \u00e0 la nature.<\/li>\n\n\n\n<li>Des <strong>projets interdisciplinaires<\/strong> donnant du sens aux apprentissages.<\/li>\n<\/ul>\n\n\n\n<p><strong>\ud83c\udfb6<\/strong><strong> Une touche artistique et culturelle<\/strong><\/p>\n\n\n\n<figure class=\"wp-block-image size-large\"><img decoding=\"async\" width=\"953\" height=\"1024\" src=\"https:\/\/www.campusinternationaldonbosco.org\/wp-content\/uploads\/2025\/07\/Capture-decran-2025-07-13-a-10.00.54-953x1024.png\" alt=\"\" class=\"wp-image-2772\" srcset=\"https:\/\/www.campusinternationaldonbosco.org\/wp-content\/uploads\/2025\/07\/Capture-decran-2025-07-13-a-10.00.54-953x1024.png 953w, https:\/\/www.campusinternationaldonbosco.org\/wp-content\/uploads\/2025\/07\/Capture-decran-2025-07-13-a-10.00.54-279x300.png 279w, https:\/\/www.campusinternationaldonbosco.org\/wp-content\/uploads\/2025\/07\/Capture-decran-2025-07-13-a-10.00.54-768x825.png 768w, https:\/\/www.campusinternationaldonbosco.org\/wp-content\/uploads\/2025\/07\/Capture-decran-2025-07-13-a-10.00.54-11x12.png 11w, https:\/\/www.campusinternationaldonbosco.org\/wp-content\/uploads\/2025\/07\/Capture-decran-2025-07-13-a-10.00.54.png 1080w\" sizes=\"(max-width: 953px) 100vw, 953px\" \/><\/figure>\n\n\n\n<p>Le s\u00e9jour a aussi \u00e9t\u00e9 marqu\u00e9 par un \u00e9v\u00e9nement culturel fort : la venue du chanteur danois <strong>Guldimund<\/strong>, qui a offert un concert aux \u00e9l\u00e8ves. Ce moment inoubliable, suivi par la presse locale, a enrichi l\u2019exp\u00e9rience d\u2019une dimension artistique authentique.<\/p>\n\n\n\n<p><strong>\ud83e\udd1d<\/strong><strong> Un \u00e9change humain et professionnel riche<\/strong><\/p>\n\n\n\n<p>Cette mobilit\u00e9 a permis un <strong>\u00e9change de pratiques<\/strong> fructueux entre coll\u00e8gues europ\u00e9ens, dans une atmosph\u00e8re de confiance, d\u2019\u00e9coute et de respect mutuel, fid\u00e8le \u00e0 l\u2019esprit danois du <em>Hygge<\/em>. Elle ouvre la voie \u00e0 de futures coop\u00e9rations : <strong>les enseignants danois seront accueillis \u00e0 leur tour \u00e0 Lyon en 2026<\/strong>, prolongeant ainsi cette dynamique europ\u00e9enne.<\/p>\n\n\n\n<hr class=\"wp-block-separator has-alpha-channel-opacity\"\/>\n\n\n\n<p><strong>\ud83d\udcac<\/strong><strong> T\u00e9moignage<\/strong><\/p>\n\n\n\n<p><em>\u00ab Ce s\u00e9jour a \u00e9t\u00e9 bien plus qu\u2019un enrichissement professionnel : il s\u2019est r\u00e9v\u00e9l\u00e9 \u00eatre une v\u00e9ritable aventure humaine. L\u2019ouverture et la bienveillance de nos coll\u00e8gues danois nous ont profond\u00e9ment marqu\u00e9s. Merci \u00e0 Erasmus+ pour rendre possibles ces exp\u00e9riences si pr\u00e9cieuses. \u00bb<\/em><br>\u2014 <em>Julie Combaud, professeure d\u2019allemand et r\u00e9f\u00e9rente Erasmus+<\/em><\/p>\n\n\n\n<figure class=\"wp-block-image size-large\"><img loading=\"lazy\" decoding=\"async\" width=\"1024\" height=\"121\" src=\"https:\/\/www.campusinternationaldonbosco.org\/wp-content\/uploads\/2025\/10\/Capture-decran-2025-10-29-183857-1024x121.png\" alt=\"\" class=\"wp-image-2862\" srcset=\"https:\/\/www.campusinternationaldonbosco.org\/wp-content\/uploads\/2025\/10\/Capture-decran-2025-10-29-183857-1024x121.png 1024w, https:\/\/www.campusinternationaldonbosco.org\/wp-content\/uploads\/2025\/10\/Capture-decran-2025-10-29-183857-300x35.png 300w, https:\/\/www.campusinternationaldonbosco.org\/wp-content\/uploads\/2025\/10\/Capture-decran-2025-10-29-183857-768x91.png 768w, https:\/\/www.campusinternationaldonbosco.org\/wp-content\/uploads\/2025\/10\/Capture-decran-2025-10-29-183857-18x2.png 18w, https:\/\/www.campusinternationaldonbosco.org\/wp-content\/uploads\/2025\/10\/Capture-decran-2025-10-29-183857.png 1480w\" sizes=\"(max-width: 1024px) 100vw, 1024px\" \/><\/figure>","protected":false},"excerpt":{"rendered":"<p>Dans le cadre du programme Erasmus+, quatre enseignants du Coll\u00e8ge Saint-Louis Saint-Bruno (Lyon) ont eu l&rsquo;opportunit\u00e9 de participer \u00e0 une mobilit\u00e9 de job-shadowing au Danemark, du 27 avril au 1er mai 2025, pendant les vacances de printemps. Madame Amraoui (professeure d\u2019anglais), Monsieur Borquez Araya (professeur d\u2019\u00e9ducation musicale), Madame Rocher (professeure d\u2019EPS) et Madame Combaud (professeure [&hellip;]<\/p>\n","protected":false},"author":21,"featured_media":2772,"comment_status":"closed","ping_status":"closed","sticky":false,"template":"","format":"standard","meta":{"footnotes":"","_links_to":"","_links_to_target":""},"categories":[19],"tags":[],"class_list":["post-2682","post","type-post","status-publish","format-standard","has-post-thumbnail","hentry","category-college-saint-louis-saint-bruno-lyon"],"_links":{"self":[{"href":"https:\/\/www.campusinternationaldonbosco.org\/en\/wp-json\/wp\/v2\/posts\/2682","targetHints":{"allow":["GET"]}}],"collection":[{"href":"https:\/\/www.campusinternationaldonbosco.org\/en\/wp-json\/wp\/v2\/posts"}],"about":[{"href":"https:\/\/www.campusinternationaldonbosco.org\/en\/wp-json\/wp\/v2\/types\/post"}],"author":[{"embeddable":true,"href":"https:\/\/www.campusinternationaldonbosco.org\/en\/wp-json\/wp\/v2\/users\/21"}],"replies":[{"embeddable":true,"href":"https:\/\/www.campusinternationaldonbosco.org\/en\/wp-json\/wp\/v2\/comments?post=2682"}],"version-history":[{"count":4,"href":"https:\/\/www.campusinternationaldonbosco.org\/en\/wp-json\/wp\/v2\/posts\/2682\/revisions"}],"predecessor-version":[{"id":2866,"href":"https:\/\/www.campusinternationaldonbosco.org\/en\/wp-json\/wp\/v2\/posts\/2682\/revisions\/2866"}],"wp:featuredmedia":[{"embeddable":true,"href":"https:\/\/www.campusinternationaldonbosco.org\/en\/wp-json\/wp\/v2\/media\/2772"}],"wp:attachment":[{"href":"https:\/\/www.campusinternationaldonbosco.org\/en\/wp-json\/wp\/v2\/media?parent=2682"}],"wp:term":[{"taxonomy":"category","embeddable":true,"href":"https:\/\/www.campusinternationaldonbosco.org\/en\/wp-json\/wp\/v2\/categories?post=2682"},{"taxonomy":"post_tag","embeddable":true,"href":"https:\/\/www.campusinternationaldonbosco.org\/en\/wp-json\/wp\/v2\/tags?post=2682"}],"curies":[{"name":"wp","href":"https:\/\/api.w.org\/{rel}","templated":true}]}}