{"id":2636,"date":"2025-03-31T22:23:52","date_gmt":"2025-03-31T20:23:52","guid":{"rendered":"https:\/\/www.campusinternationaldonbosco.org\/?p=2636"},"modified":"2025-07-13T10:26:57","modified_gmt":"2025-07-13T08:26:57","slug":"mobilite-de-groupe-en-espagne-3e-edition-pour-la-navarre","status":"publish","type":"post","link":"https:\/\/www.campusinternationaldonbosco.org\/en\/2025\/03\/31\/mobilite-de-groupe-en-espagne-3e-edition-pour-la-navarre\/","title":{"rendered":"Mobilit\u00e9 de groupe en Espagne 3e \u00e9dition pour La Navarre"},"content":{"rendered":"<p><img fetchpriority=\"high\" decoding=\"async\" src=\"https:\/\/www.campusinternationaldonbosco.org\/wp-content\/uploads\/2025\/05\/donbosco2025group-1024x768.jpg\" alt=\"\" width=\"800\" height=\"600\" \/><\/p>\n<p>Pour la 3e ann\u00e9e cons\u00e9cutive, un groupe de coll\u00e9giens de l\u2019 Institution St Joseph a \u00e9t\u00e9 choisi pour aller \u00e0 la rencontre d\u2019\u00e9l\u00e8ves espagnols de notre partenaire sal\u00e9sien. <br \/>Les 14 \u00e9l\u00e8ves de 4e suivants l\u2019option Erasmus propos\u00e9e \u00e0 La Navarre se sont rendus en Espagne du 24 au 28 mars 2025 pour une mobilit\u00e9 de groupe co-financ\u00e9e par le programme Erasmus + .<\/p>\n<p>Impatients de partir depuis 2 ans et v\u00eatus de leurs pulls portant le logo de l\u2019\u00e9tablissement floqu\u00e9 Erasmus et la couleur bleue de la session 2025.<\/p>\n<p><img decoding=\"async\" src=\"https:\/\/www.campusinternationaldonbosco.org\/wp-content\/uploads\/2025\/05\/pull-300x225.jpg\" alt=\"\" width=\"300\" height=\"225\" \/><img decoding=\"async\" src=\"https:\/\/www.campusinternationaldonbosco.org\/wp-content\/uploads\/2025\/05\/train-toulon-300x236.jpg\" alt=\"\" width=\"300\" height=\"236\" \/><\/p>\n<p>Depuis trois ans, le projet \u00ab\u00a0science et exploration\u00a0\u00bb des volcans donne le cadre \u00e0 cet \u00e9change en deux parties : une premi\u00e8re lors de la venue des vingt espagnols en Auvergne en octobre \u00e0 l\u2019occasion du s\u00e9jour p\u00e9dagogique des 4e. La seconde en Espagne au printemps dans un premier temps dans la r\u00e9gion volcanique de la Garotxa, puis dans la ville de Monzon o\u00f9 se trouve le Colegio Santo Domingo Savio.<\/p>\n<p>Les \u00e9l\u00e8ves ont tout de suite \u00e9chang\u00e9 avec spontan\u00e9it\u00e9 et un plaisir visible de se rencontrer d\u00e8s le mois d\u2019 octobre. Des liens forts \u00e9taient d\u00e9j\u00e0 tiss\u00e9s avant m\u00eame leur arriv\u00e9e en Espagne.<\/p>\n<p><img loading=\"lazy\" decoding=\"async\" src=\"https:\/\/www.campusinternationaldonbosco.org\/wp-content\/uploads\/2025\/05\/groupoutsidemonzoncolegio-1024x768.jpg\" alt=\"\" width=\"800\" height=\"600\" \/><\/p>\n<p>Au programme, une \u00e9tape d\u2019\u00e9tude collaborative sur la g\u00e9ologie et la volcanologie en anglais et sur le terrain dans un g\u00eete de la r\u00e9gion volcanique de la Garotxa en Catalogne et un premier contact en Visio avec les futurs participants au programme Erasmus + .<\/p>\n<p><img loading=\"lazy\" decoding=\"async\" src=\"https:\/\/www.campusinternationaldonbosco.org\/wp-content\/uploads\/2025\/05\/groupworkoutside-300x225.jpg\" alt=\"\" width=\"300\" height=\"225\" \/><img loading=\"lazy\" decoding=\"async\" src=\"https:\/\/www.campusinternationaldonbosco.org\/wp-content\/uploads\/2025\/05\/visio1-300x225.jpg\" alt=\"\" width=\"300\" height=\"225\" \/><br \/>Puis nos \u00e9l\u00e8ves et leurs camarades espagnols sont repartis dans le bus aux couleurs de la ville de Monzon pour poursuivre le travail collaboratif dans le coll\u00e8ge Santo Domingo Savio. <br \/>L\u00e0, une premi\u00e8re phase de travail en classe de mise en commun d\u2019id\u00e9es et d\u2019 activit\u00e9s collaboratives a \u00e9t\u00e9 r\u00e9alis\u00e9. Le lendemain, l&rsquo;ensemble des participants ont rencontr\u00e9\u00a0 les plus jeunes \u00e9l\u00e8ves espagnols qui se porteront volontaires pour une mobilit\u00e9 de groupe en 2026.<\/p>\n<p><img loading=\"lazy\" decoding=\"async\" src=\"https:\/\/www.campusinternationaldonbosco.org\/wp-content\/uploads\/2025\/05\/groupwork-300x169.jpg\" alt=\"\" width=\"300\" height=\"169\" \/><\/p>\n<p>En groupes, les \u00e9l\u00e8ves ont aussi r\u00e9alis\u00e9 des vid\u00e9os et\u00a0 un jeu de plateau ainsi qu&rsquo;un\u00a0 quiz en ligne sur le th\u00e8me de leurs explorations qui serviront aux jeunes espagnols qui \u00e9tudieront les sciences en anglais l\u2019ann\u00e9e prochaine.<\/p>\n<p><img loading=\"lazy\" decoding=\"async\" src=\"https:\/\/www.campusinternationaldonbosco.org\/wp-content\/uploads\/2025\/05\/kahoot-1024x437.jpg\" alt=\"\" width=\"800\" height=\"341\" \/><\/p>\n<p><img loading=\"lazy\" decoding=\"async\" class=\"aligncenter\" src=\"https:\/\/www.campusinternationaldonbosco.org\/wp-content\/uploads\/2025\/05\/poster-215x300.jpg\" alt=\"Poster illustrant cette mobilit\u00e9 de groupe Erasmus +\" width=\"215\" height=\"300\" \/><\/p>\n<p>Le premier soir en famille a \u00e9t\u00e9 une vraie d\u00e9couverte pour tous. L\u2019occasion de se confronter \u00e0 la r\u00e9alit\u00e9 d\u2019un \u00e9change multiculturel, de d\u00e9passer les craintes de certains qui ne savaient pas trop comment se comporter ni quoi dire. Ce temps en famille a aussi \u00e9t\u00e9 l\u2019occasion de prendre confiance pour s\u2019exprimer seul en anglais ou en espagnol avec les parents de leur correspondant. Bien s\u00fbr, une soir\u00e9e avait \u00e9t\u00e9 organis\u00e9e par les jeunes pour se retrouver de fa\u00e7on plus informelle et profiter d\u2019une sortie en ville comme le font les jeunes espagnols.<\/p>\n<p>Au moment du d\u00e9part, ce sont des amiti\u00e9s qui se sont nou\u00e9es et certains ont d\u00e9j\u00e0 pr\u00e9vu de se revoir.<\/p>\n<p>Encore une fois, gr\u00e2ce \u00e0 cette mobilit\u00e9 de groupe Erasmus +, les \u00e9l\u00e8ves reviennent avec des \u00e9toiles plein les yeux, plus unis qu\u2019au d\u00e9part et riches d\u2019une exp\u00e9rience que d\u2019autres voudraient d\u00e9j\u00e0 vivre l\u2019ann\u00e9e prochaine.<\/p>\n<p><!-- \/wp:post-content --><\/p>\n\n<!-- wp:image {\"id\":2486,\"sizeSlug\":\"large\",\"linkDestination\":\"none\"} -->\n<figure class=\"wp-block-image size-large\"><img loading=\"lazy\" decoding=\"async\" width=\"1024\" height=\"156\" src=\"https:\/\/www.campusinternationaldonbosco.org\/wp-content\/uploads\/2020\/04\/erasumus-ue-1024x156.png\" alt=\"\" class=\"wp-image-2486\" srcset=\"https:\/\/www.campusinternationaldonbosco.org\/wp-content\/uploads\/2020\/04\/erasumus-ue-1024x156.png 1024w, https:\/\/www.campusinternationaldonbosco.org\/wp-content\/uploads\/2020\/04\/erasumus-ue-300x46.png 300w, https:\/\/www.campusinternationaldonbosco.org\/wp-content\/uploads\/2020\/04\/erasumus-ue-768x117.png 768w, https:\/\/www.campusinternationaldonbosco.org\/wp-content\/uploads\/2020\/04\/erasumus-ue-1536x234.png 1536w, https:\/\/www.campusinternationaldonbosco.org\/wp-content\/uploads\/2020\/04\/erasumus-ue-2048x312.png 2048w, https:\/\/www.campusinternationaldonbosco.org\/wp-content\/uploads\/2020\/04\/erasumus-ue-18x3.png 18w\" sizes=\"(max-width: 1024px) 100vw, 1024px\" \/><\/figure>\n<!-- \/wp:image -->","protected":false},"excerpt":{"rendered":"<p>Pour la 3e ann\u00e9e cons\u00e9cutive, un groupe de coll\u00e9giens de l\u2019 Institution St Joseph a \u00e9t\u00e9 choisi pour aller \u00e0 la rencontre d\u2019\u00e9l\u00e8ves espagnols de notre partenaire sal\u00e9sien. Les 14 \u00e9l\u00e8ves de 4e suivants l\u2019option Erasmus propos\u00e9e \u00e0 La Navarre se sont rendus en Espagne du 24 au 28 mars 2025 pour une mobilit\u00e9 de [&hellip;]<\/p>\n","protected":false},"author":16,"featured_media":2641,"comment_status":"closed","ping_status":"closed","sticky":false,"template":"","format":"standard","meta":{"footnotes":"","_links_to":"","_links_to_target":""},"categories":[16],"tags":[],"class_list":["post-2636","post","type-post","status-publish","format-standard","has-post-thumbnail","hentry","category-institution-st-joseph-la-navarre"],"_links":{"self":[{"href":"https:\/\/www.campusinternationaldonbosco.org\/en\/wp-json\/wp\/v2\/posts\/2636","targetHints":{"allow":["GET"]}}],"collection":[{"href":"https:\/\/www.campusinternationaldonbosco.org\/en\/wp-json\/wp\/v2\/posts"}],"about":[{"href":"https:\/\/www.campusinternationaldonbosco.org\/en\/wp-json\/wp\/v2\/types\/post"}],"author":[{"embeddable":true,"href":"https:\/\/www.campusinternationaldonbosco.org\/en\/wp-json\/wp\/v2\/users\/16"}],"replies":[{"embeddable":true,"href":"https:\/\/www.campusinternationaldonbosco.org\/en\/wp-json\/wp\/v2\/comments?post=2636"}],"version-history":[{"count":6,"href":"https:\/\/www.campusinternationaldonbosco.org\/en\/wp-json\/wp\/v2\/posts\/2636\/revisions"}],"predecessor-version":[{"id":2790,"href":"https:\/\/www.campusinternationaldonbosco.org\/en\/wp-json\/wp\/v2\/posts\/2636\/revisions\/2790"}],"wp:featuredmedia":[{"embeddable":true,"href":"https:\/\/www.campusinternationaldonbosco.org\/en\/wp-json\/wp\/v2\/media\/2641"}],"wp:attachment":[{"href":"https:\/\/www.campusinternationaldonbosco.org\/en\/wp-json\/wp\/v2\/media?parent=2636"}],"wp:term":[{"taxonomy":"category","embeddable":true,"href":"https:\/\/www.campusinternationaldonbosco.org\/en\/wp-json\/wp\/v2\/categories?post=2636"},{"taxonomy":"post_tag","embeddable":true,"href":"https:\/\/www.campusinternationaldonbosco.org\/en\/wp-json\/wp\/v2\/tags?post=2636"}],"curies":[{"name":"wp","href":"https:\/\/api.w.org\/{rel}","templated":true}]}}