{"id":2616,"date":"2024-05-14T21:05:00","date_gmt":"2024-05-14T19:05:00","guid":{"rendered":"https:\/\/www.campusinternationaldonbosco.org\/?p=2616"},"modified":"2025-07-13T10:19:39","modified_gmt":"2025-07-13T08:19:39","slug":"cap-sur-dublin-une-lecon-danglais-et-deurope","status":"publish","type":"post","link":"https:\/\/www.campusinternationaldonbosco.org\/en\/2024\/05\/14\/cap-sur-dublin-une-lecon-danglais-et-deurope\/","title":{"rendered":"Cap sur Dublin : une le\u00e7on d\u2019anglais&#8230; et d\u2019Europe !"},"content":{"rendered":"<figure class=\"wp-block-image aligncenter size-full is-resized\"><img fetchpriority=\"high\" decoding=\"async\" width=\"1024\" height=\"819\" src=\"https:\/\/www.campusinternationaldonbosco.org\/wp-content\/uploads\/2025\/04\/Dublin1.png\" alt=\"\" class=\"wp-image-2617\" style=\"width:641px;height:auto\" srcset=\"https:\/\/www.campusinternationaldonbosco.org\/wp-content\/uploads\/2025\/04\/Dublin1.png 1024w, https:\/\/www.campusinternationaldonbosco.org\/wp-content\/uploads\/2025\/04\/Dublin1-300x240.png 300w, https:\/\/www.campusinternationaldonbosco.org\/wp-content\/uploads\/2025\/04\/Dublin1-768x614.png 768w, https:\/\/www.campusinternationaldonbosco.org\/wp-content\/uploads\/2025\/04\/Dublin1-15x12.png 15w\" sizes=\"(max-width: 1024px) 100vw, 1024px\" \/><\/figure>\n\n\n\n<p>Du 20 au 26 avril 2024, quatre membres du coll\u00e8ge Don Bosco de Gi\u00e8res (38) \u2013 deux enseignantes en math\u00e9matiques et histoire g\u00e9ographie, ainsi que deux \u00e9ducatrices de vie scolaire \u2013 ont particip\u00e9 \u00e0 une semaine de formation linguistique \u00e0 Dublin. Accueillies par l\u2019EC Dublin English Language School, elles ont suivi des cours intensifs d\u2019anglais, \u00e0 raison de cinq heures par jour, aux c\u00f4t\u00e9s de participants venus du monde entier (Chili, Japon, Allemagne, Espagne, Italie\u2026).<\/p>\n\n\n\n<p>Cette immersion totale leur a permis de progresser tant \u00e0 l\u2019oral qu\u2019\u00e0 l\u2019\u00e9crit, renfor\u00e7ant leur confiance dans la pratique de la langue. Au-del\u00e0 des cours, elles ont eu l\u2019opportunit\u00e9 de d\u00e9couvrir la ville de Dublin et de s\u2019impr\u00e9gner de la culture irlandaise. Ce s\u00e9jour s\u2019inscrit pleinement dans une d\u00e9marche d\u2019ouverture europ\u00e9enne et de d\u00e9veloppement professionnel. Il leur permettra d\u2019accompagner plus efficacement les \u00e9l\u00e8ves, notamment dans le cadre de l\u2019aide aux devoirs ou lors de projets internationaux. Pour l\u2019enseignante de math\u00e9matiques, cette exp\u00e9rience constitue \u00e9galement une \u00e9tape cl\u00e9 dans sa pr\u00e9paration \u00e0 la certification DNL (Discipline Non Linguistique). L\u2019obtention de cette certification lui permettra de proposer, d\u00e8s septembre 2025, des cours de math\u00e9matiques en anglais aux \u00e9l\u00e8ves de 4e et 3e inscrits dans l\u2019option Langues et Cultures Europ\u00e9ennes, qui b\u00e9n\u00e9ficient d\u00e9j\u00e0 d\u2019un enseignement d\u2019histoire g\u00e9ographie en anglais.<\/p>\n\n\n\n<p>Agn\u00e8s COTTA &#8211; R\u00e9f\u00e9rente ERASMUS+<\/p>\n\n\n\n<figure class=\"wp-block-image size-large\"><img decoding=\"async\" width=\"1024\" height=\"156\" src=\"https:\/\/www.campusinternationaldonbosco.org\/wp-content\/uploads\/2020\/04\/erasumus-ue-1024x156.png\" alt=\"\" class=\"wp-image-2486\" srcset=\"https:\/\/www.campusinternationaldonbosco.org\/wp-content\/uploads\/2020\/04\/erasumus-ue-1024x156.png 1024w, https:\/\/www.campusinternationaldonbosco.org\/wp-content\/uploads\/2020\/04\/erasumus-ue-300x46.png 300w, https:\/\/www.campusinternationaldonbosco.org\/wp-content\/uploads\/2020\/04\/erasumus-ue-768x117.png 768w, https:\/\/www.campusinternationaldonbosco.org\/wp-content\/uploads\/2020\/04\/erasumus-ue-1536x234.png 1536w, https:\/\/www.campusinternationaldonbosco.org\/wp-content\/uploads\/2020\/04\/erasumus-ue-2048x312.png 2048w, https:\/\/www.campusinternationaldonbosco.org\/wp-content\/uploads\/2020\/04\/erasumus-ue-18x3.png 18w\" sizes=\"(max-width: 1024px) 100vw, 1024px\" \/><\/figure>\n\n\n\n<p><\/p>","protected":false},"excerpt":{"rendered":"<p>Du 20 au 26 avril 2024, quatre membres du coll\u00e8ge Don Bosco de Gi\u00e8res (38) \u2013 deux enseignantes en math\u00e9matiques et histoire g\u00e9ographie, ainsi que deux \u00e9ducatrices de vie scolaire \u2013 ont particip\u00e9 \u00e0 une semaine de formation linguistique \u00e0 Dublin. Accueillies par l\u2019EC Dublin English Language School, elles ont suivi des cours intensifs d\u2019anglais, [&hellip;]<\/p>\n","protected":false},"author":86,"featured_media":2785,"comment_status":"closed","ping_status":"closed","sticky":false,"template":"","format":"standard","meta":{"footnotes":"","_links_to":"","_links_to_target":""},"categories":[42],"tags":[],"class_list":["post-2616","post","type-post","status-publish","format-standard","has-post-thumbnail","hentry","category-ecole-et-college-don-bosco-gieres"],"_links":{"self":[{"href":"https:\/\/www.campusinternationaldonbosco.org\/en\/wp-json\/wp\/v2\/posts\/2616","targetHints":{"allow":["GET"]}}],"collection":[{"href":"https:\/\/www.campusinternationaldonbosco.org\/en\/wp-json\/wp\/v2\/posts"}],"about":[{"href":"https:\/\/www.campusinternationaldonbosco.org\/en\/wp-json\/wp\/v2\/types\/post"}],"author":[{"embeddable":true,"href":"https:\/\/www.campusinternationaldonbosco.org\/en\/wp-json\/wp\/v2\/users\/86"}],"replies":[{"embeddable":true,"href":"https:\/\/www.campusinternationaldonbosco.org\/en\/wp-json\/wp\/v2\/comments?post=2616"}],"version-history":[{"count":5,"href":"https:\/\/www.campusinternationaldonbosco.org\/en\/wp-json\/wp\/v2\/posts\/2616\/revisions"}],"predecessor-version":[{"id":2786,"href":"https:\/\/www.campusinternationaldonbosco.org\/en\/wp-json\/wp\/v2\/posts\/2616\/revisions\/2786"}],"wp:featuredmedia":[{"embeddable":true,"href":"https:\/\/www.campusinternationaldonbosco.org\/en\/wp-json\/wp\/v2\/media\/2785"}],"wp:attachment":[{"href":"https:\/\/www.campusinternationaldonbosco.org\/en\/wp-json\/wp\/v2\/media?parent=2616"}],"wp:term":[{"taxonomy":"category","embeddable":true,"href":"https:\/\/www.campusinternationaldonbosco.org\/en\/wp-json\/wp\/v2\/categories?post=2616"},{"taxonomy":"post_tag","embeddable":true,"href":"https:\/\/www.campusinternationaldonbosco.org\/en\/wp-json\/wp\/v2\/tags?post=2616"}],"curies":[{"name":"wp","href":"https:\/\/api.w.org\/{rel}","templated":true}]}}