{"id":2594,"date":"2025-04-11T11:16:14","date_gmt":"2025-04-11T09:16:14","guid":{"rendered":"https:\/\/www.campusinternationaldonbosco.org\/?p=2594"},"modified":"2025-10-29T18:45:57","modified_gmt":"2025-10-29T17:45:57","slug":"mobilite-en-slovaquie-pour-10-lyceens-de-don-bosco-nice","status":"publish","type":"post","link":"https:\/\/www.campusinternationaldonbosco.org\/en\/2025\/04\/11\/mobilite-en-slovaquie-pour-10-lyceens-de-don-bosco-nice\/","title":{"rendered":"Mobilit\u00e9 en Slovaquie pour 10 lyc\u00e9ens de Don Bosco Nice"},"content":{"rendered":"<figure class=\"wp-block-image size-large\"><img fetchpriority=\"high\" decoding=\"async\" width=\"1024\" height=\"473\" src=\"https:\/\/www.campusinternationaldonbosco.org\/wp-content\/uploads\/2025\/04\/WhatsApp-Image-2025-03-18-at-22.08.48-1-1024x473.jpeg\" alt=\"\" class=\"wp-image-2601\" srcset=\"https:\/\/www.campusinternationaldonbosco.org\/wp-content\/uploads\/2025\/04\/WhatsApp-Image-2025-03-18-at-22.08.48-1-1024x473.jpeg 1024w, https:\/\/www.campusinternationaldonbosco.org\/wp-content\/uploads\/2025\/04\/WhatsApp-Image-2025-03-18-at-22.08.48-1-300x138.jpeg 300w, https:\/\/www.campusinternationaldonbosco.org\/wp-content\/uploads\/2025\/04\/WhatsApp-Image-2025-03-18-at-22.08.48-1-768x354.jpeg 768w, https:\/\/www.campusinternationaldonbosco.org\/wp-content\/uploads\/2025\/04\/WhatsApp-Image-2025-03-18-at-22.08.48-1-1536x709.jpeg 1536w, https:\/\/www.campusinternationaldonbosco.org\/wp-content\/uploads\/2025\/04\/WhatsApp-Image-2025-03-18-at-22.08.48-1-18x8.jpeg 18w, https:\/\/www.campusinternationaldonbosco.org\/wp-content\/uploads\/2025\/04\/WhatsApp-Image-2025-03-18-at-22.08.48-1.jpeg 1599w\" sizes=\"(max-width: 1024px) 100vw, 1024px\" \/><\/figure>\n\n\n\n<p>10 \u00e9l\u00e8ves de premi\u00e8re et terminale ont r\u00e9alis\u00e9 une mobilit\u00e9 du 13 au 20 mars en Slovaquie sur le th\u00e8me : <em>Le Sport  \u00e0 travers l&rsquo;esprit Olympique !<\/em><\/p>\n\n\n\n<p>Ils ont rejoint \u00e0 Zlate Moravce 3 autres d\u00e9l\u00e9gations : slovaque, allemande et grecque, donnant une coloration tr\u00e8s europ\u00e9enne \u00e0 leur s\u00e9jour.<\/p>\n\n\n\n<p>D\u00e8s leur arriv\u00e9e, ils ont \u00e9t\u00e9 accueillis avec chaleur et humanit\u00e9 par les \u00e9quipes encadrantes et les familles. Le Maire les a \u00e9galement re\u00e7us en grande pompe, d\u00e8s le lendemain matin, dans le magnifique h\u00f4tel de ville.<\/p>\n\n\n\n<p>Ils ont ensuite profit\u00e9 de leur s\u00e9jour pour d\u00e9couvrir avec leurs correspondants le syst\u00e8me slovaque et particip\u00e9 \u00e0 de nombreux sports individuels (escalade, randonn\u00e9e\u2026) et collectifs (volley-ball, football\u2026), tout en travaillant les valeurs de l\u2019Olympisme et leur signification.<\/p>\n\n\n\n<p>L\u2019aventure est m\u00eame all\u00e9e plus loin. L\u2019une des \u00e9l\u00e8ves du Gymnaisum Janka Krala a \u00e9t\u00e9 r\u00e9compens\u00e9e pour ses travaux en sciences par un prix qui a mobilis\u00e9 la t\u00e9l\u00e9vision slovaque&nbsp;: la visite d\u2019une centrale nucl\u00e9aire. Non seulement l\u2019\u00e9l\u00e8ve a \u00e9t\u00e9 mise \u00e0 l\u2019honneur, mais aussi nos propres \u00e9l\u00e8ves, qui ont profit\u00e9 de la visite et ont \u00e9galement \u00e9t\u00e9 interview\u00e9s, en anglais, sur leur mobilit\u00e9. <\/p>\n\n\n\n<p>Ils ont \u00e9galement d\u00e9couvert une petite part d\u2019histoire et de g\u00e9ographie en se rendant \u00e0 Bratislava et \u00e0 Nitra, entre ch\u00e2teau royal et ruines, paysages somptueux et \u00e9cole vieille de plus d\u2019un si\u00e8cle.<\/p>\n\n\n\n<p>Il leur a \u00e9t\u00e9 \u00e0 tous tr\u00e8s difficile de dire au revoir \u00e0 l\u2019issue de ce merveilleux moment de convivialit\u00e9, d\u2019\u00e9changes et de partages.<\/p>\n\n\n\n<figure class=\"wp-block-image size-large\"><img decoding=\"async\" width=\"1024\" height=\"472\" src=\"https:\/\/www.campusinternationaldonbosco.org\/wp-content\/uploads\/2025\/04\/WhatsApp-Image-2025-03-16-at-20.40.16-1024x472.jpeg\" alt=\"\" class=\"wp-image-2602\" srcset=\"https:\/\/www.campusinternationaldonbosco.org\/wp-content\/uploads\/2025\/04\/WhatsApp-Image-2025-03-16-at-20.40.16-1024x472.jpeg 1024w, https:\/\/www.campusinternationaldonbosco.org\/wp-content\/uploads\/2025\/04\/WhatsApp-Image-2025-03-16-at-20.40.16-300x138.jpeg 300w, https:\/\/www.campusinternationaldonbosco.org\/wp-content\/uploads\/2025\/04\/WhatsApp-Image-2025-03-16-at-20.40.16-768x354.jpeg 768w, https:\/\/www.campusinternationaldonbosco.org\/wp-content\/uploads\/2025\/04\/WhatsApp-Image-2025-03-16-at-20.40.16-1536x708.jpeg 1536w, https:\/\/www.campusinternationaldonbosco.org\/wp-content\/uploads\/2025\/04\/WhatsApp-Image-2025-03-16-at-20.40.16-18x8.jpeg 18w, https:\/\/www.campusinternationaldonbosco.org\/wp-content\/uploads\/2025\/04\/WhatsApp-Image-2025-03-16-at-20.40.16.jpeg 2048w\" sizes=\"(max-width: 1024px) 100vw, 1024px\" \/><\/figure>\n\n\n\n<figure class=\"wp-block-image size-large\"><img decoding=\"async\" width=\"1024\" height=\"121\" src=\"https:\/\/www.campusinternationaldonbosco.org\/wp-content\/uploads\/2025\/10\/Capture-decran-2025-10-29-183857-1024x121.png\" alt=\"\" class=\"wp-image-2862\" srcset=\"https:\/\/www.campusinternationaldonbosco.org\/wp-content\/uploads\/2025\/10\/Capture-decran-2025-10-29-183857-1024x121.png 1024w, https:\/\/www.campusinternationaldonbosco.org\/wp-content\/uploads\/2025\/10\/Capture-decran-2025-10-29-183857-300x35.png 300w, https:\/\/www.campusinternationaldonbosco.org\/wp-content\/uploads\/2025\/10\/Capture-decran-2025-10-29-183857-768x91.png 768w, https:\/\/www.campusinternationaldonbosco.org\/wp-content\/uploads\/2025\/10\/Capture-decran-2025-10-29-183857-18x2.png 18w, https:\/\/www.campusinternationaldonbosco.org\/wp-content\/uploads\/2025\/10\/Capture-decran-2025-10-29-183857.png 1480w\" sizes=\"(max-width: 1024px) 100vw, 1024px\" \/><\/figure>","protected":false},"excerpt":{"rendered":"<p>10 \u00e9l\u00e8ves de premi\u00e8re et terminale ont r\u00e9alis\u00e9 une mobilit\u00e9 du 13 au 20 mars en Slovaquie sur le th\u00e8me : Le Sport \u00e0 travers l&rsquo;esprit Olympique ! Ils ont rejoint \u00e0 Zlate Moravce 3 autres d\u00e9l\u00e9gations : slovaque, allemande et grecque, donnant une coloration tr\u00e8s europ\u00e9enne \u00e0 leur s\u00e9jour. D\u00e8s leur arriv\u00e9e, ils ont [&hellip;]<\/p>\n","protected":false},"author":69,"featured_media":2595,"comment_status":"closed","ping_status":"closed","sticky":false,"template":"","format":"standard","meta":{"footnotes":"","_links_to":"","_links_to_target":""},"categories":[23],"tags":[],"class_list":["post-2594","post","type-post","status-publish","format-standard","has-post-thumbnail","hentry","category-ensemble-scolaire-don-bosco-nice"],"_links":{"self":[{"href":"https:\/\/www.campusinternationaldonbosco.org\/en\/wp-json\/wp\/v2\/posts\/2594","targetHints":{"allow":["GET"]}}],"collection":[{"href":"https:\/\/www.campusinternationaldonbosco.org\/en\/wp-json\/wp\/v2\/posts"}],"about":[{"href":"https:\/\/www.campusinternationaldonbosco.org\/en\/wp-json\/wp\/v2\/types\/post"}],"author":[{"embeddable":true,"href":"https:\/\/www.campusinternationaldonbosco.org\/en\/wp-json\/wp\/v2\/users\/69"}],"replies":[{"embeddable":true,"href":"https:\/\/www.campusinternationaldonbosco.org\/en\/wp-json\/wp\/v2\/comments?post=2594"}],"version-history":[{"count":4,"href":"https:\/\/www.campusinternationaldonbosco.org\/en\/wp-json\/wp\/v2\/posts\/2594\/revisions"}],"predecessor-version":[{"id":2869,"href":"https:\/\/www.campusinternationaldonbosco.org\/en\/wp-json\/wp\/v2\/posts\/2594\/revisions\/2869"}],"wp:featuredmedia":[{"embeddable":true,"href":"https:\/\/www.campusinternationaldonbosco.org\/en\/wp-json\/wp\/v2\/media\/2595"}],"wp:attachment":[{"href":"https:\/\/www.campusinternationaldonbosco.org\/en\/wp-json\/wp\/v2\/media?parent=2594"}],"wp:term":[{"taxonomy":"category","embeddable":true,"href":"https:\/\/www.campusinternationaldonbosco.org\/en\/wp-json\/wp\/v2\/categories?post=2594"},{"taxonomy":"post_tag","embeddable":true,"href":"https:\/\/www.campusinternationaldonbosco.org\/en\/wp-json\/wp\/v2\/tags?post=2594"}],"curies":[{"name":"wp","href":"https:\/\/api.w.org\/{rel}","templated":true}]}}