{"id":2588,"date":"2024-12-14T21:06:00","date_gmt":"2024-12-14T20:06:00","guid":{"rendered":"https:\/\/www.campusinternationaldonbosco.org\/?p=2588"},"modified":"2025-07-13T10:16:32","modified_gmt":"2025-07-13T08:16:32","slug":"apprendre-lallemand-vivre-lallemagne","status":"publish","type":"post","link":"https:\/\/www.campusinternationaldonbosco.org\/en\/2024\/12\/14\/apprendre-lallemand-vivre-lallemagne\/","title":{"rendered":"Apprendre l\u2019allemand, vivre l\u2019Allemagne"},"content":{"rendered":"<figure class=\"wp-block-image aligncenter size-large is-resized\"><img fetchpriority=\"high\" decoding=\"async\" width=\"819\" height=\"1024\" src=\"https:\/\/www.campusinternationaldonbosco.org\/wp-content\/uploads\/2025\/04\/Photo_Article1-819x1024.png\" alt=\"\" class=\"wp-image-2613\" style=\"width:507px;height:auto\" srcset=\"https:\/\/www.campusinternationaldonbosco.org\/wp-content\/uploads\/2025\/04\/Photo_Article1-819x1024.png 819w, https:\/\/www.campusinternationaldonbosco.org\/wp-content\/uploads\/2025\/04\/Photo_Article1-240x300.png 240w, https:\/\/www.campusinternationaldonbosco.org\/wp-content\/uploads\/2025\/04\/Photo_Article1-768x960.png 768w, https:\/\/www.campusinternationaldonbosco.org\/wp-content\/uploads\/2025\/04\/Photo_Article1-10x12.png 10w, https:\/\/www.campusinternationaldonbosco.org\/wp-content\/uploads\/2025\/04\/Photo_Article1.png 864w\" sizes=\"(max-width: 819px) 100vw, 819px\" \/><\/figure>\n\n\n\n<p>En novembre 2024, 25 \u00e9l\u00e8ves de 3e du coll\u00e8ge Don Bosco de Gi\u00e8res (38) ont eu l\u2019opportunit\u00e9 de vivre une exp\u00e9rience unique gr\u00e2ce \u00e0 un \u00e9change scolaire avec le Theodor Fliedner Gymnasium (TFG) de D\u00fcsseldorf. Ce programme, reconduit pour la troisi\u00e8me ann\u00e9e cons\u00e9cutive et inscrit pour la seconde fois dans le cadre des projets ERASMUS+, favorise l\u2019ouverture culturelle et linguistique.<\/p>\n\n\n\n<p class=\"has-text-align-left\">Accompagn\u00e9s par leur professeure d\u2019allemand et une enseignante d\u2019anglais, les coll\u00e9giens ont \u00e9t\u00e9 chaleureusement accueillis par des familles allemandes. Cette immersion leur a permis de d\u00e9couvrir de l\u2019int\u00e9rieur la vie quotidienne en Allemagne, de pratiquer la langue dans un contexte authentique, mais aussi de s\u2019initier au fonctionnement du syst\u00e8me scolaire allemand et \u00e0 l\u2019organisation du coll\u00e8ge partenaire. Du 1er au 8 avril 2025, les correspondants allemands ont \u00e0 leur tour \u00e9t\u00e9 re\u00e7us \u00e0 Grenoble, bouclant ainsi un \u00e9change riche en partages. <\/p>\n\n\n\n<p class=\"has-text-align-left\">Pour accompagner et conclure les activit\u00e9s interactives de ce projet, les \u00e9l\u00e8ves allemands et fran\u00e7ais ont r\u00e9alis\u00e9 ensemble des vid\u00e9os comparant les modes de vie en France et en Allemagne, mettant en lumi\u00e8re \u00e0 la fois les diff\u00e9rences culturelles et les points communs. Une belle mani\u00e8re de cl\u00f4turer une exp\u00e9rience marquante et formatrice !<\/p>\n\n\n\n<p>Agn\u00e8s COTTA &#8211; R\u00e9f\u00e9rente ERASMUS+<\/p>\n\n\n\n<figure class=\"wp-block-image size-large\"><img decoding=\"async\" width=\"1024\" height=\"156\" src=\"https:\/\/www.campusinternationaldonbosco.org\/wp-content\/uploads\/2020\/04\/erasumus-ue-1024x156.png\" alt=\"\" class=\"wp-image-2486\" srcset=\"https:\/\/www.campusinternationaldonbosco.org\/wp-content\/uploads\/2020\/04\/erasumus-ue-1024x156.png 1024w, https:\/\/www.campusinternationaldonbosco.org\/wp-content\/uploads\/2020\/04\/erasumus-ue-300x46.png 300w, https:\/\/www.campusinternationaldonbosco.org\/wp-content\/uploads\/2020\/04\/erasumus-ue-768x117.png 768w, https:\/\/www.campusinternationaldonbosco.org\/wp-content\/uploads\/2020\/04\/erasumus-ue-1536x234.png 1536w, https:\/\/www.campusinternationaldonbosco.org\/wp-content\/uploads\/2020\/04\/erasumus-ue-2048x312.png 2048w, https:\/\/www.campusinternationaldonbosco.org\/wp-content\/uploads\/2020\/04\/erasumus-ue-18x3.png 18w\" sizes=\"(max-width: 1024px) 100vw, 1024px\" \/><\/figure>","protected":false},"excerpt":{"rendered":"<p>En novembre 2024, 25 \u00e9l\u00e8ves de 3e du coll\u00e8ge Don Bosco de Gi\u00e8res (38) ont eu l\u2019opportunit\u00e9 de vivre une exp\u00e9rience unique gr\u00e2ce \u00e0 un \u00e9change scolaire avec le Theodor Fliedner Gymnasium (TFG) de D\u00fcsseldorf. Ce programme, reconduit pour la troisi\u00e8me ann\u00e9e cons\u00e9cutive et inscrit pour la seconde fois dans le cadre des projets ERASMUS+, [&hellip;]<\/p>\n","protected":false},"author":86,"featured_media":2613,"comment_status":"closed","ping_status":"closed","sticky":false,"template":"","format":"standard","meta":{"footnotes":"","_links_to":"","_links_to_target":""},"categories":[42],"tags":[],"class_list":["post-2588","post","type-post","status-publish","format-standard","has-post-thumbnail","hentry","category-ecole-et-college-don-bosco-gieres"],"_links":{"self":[{"href":"https:\/\/www.campusinternationaldonbosco.org\/en\/wp-json\/wp\/v2\/posts\/2588","targetHints":{"allow":["GET"]}}],"collection":[{"href":"https:\/\/www.campusinternationaldonbosco.org\/en\/wp-json\/wp\/v2\/posts"}],"about":[{"href":"https:\/\/www.campusinternationaldonbosco.org\/en\/wp-json\/wp\/v2\/types\/post"}],"author":[{"embeddable":true,"href":"https:\/\/www.campusinternationaldonbosco.org\/en\/wp-json\/wp\/v2\/users\/86"}],"replies":[{"embeddable":true,"href":"https:\/\/www.campusinternationaldonbosco.org\/en\/wp-json\/wp\/v2\/comments?post=2588"}],"version-history":[{"count":12,"href":"https:\/\/www.campusinternationaldonbosco.org\/en\/wp-json\/wp\/v2\/posts\/2588\/revisions"}],"predecessor-version":[{"id":2783,"href":"https:\/\/www.campusinternationaldonbosco.org\/en\/wp-json\/wp\/v2\/posts\/2588\/revisions\/2783"}],"wp:featuredmedia":[{"embeddable":true,"href":"https:\/\/www.campusinternationaldonbosco.org\/en\/wp-json\/wp\/v2\/media\/2613"}],"wp:attachment":[{"href":"https:\/\/www.campusinternationaldonbosco.org\/en\/wp-json\/wp\/v2\/media?parent=2588"}],"wp:term":[{"taxonomy":"category","embeddable":true,"href":"https:\/\/www.campusinternationaldonbosco.org\/en\/wp-json\/wp\/v2\/categories?post=2588"},{"taxonomy":"post_tag","embeddable":true,"href":"https:\/\/www.campusinternationaldonbosco.org\/en\/wp-json\/wp\/v2\/tags?post=2588"}],"curies":[{"name":"wp","href":"https:\/\/api.w.org\/{rel}","templated":true}]}}