{"id":2558,"date":"2025-03-26T10:02:40","date_gmt":"2025-03-26T09:02:40","guid":{"rendered":"https:\/\/www.campusinternationaldonbosco.org\/?p=2558"},"modified":"2025-07-13T10:32:51","modified_gmt":"2025-07-13T08:32:51","slug":"mobilite-en-suede-pour-12-lyceens-de-don-bosco-nice","status":"publish","type":"post","link":"https:\/\/www.campusinternationaldonbosco.org\/en\/2025\/03\/26\/mobilite-en-suede-pour-12-lyceens-de-don-bosco-nice\/","title":{"rendered":"Mobilit\u00e9 en Su\u00e8de pour 12 lyc\u00e9ens de Don Bosco Nice"},"content":{"rendered":"<figure class=\"wp-block-image size-large\"><img fetchpriority=\"high\" decoding=\"async\" width=\"1024\" height=\"609\" src=\"https:\/\/www.campusinternationaldonbosco.org\/wp-content\/uploads\/2025\/03\/4-1-1024x609.jpg\" alt=\"\" class=\"wp-image-2559\" srcset=\"https:\/\/www.campusinternationaldonbosco.org\/wp-content\/uploads\/2025\/03\/4-1-1024x609.jpg 1024w, https:\/\/www.campusinternationaldonbosco.org\/wp-content\/uploads\/2025\/03\/4-1-300x178.jpg 300w, https:\/\/www.campusinternationaldonbosco.org\/wp-content\/uploads\/2025\/03\/4-1-768x457.jpg 768w, https:\/\/www.campusinternationaldonbosco.org\/wp-content\/uploads\/2025\/03\/4-1-1536x914.jpg 1536w, https:\/\/www.campusinternationaldonbosco.org\/wp-content\/uploads\/2025\/03\/4-1-18x12.jpg 18w, https:\/\/www.campusinternationaldonbosco.org\/wp-content\/uploads\/2025\/03\/4-1.jpg 1893w\" sizes=\"(max-width: 1024px) 100vw, 1024px\" \/><\/figure>\n\n\n\n<p>Du dimanche 2 au samedi 8 f\u00e9vrier 2025, 12 lyc\u00e9ens ont r\u00e9alis\u00e9 une mobilit\u00e9 en Su\u00e8de, dans notre \u00e9tablissement partenaire Prolympia Vastra \u00e0 Goteborg.<\/p>\n\n\n\n<p>Au programme :<\/p>\n\n\n\n<ul class=\"wp-block-list\">\n<li><em>retrouvailles avec les correspondants su\u00e9dois<\/em><\/li>\n\n\n\n<li><em>d\u00e9couverte du syst\u00e8me scolaire su\u00e9dois dans un \u00e9tablissement o\u00f9 les \u00e9l\u00e8ves suivent un double parcours sport\/\u00e9tudes<\/em><\/li>\n\n\n\n<li><em>tournoi sportif<\/em> <em>dans la ville de Goteborg<\/em><\/li>\n\n\n\n<li><em>activit\u00e9s sportives collaboratives avec les correspondants, en anglais<\/em><\/li>\n<\/ul>\n\n\n\n<p>Le groupe est ravi de son s\u00e9jour et le partenariat avec Prolympia est d&rsquo;ores et d\u00e9j\u00e0 reconduit pour l&rsquo;ann\u00e9e prochaine !<\/p>\n\n\n\n<figure class=\"wp-block-image size-large\"><img decoding=\"async\" width=\"1024\" height=\"543\" src=\"https:\/\/www.campusinternationaldonbosco.org\/wp-content\/uploads\/2025\/03\/WhatsApp-Image-2025-02-06-at-16.37.02-1-1024x543.jpeg\" alt=\"\" class=\"wp-image-2560\" srcset=\"https:\/\/www.campusinternationaldonbosco.org\/wp-content\/uploads\/2025\/03\/WhatsApp-Image-2025-02-06-at-16.37.02-1-1024x543.jpeg 1024w, https:\/\/www.campusinternationaldonbosco.org\/wp-content\/uploads\/2025\/03\/WhatsApp-Image-2025-02-06-at-16.37.02-1-300x159.jpeg 300w, https:\/\/www.campusinternationaldonbosco.org\/wp-content\/uploads\/2025\/03\/WhatsApp-Image-2025-02-06-at-16.37.02-1-768x408.jpeg 768w, https:\/\/www.campusinternationaldonbosco.org\/wp-content\/uploads\/2025\/03\/WhatsApp-Image-2025-02-06-at-16.37.02-1-18x10.jpeg 18w, https:\/\/www.campusinternationaldonbosco.org\/wp-content\/uploads\/2025\/03\/WhatsApp-Image-2025-02-06-at-16.37.02-1.jpeg 1532w\" sizes=\"(max-width: 1024px) 100vw, 1024px\" \/><\/figure>\n\n\n\n<figure class=\"wp-block-image size-large\"><img decoding=\"async\" width=\"1024\" height=\"156\" src=\"https:\/\/www.campusinternationaldonbosco.org\/wp-content\/uploads\/2020\/04\/erasumus-ue-1024x156.png\" alt=\"\" class=\"wp-image-2486\" srcset=\"https:\/\/www.campusinternationaldonbosco.org\/wp-content\/uploads\/2020\/04\/erasumus-ue-1024x156.png 1024w, https:\/\/www.campusinternationaldonbosco.org\/wp-content\/uploads\/2020\/04\/erasumus-ue-300x46.png 300w, https:\/\/www.campusinternationaldonbosco.org\/wp-content\/uploads\/2020\/04\/erasumus-ue-768x117.png 768w, https:\/\/www.campusinternationaldonbosco.org\/wp-content\/uploads\/2020\/04\/erasumus-ue-1536x234.png 1536w, https:\/\/www.campusinternationaldonbosco.org\/wp-content\/uploads\/2020\/04\/erasumus-ue-2048x312.png 2048w, https:\/\/www.campusinternationaldonbosco.org\/wp-content\/uploads\/2020\/04\/erasumus-ue-18x3.png 18w\" sizes=\"(max-width: 1024px) 100vw, 1024px\" \/><\/figure>","protected":false},"excerpt":{"rendered":"<p>Du dimanche 2 au samedi 8 f\u00e9vrier 2025, 12 lyc\u00e9ens ont r\u00e9alis\u00e9 une mobilit\u00e9 en Su\u00e8de, dans notre \u00e9tablissement partenaire Prolympia Vastra \u00e0 Goteborg. Au programme : Le groupe est ravi de son s\u00e9jour et le partenariat avec Prolympia est d&rsquo;ores et d\u00e9j\u00e0 reconduit pour l&rsquo;ann\u00e9e prochaine !<\/p>","protected":false},"author":69,"featured_media":2559,"comment_status":"closed","ping_status":"closed","sticky":false,"template":"","format":"standard","meta":{"footnotes":"","_links_to":"","_links_to_target":""},"categories":[23],"tags":[],"class_list":["post-2558","post","type-post","status-publish","format-standard","has-post-thumbnail","hentry","category-ensemble-scolaire-don-bosco-nice"],"_links":{"self":[{"href":"https:\/\/www.campusinternationaldonbosco.org\/en\/wp-json\/wp\/v2\/posts\/2558","targetHints":{"allow":["GET"]}}],"collection":[{"href":"https:\/\/www.campusinternationaldonbosco.org\/en\/wp-json\/wp\/v2\/posts"}],"about":[{"href":"https:\/\/www.campusinternationaldonbosco.org\/en\/wp-json\/wp\/v2\/types\/post"}],"author":[{"embeddable":true,"href":"https:\/\/www.campusinternationaldonbosco.org\/en\/wp-json\/wp\/v2\/users\/69"}],"replies":[{"embeddable":true,"href":"https:\/\/www.campusinternationaldonbosco.org\/en\/wp-json\/wp\/v2\/comments?post=2558"}],"version-history":[{"count":3,"href":"https:\/\/www.campusinternationaldonbosco.org\/en\/wp-json\/wp\/v2\/posts\/2558\/revisions"}],"predecessor-version":[{"id":2793,"href":"https:\/\/www.campusinternationaldonbosco.org\/en\/wp-json\/wp\/v2\/posts\/2558\/revisions\/2793"}],"wp:featuredmedia":[{"embeddable":true,"href":"https:\/\/www.campusinternationaldonbosco.org\/en\/wp-json\/wp\/v2\/media\/2559"}],"wp:attachment":[{"href":"https:\/\/www.campusinternationaldonbosco.org\/en\/wp-json\/wp\/v2\/media?parent=2558"}],"wp:term":[{"taxonomy":"category","embeddable":true,"href":"https:\/\/www.campusinternationaldonbosco.org\/en\/wp-json\/wp\/v2\/categories?post=2558"},{"taxonomy":"post_tag","embeddable":true,"href":"https:\/\/www.campusinternationaldonbosco.org\/en\/wp-json\/wp\/v2\/tags?post=2558"}],"curies":[{"name":"wp","href":"https:\/\/api.w.org\/{rel}","templated":true}]}}