{"id":2466,"date":"2024-10-18T10:10:35","date_gmt":"2024-10-18T08:10:35","guid":{"rendered":"https:\/\/www.campusinternationaldonbosco.org\/?p=2466"},"modified":"2025-01-03T16:30:25","modified_gmt":"2025-01-03T15:30:25","slug":"les-erasmus-days-au-college-st-viateur-canaguet-une-immersion-europeenne-reussie","status":"publish","type":"post","link":"https:\/\/www.campusinternationaldonbosco.org\/en\/2024\/10\/18\/les-erasmus-days-au-college-st-viateur-canaguet-une-immersion-europeenne-reussie\/","title":{"rendered":"Les Erasmus Days au Coll\u00e8ge St Viateur Canaguet : une immersion europ\u00e9enne r\u00e9ussie"},"content":{"rendered":"<figure class=\"wp-block-image size-large\"><img fetchpriority=\"high\" decoding=\"async\" width=\"1024\" height=\"576\" src=\"https:\/\/www.campusinternationaldonbosco.org\/wp-content\/uploads\/2024\/11\/IMG_9367-1024x576.jpg\" alt=\"\" class=\"wp-image-2468\" srcset=\"https:\/\/www.campusinternationaldonbosco.org\/wp-content\/uploads\/2024\/11\/IMG_9367-1024x576.jpg 1024w, https:\/\/www.campusinternationaldonbosco.org\/wp-content\/uploads\/2024\/11\/IMG_9367-300x169.jpg 300w, https:\/\/www.campusinternationaldonbosco.org\/wp-content\/uploads\/2024\/11\/IMG_9367-768x432.jpg 768w, https:\/\/www.campusinternationaldonbosco.org\/wp-content\/uploads\/2024\/11\/IMG_9367-1536x864.jpg 1536w, https:\/\/www.campusinternationaldonbosco.org\/wp-content\/uploads\/2024\/11\/IMG_9367-2048x1152.jpg 2048w, https:\/\/www.campusinternationaldonbosco.org\/wp-content\/uploads\/2024\/11\/IMG_9367-18x10.jpg 18w\" sizes=\"(max-width: 1024px) 100vw, 1024px\" \/><\/figure>\n\n\n\n<p>Lors des Erasmus Days 2024, les 5\u00e8mes de St Viateur Canaguet ont pu \u00e9couter le t\u00e9moignage des \u00e9l\u00e8ves ayant pris part \u00e0 la mobilit\u00e9 Erasmus + \u00e0 Barcelone au mois de mai dernier. <\/p>\n\n\n\n<p>Ils ont racont\u00e9 avec beaucoup d\u2019enthousiasme cette belle aventure : participation \u00e0 de nombreux ateliers de communication en anglais autour du th\u00e8me du projet<em> \u00ab Make visible the invisible \u00bb<\/em> :  travail sur des textes retra\u00e7ant la vie de diff\u00e9rents personnages historiques, mise en place des activit\u00e9s sportives autour du handicap visuel et physique et confection d\u2019affiches. Tout cela en interaction entre \u00e9l\u00e8ves des deux pays et le tout en anglai ! Ils ont aussi parl\u00e9 avec beaucoup de nostalgie de cette semaine pass\u00e9e chez leurs correspondants. Le but \u00e9tait bien s\u00fbr de t\u00e9moigner pour donner envie aux \u00e9l\u00e8ves de 5\u00e8mes actuels de prendre part \u00e0 cette exp\u00e9rience au printemps prochain.<br><\/p>\n\n\n\n<p>De leur c\u00f4t\u00e9 les 4\u00e8mes et 3\u00e8mes ont visionn\u00e9 les films et ont pu lire les journaux r\u00e9alis\u00e9s par les \u00e9l\u00e8ves<br>ayant eu la chance de vivre une mobilit\u00e9 toujours \u00e0 Barcelone mais cette fois-ci en espagnol. Le th\u00e8me du<br>projet \u00e9tait <em>\u00ab Jeunes reporters \u00e0 l\u2019\u00e9tranger \u00bb<\/em>. En \u00e9quipes binationales, le travail a \u00e9t\u00e9 tr\u00e8s enrichissant et<br>la communication entre espagnol et fran\u00e7ais leur a permis de progresser dans de nombreuses comp\u00e9tences langagi\u00e8res.<br><\/p>\n\n\n\n<p>Dans l&rsquo;ambiance festive des Erasmus Days 2024,  les \u00e9l\u00e8ves du coll\u00e8ge ont pu se rendre compte du travail effectu\u00e9 lors de ces mobilit\u00e9s mais aussi, et surtout, tous ont pris conscience que ce projet les a fait grandir.<\/p>\n\n\n\n<figure class=\"wp-block-image size-large\"><img decoding=\"async\" width=\"768\" height=\"1024\" src=\"https:\/\/www.campusinternationaldonbosco.org\/wp-content\/uploads\/2024\/11\/IMG_9368-768x1024.jpg\" alt=\"\" class=\"wp-image-2467\" srcset=\"https:\/\/www.campusinternationaldonbosco.org\/wp-content\/uploads\/2024\/11\/IMG_9368-768x1024.jpg 768w, https:\/\/www.campusinternationaldonbosco.org\/wp-content\/uploads\/2024\/11\/IMG_9368-225x300.jpg 225w, https:\/\/www.campusinternationaldonbosco.org\/wp-content\/uploads\/2024\/11\/IMG_9368-1152x1536.jpg 1152w, https:\/\/www.campusinternationaldonbosco.org\/wp-content\/uploads\/2024\/11\/IMG_9368-1536x2048.jpg 1536w, https:\/\/www.campusinternationaldonbosco.org\/wp-content\/uploads\/2024\/11\/IMG_9368-9x12.jpg 9w, https:\/\/www.campusinternationaldonbosco.org\/wp-content\/uploads\/2024\/11\/IMG_9368-scaled.jpg 1920w\" sizes=\"(max-width: 768px) 100vw, 768px\" \/><\/figure>\n\n\n\n<figure class=\"wp-block-image size-full\"><img decoding=\"async\" width=\"900\" height=\"137\" src=\"https:\/\/www.campusinternationaldonbosco.org\/wp-content\/uploads\/2020\/04\/erasumus-ue-1.png\" alt=\"\" class=\"wp-image-2488\" srcset=\"https:\/\/www.campusinternationaldonbosco.org\/wp-content\/uploads\/2020\/04\/erasumus-ue-1.png 900w, https:\/\/www.campusinternationaldonbosco.org\/wp-content\/uploads\/2020\/04\/erasumus-ue-1-300x46.png 300w, https:\/\/www.campusinternationaldonbosco.org\/wp-content\/uploads\/2020\/04\/erasumus-ue-1-768x117.png 768w, https:\/\/www.campusinternationaldonbosco.org\/wp-content\/uploads\/2020\/04\/erasumus-ue-1-18x3.png 18w\" sizes=\"(max-width: 900px) 100vw, 900px\" \/><\/figure>","protected":false},"excerpt":{"rendered":"<p>Lors des Erasmus Days 2024, les 5\u00e8mes de St Viateur Canaguet ont pu \u00e9couter le t\u00e9moignage des \u00e9l\u00e8ves ayant pris part \u00e0 la mobilit\u00e9 Erasmus + \u00e0 Barcelone au mois de mai dernier. Ils ont racont\u00e9 avec beaucoup d\u2019enthousiasme cette belle aventure : participation \u00e0 de nombreux ateliers de communication en anglais autour du th\u00e8me [&hellip;]<\/p>\n","protected":false},"author":50,"featured_media":2468,"comment_status":"closed","ping_status":"closed","sticky":false,"template":"","format":"standard","meta":{"footnotes":"","_links_to":"","_links_to_target":""},"categories":[24],"tags":[],"class_list":["post-2466","post","type-post","status-publish","format-standard","has-post-thumbnail","hentry","category-college-saint-viateur-onet-le-chateau"],"_links":{"self":[{"href":"https:\/\/www.campusinternationaldonbosco.org\/en\/wp-json\/wp\/v2\/posts\/2466","targetHints":{"allow":["GET"]}}],"collection":[{"href":"https:\/\/www.campusinternationaldonbosco.org\/en\/wp-json\/wp\/v2\/posts"}],"about":[{"href":"https:\/\/www.campusinternationaldonbosco.org\/en\/wp-json\/wp\/v2\/types\/post"}],"author":[{"embeddable":true,"href":"https:\/\/www.campusinternationaldonbosco.org\/en\/wp-json\/wp\/v2\/users\/50"}],"replies":[{"embeddable":true,"href":"https:\/\/www.campusinternationaldonbosco.org\/en\/wp-json\/wp\/v2\/comments?post=2466"}],"version-history":[{"count":3,"href":"https:\/\/www.campusinternationaldonbosco.org\/en\/wp-json\/wp\/v2\/posts\/2466\/revisions"}],"predecessor-version":[{"id":2502,"href":"https:\/\/www.campusinternationaldonbosco.org\/en\/wp-json\/wp\/v2\/posts\/2466\/revisions\/2502"}],"wp:featuredmedia":[{"embeddable":true,"href":"https:\/\/www.campusinternationaldonbosco.org\/en\/wp-json\/wp\/v2\/media\/2468"}],"wp:attachment":[{"href":"https:\/\/www.campusinternationaldonbosco.org\/en\/wp-json\/wp\/v2\/media?parent=2466"}],"wp:term":[{"taxonomy":"category","embeddable":true,"href":"https:\/\/www.campusinternationaldonbosco.org\/en\/wp-json\/wp\/v2\/categories?post=2466"},{"taxonomy":"post_tag","embeddable":true,"href":"https:\/\/www.campusinternationaldonbosco.org\/en\/wp-json\/wp\/v2\/tags?post=2466"}],"curies":[{"name":"wp","href":"https:\/\/api.w.org\/{rel}","templated":true}]}}