{"id":2401,"date":"2024-11-07T15:30:46","date_gmt":"2024-11-07T14:30:46","guid":{"rendered":"https:\/\/www.campusinternationaldonbosco.org\/?p=2401"},"modified":"2025-01-03T16:29:06","modified_gmt":"2025-01-03T15:29:06","slug":"seminaire-erasmus-a-berlin-du-28-10-au-30-10-2024","status":"publish","type":"post","link":"https:\/\/www.campusinternationaldonbosco.org\/en\/2024\/11\/07\/seminaire-erasmus-a-berlin-du-28-10-au-30-10-2024\/","title":{"rendered":"S\u00e9minaire de formation Erasmus + \u00e0 Berlin du 28\/10 au 30\/10 2024."},"content":{"rendered":"<pre class=\"wp-block-code\"><code>                   <\/code><\/pre>\n\n\n\n<p>Enseignante d\u2019allemand et r\u00e9f\u00e9rente Voyages \/ Erasmus+ au Coll\u00e8ge Saint Louis Saint Bruno de Lyon, j\u2019ai eu l\u2019opportunit\u00e9 de participer au s\u00e9minaire europ\u00e9en Erasmus+ organis\u00e9 par l\u2019organisme de formation danois Friskolerne qui a eu lieu \u00e0 l\u2019ambassade du Danemark \u00e0 Berlin du 28 au 30 octobre 2024.<\/p>\n\n\n\n<figure class=\"wp-block-image size-large\"><img fetchpriority=\"high\" decoding=\"async\" width=\"1024\" height=\"576\" src=\"https:\/\/www.campusinternationaldonbosco.org\/wp-content\/uploads\/2024\/11\/image-1024x576.jpeg\" alt=\"\" class=\"wp-image-2410\" srcset=\"https:\/\/www.campusinternationaldonbosco.org\/wp-content\/uploads\/2024\/11\/image-1024x576.jpeg 1024w, https:\/\/www.campusinternationaldonbosco.org\/wp-content\/uploads\/2024\/11\/image-300x169.jpeg 300w, https:\/\/www.campusinternationaldonbosco.org\/wp-content\/uploads\/2024\/11\/image-768x432.jpeg 768w, https:\/\/www.campusinternationaldonbosco.org\/wp-content\/uploads\/2024\/11\/image-18x10.jpeg 18w, https:\/\/www.campusinternationaldonbosco.org\/wp-content\/uploads\/2024\/11\/image.jpeg 1376w\" sizes=\"(max-width: 1024px) 100vw, 1024px\" \/><\/figure>\n\n\n\n<p>Une cinquantaine de participants (chefs d\u2019\u00e9tablissement, coordinateurs Erasmus+ et \/ ou enseignants) issus de nombreux pays europ\u00e9ens \u00e9taient pr\u00e9sents afin de suivre cette formation dont la th\u00e9matique principale \u00e9tait l\u2019\u00e9ducation \u00e0 la paix et \u00e0 l\u2019espoir pour les jeunes en ces temps de conflits aux portes de l\u2019Union Europ\u00e9enne. Le second objectif essentiel \u00e9tait de nouer des contacts et des partenariats europ\u00e9ens afin de d\u00e9velopper tout type de mobilit\u00e9s de groupes et individuelles, ce qui fait intrins\u00e8quement sens avec l\u2019id\u00e9e de nourrir esp\u00e9rance et construction personnelle pour nos \u00e9l\u00e8ves actuels.<br>Enrichi par plusieurs conf\u00e9rences (entre autre sur la digitalisation de l\u2019\u00e9ducation \u00e0 la paix, sur la gestion du stress ou encore sur le changement climatique), par de multiples workshops interdisciplinaires et interactifs (eTwinning, \u00e9laboration d\u2019un catalogue de projets th\u00e9matiques pour tout type de mobilit\u00e9, \u00e9changes de pratiques p\u00e9dagogiques et culturelles dans les diff\u00e9rents pays) et par des visites didactis\u00e9es \u00e0 travers certains monuments de Berlin, ce s\u00e9minaire fut tr\u00e8s riche et inspirant pour l\u2019ensemble des participants qui ont \u00e9t\u00e9 stimul\u00e9s par le d\u00e9sir de construire diff\u00e9rents types de mobilit\u00e9 internationale sur le court ou moyen terme.<\/p>\n\n\n\n<figure class=\"wp-block-image size-large\"><img decoding=\"async\" width=\"1024\" height=\"576\" src=\"https:\/\/www.campusinternationaldonbosco.org\/wp-content\/uploads\/2024\/11\/PHOTO-2024-10-30-20-12-22-1024x576.jpg\" alt=\"\" class=\"wp-image-2409\" srcset=\"https:\/\/www.campusinternationaldonbosco.org\/wp-content\/uploads\/2024\/11\/PHOTO-2024-10-30-20-12-22-1024x576.jpg 1024w, https:\/\/www.campusinternationaldonbosco.org\/wp-content\/uploads\/2024\/11\/PHOTO-2024-10-30-20-12-22-300x169.jpg 300w, https:\/\/www.campusinternationaldonbosco.org\/wp-content\/uploads\/2024\/11\/PHOTO-2024-10-30-20-12-22-768x432.jpg 768w, https:\/\/www.campusinternationaldonbosco.org\/wp-content\/uploads\/2024\/11\/PHOTO-2024-10-30-20-12-22-18x10.jpg 18w, https:\/\/www.campusinternationaldonbosco.org\/wp-content\/uploads\/2024\/11\/PHOTO-2024-10-30-20-12-22.jpg 1376w\" sizes=\"(max-width: 1024px) 100vw, 1024px\" \/><\/figure>\n\n\n\n<p>De retour de Berlin inspir\u00e9e par ces \u00e9changes et ces rencontres, j\u2019envisage avec la Direction de mon \u00e9tablissement de mettre en \u0153uvre un job-shadowing au printemps 2025 avec un \u00e9tablissement danois (Friskole \u00e0 Velling) afin que trois enseignants du Coll\u00e8ge Saint Louis Saint Bruno  partent observer le syst\u00e8me scolaire scandinave et \u00e9changer sur les pratiques avec les \u00e9quipes p\u00e9dagogiques sur place. A l\u2019issue de ce stage d\u2019observation, nous accueillerons \u00e0 notre tour trois professeurs danois qui viendront observer notre p\u00e9dagogie et nos m\u00e9thodes. Ces exp\u00e9riences innovantes de job-shadowing entre enseignants europ\u00e9ens est une occasion de partage de savoir-faire, d&rsquo;ouverture culturelle et de r\u00e9flexion, qui b\u00e9n\u00e9ficient tant aux enseignants qu&rsquo;aux \u00e9l\u00e8ves des \u00e9tablissements des deux pays.<\/p>\n\n\n\n<pre class=\"wp-block-code\"><code>                                                                                          Julie COMBAUD <\/code><\/pre>\n\n\n\n<figure class=\"wp-block-image aligncenter size-full\"><img decoding=\"async\" width=\"900\" height=\"137\" src=\"https:\/\/www.campusinternationaldonbosco.org\/wp-content\/uploads\/2020\/04\/erasumus-ue-1.png\" alt=\"\" class=\"wp-image-2488\" srcset=\"https:\/\/www.campusinternationaldonbosco.org\/wp-content\/uploads\/2020\/04\/erasumus-ue-1.png 900w, https:\/\/www.campusinternationaldonbosco.org\/wp-content\/uploads\/2020\/04\/erasumus-ue-1-300x46.png 300w, https:\/\/www.campusinternationaldonbosco.org\/wp-content\/uploads\/2020\/04\/erasumus-ue-1-768x117.png 768w, https:\/\/www.campusinternationaldonbosco.org\/wp-content\/uploads\/2020\/04\/erasumus-ue-1-18x3.png 18w\" sizes=\"(max-width: 900px) 100vw, 900px\" \/><\/figure>","protected":false},"excerpt":{"rendered":"<p>Enseignante d\u2019allemand et r\u00e9f\u00e9rente Voyages \/ Erasmus+ au Coll\u00e8ge Saint Louis Saint Bruno de Lyon, j\u2019ai eu l\u2019opportunit\u00e9 de participer au s\u00e9minaire europ\u00e9en Erasmus+ organis\u00e9 par l\u2019organisme de formation danois Friskolerne qui a eu lieu \u00e0 l\u2019ambassade du Danemark \u00e0 Berlin du 28 au 30 octobre 2024. Une cinquantaine de participants (chefs d\u2019\u00e9tablissement, coordinateurs Erasmus+ [&hellip;]<\/p>\n","protected":false},"author":21,"featured_media":2410,"comment_status":"closed","ping_status":"closed","sticky":false,"template":"","format":"standard","meta":{"footnotes":"","_links_to":"","_links_to_target":""},"categories":[19],"tags":[],"class_list":["post-2401","post","type-post","status-publish","format-standard","has-post-thumbnail","hentry","category-college-saint-louis-saint-bruno-lyon"],"_links":{"self":[{"href":"https:\/\/www.campusinternationaldonbosco.org\/en\/wp-json\/wp\/v2\/posts\/2401","targetHints":{"allow":["GET"]}}],"collection":[{"href":"https:\/\/www.campusinternationaldonbosco.org\/en\/wp-json\/wp\/v2\/posts"}],"about":[{"href":"https:\/\/www.campusinternationaldonbosco.org\/en\/wp-json\/wp\/v2\/types\/post"}],"author":[{"embeddable":true,"href":"https:\/\/www.campusinternationaldonbosco.org\/en\/wp-json\/wp\/v2\/users\/21"}],"replies":[{"embeddable":true,"href":"https:\/\/www.campusinternationaldonbosco.org\/en\/wp-json\/wp\/v2\/comments?post=2401"}],"version-history":[{"count":4,"href":"https:\/\/www.campusinternationaldonbosco.org\/en\/wp-json\/wp\/v2\/posts\/2401\/revisions"}],"predecessor-version":[{"id":2499,"href":"https:\/\/www.campusinternationaldonbosco.org\/en\/wp-json\/wp\/v2\/posts\/2401\/revisions\/2499"}],"wp:featuredmedia":[{"embeddable":true,"href":"https:\/\/www.campusinternationaldonbosco.org\/en\/wp-json\/wp\/v2\/media\/2410"}],"wp:attachment":[{"href":"https:\/\/www.campusinternationaldonbosco.org\/en\/wp-json\/wp\/v2\/media?parent=2401"}],"wp:term":[{"taxonomy":"category","embeddable":true,"href":"https:\/\/www.campusinternationaldonbosco.org\/en\/wp-json\/wp\/v2\/categories?post=2401"},{"taxonomy":"post_tag","embeddable":true,"href":"https:\/\/www.campusinternationaldonbosco.org\/en\/wp-json\/wp\/v2\/tags?post=2401"}],"curies":[{"name":"wp","href":"https:\/\/api.w.org\/{rel}","templated":true}]}}