{"id":2369,"date":"2024-10-21T21:53:16","date_gmt":"2024-10-21T19:53:16","guid":{"rendered":"https:\/\/www.campusinternationaldonbosco.org\/?p=2369"},"modified":"2025-01-03T16:30:03","modified_gmt":"2025-01-03T15:30:03","slug":"leurope-salesienne-en-mouvement-90-experts-erasmus-reunis-a-malte-pour-faire-avancer-leducation-numerique","status":"publish","type":"post","link":"https:\/\/www.campusinternationaldonbosco.org\/en\/2024\/10\/21\/leurope-salesienne-en-mouvement-90-experts-erasmus-reunis-a-malte-pour-faire-avancer-leducation-numerique\/","title":{"rendered":"L&rsquo;Europe sal\u00e9sienne en mouvement : 90 experts Erasmus+ r\u00e9unis \u00e0 Malte pour faire avancer l&rsquo;\u00e9ducation num\u00e9rique."},"content":{"rendered":"<p class=\"has-text-align-left\">Les coordonnateurs de projets Erasmus+ du r\u00e9seau sal\u00e9sien de Don Bosco en Europe se sont rassembl\u00e9s \u00e0 Malte du 16 au 18 octobre 2024 pour leur quatorzi\u00e8me rencontre annuelle. Cet \u00e9v\u00e9nement, qui a r\u00e9uni pr\u00e8s de 90 participants issus de 9 pays diff\u00e9rents, a \u00e9t\u00e9 l&rsquo;occasion de faire le point sur les derni\u00e8res avanc\u00e9es du r\u00e9seau DB Tech Europe et de renforcer la collaboration entre les \u00e9tablissements.<\/p>\n\n\n\n<figure class=\"wp-block-image size-large\"><img fetchpriority=\"high\" decoding=\"async\" width=\"1024\" height=\"576\" src=\"https:\/\/www.campusinternationaldonbosco.org\/wp-content\/uploads\/2024\/10\/DB-Tech-Malta-bis-1024x576.jpg\" alt=\"\" class=\"wp-image-2376\" srcset=\"https:\/\/www.campusinternationaldonbosco.org\/wp-content\/uploads\/2024\/10\/DB-Tech-Malta-bis-1024x576.jpg 1024w, https:\/\/www.campusinternationaldonbosco.org\/wp-content\/uploads\/2024\/10\/DB-Tech-Malta-bis-300x169.jpg 300w, https:\/\/www.campusinternationaldonbosco.org\/wp-content\/uploads\/2024\/10\/DB-Tech-Malta-bis-768x432.jpg 768w, https:\/\/www.campusinternationaldonbosco.org\/wp-content\/uploads\/2024\/10\/DB-Tech-Malta-bis-18x10.jpg 18w, https:\/\/www.campusinternationaldonbosco.org\/wp-content\/uploads\/2024\/10\/DB-Tech-Malta-bis.jpg 1200w\" sizes=\"(max-width: 1024px) 100vw, 1024px\" \/><\/figure>\n\n\n\n<p>R\u00e9alit\u00e9 virtuelle, micro-certifications&#8230; les derni\u00e8res tendances de l&rsquo;\u00e9ducation ont \u00e9t\u00e9 au c\u0153ur de cette \u00e9dition. Les ateliers ont permis aux participants de mettre en pratique ces nouvelles technologies \u00e0 travers des simulations immersives et la cr\u00e9ation de micro certifications personnalis\u00e9es. Ces innovations p\u00e9dagogiques permettront d&rsquo;offrir aux jeunes une formation plus adapt\u00e9e aux enjeux du 21\u00e8me si\u00e8cle et de favoriser leur mobilit\u00e9 gr\u00e2ce \u00e0 la coop\u00e9ration entre les r\u00e9gions.<\/p>\n\n\n\n<div class=\"wp-block-columns is-layout-flex wp-container-core-columns-is-layout-28f84493 wp-block-columns-is-layout-flex\">\n<div class=\"wp-block-column is-layout-flow wp-block-column-is-layout-flow\" style=\"flex-basis:100%\">\n<div class=\"wp-block-columns is-layout-flex wp-container-core-columns-is-layout-28f84493 wp-block-columns-is-layout-flex\">\n<div class=\"wp-block-column is-layout-flow wp-block-column-is-layout-flow\">\n<figure class=\"wp-block-image size-large\"><img decoding=\"async\" width=\"1024\" height=\"576\" src=\"https:\/\/www.campusinternationaldonbosco.org\/wp-content\/uploads\/2024\/10\/20241017_144443-1024x576.jpg\" alt=\"\" class=\"wp-image-2389\" srcset=\"https:\/\/www.campusinternationaldonbosco.org\/wp-content\/uploads\/2024\/10\/20241017_144443-1024x576.jpg 1024w, https:\/\/www.campusinternationaldonbosco.org\/wp-content\/uploads\/2024\/10\/20241017_144443-300x169.jpg 300w, https:\/\/www.campusinternationaldonbosco.org\/wp-content\/uploads\/2024\/10\/20241017_144443-768x432.jpg 768w, https:\/\/www.campusinternationaldonbosco.org\/wp-content\/uploads\/2024\/10\/20241017_144443-1536x864.jpg 1536w, https:\/\/www.campusinternationaldonbosco.org\/wp-content\/uploads\/2024\/10\/20241017_144443-18x10.jpg 18w, https:\/\/www.campusinternationaldonbosco.org\/wp-content\/uploads\/2024\/10\/20241017_144443.jpg 1927w\" sizes=\"(max-width: 1024px) 100vw, 1024px\" \/><\/figure>\n<\/div>\n\n\n\n<div class=\"wp-block-column is-layout-flow wp-block-column-is-layout-flow\">\n<figure class=\"wp-block-image size-large\"><img decoding=\"async\" width=\"1024\" height=\"576\" src=\"https:\/\/www.campusinternationaldonbosco.org\/wp-content\/uploads\/2024\/10\/20241017_145349-1024x576.jpg\" alt=\"\" class=\"wp-image-2379\" srcset=\"https:\/\/www.campusinternationaldonbosco.org\/wp-content\/uploads\/2024\/10\/20241017_145349-1024x576.jpg 1024w, https:\/\/www.campusinternationaldonbosco.org\/wp-content\/uploads\/2024\/10\/20241017_145349-300x169.jpg 300w, https:\/\/www.campusinternationaldonbosco.org\/wp-content\/uploads\/2024\/10\/20241017_145349-768x432.jpg 768w, https:\/\/www.campusinternationaldonbosco.org\/wp-content\/uploads\/2024\/10\/20241017_145349-1536x864.jpg 1536w, https:\/\/www.campusinternationaldonbosco.org\/wp-content\/uploads\/2024\/10\/20241017_145349-2048x1153.jpg 2048w, https:\/\/www.campusinternationaldonbosco.org\/wp-content\/uploads\/2024\/10\/20241017_145349-18x10.jpg 18w\" sizes=\"(max-width: 1024px) 100vw, 1024px\" \/><\/figure>\n<\/div>\n<\/div>\n\n\n\n<div class=\"wp-block-columns is-layout-flex wp-container-core-columns-is-layout-28f84493 wp-block-columns-is-layout-flex\">\n<div class=\"wp-block-column is-layout-flow wp-block-column-is-layout-flow\">\n<figure class=\"wp-block-image size-large\"><img loading=\"lazy\" decoding=\"async\" width=\"1024\" height=\"576\" src=\"https:\/\/www.campusinternationaldonbosco.org\/wp-content\/uploads\/2024\/10\/20241017_153012-1024x576.jpg\" alt=\"\" class=\"wp-image-2380\" srcset=\"https:\/\/www.campusinternationaldonbosco.org\/wp-content\/uploads\/2024\/10\/20241017_153012-1024x576.jpg 1024w, https:\/\/www.campusinternationaldonbosco.org\/wp-content\/uploads\/2024\/10\/20241017_153012-300x169.jpg 300w, https:\/\/www.campusinternationaldonbosco.org\/wp-content\/uploads\/2024\/10\/20241017_153012-768x432.jpg 768w, https:\/\/www.campusinternationaldonbosco.org\/wp-content\/uploads\/2024\/10\/20241017_153012-1536x864.jpg 1536w, https:\/\/www.campusinternationaldonbosco.org\/wp-content\/uploads\/2024\/10\/20241017_153012-2048x1152.jpg 2048w, https:\/\/www.campusinternationaldonbosco.org\/wp-content\/uploads\/2024\/10\/20241017_153012-18x10.jpg 18w\" sizes=\"(max-width: 1024px) 100vw, 1024px\" \/><\/figure>\n<\/div>\n\n\n\n<div class=\"wp-block-column is-layout-flow wp-block-column-is-layout-flow\">\n<figure class=\"wp-block-image size-large\"><img loading=\"lazy\" decoding=\"async\" width=\"1024\" height=\"576\" src=\"https:\/\/www.campusinternationaldonbosco.org\/wp-content\/uploads\/2024\/10\/IMG-20241017-WA0018-1-1024x576.jpg\" alt=\"\" class=\"wp-image-2390\" srcset=\"https:\/\/www.campusinternationaldonbosco.org\/wp-content\/uploads\/2024\/10\/IMG-20241017-WA0018-1-1024x576.jpg 1024w, https:\/\/www.campusinternationaldonbosco.org\/wp-content\/uploads\/2024\/10\/IMG-20241017-WA0018-1-300x169.jpg 300w, https:\/\/www.campusinternationaldonbosco.org\/wp-content\/uploads\/2024\/10\/IMG-20241017-WA0018-1-768x432.jpg 768w, https:\/\/www.campusinternationaldonbosco.org\/wp-content\/uploads\/2024\/10\/IMG-20241017-WA0018-1-18x10.jpg 18w, https:\/\/www.campusinternationaldonbosco.org\/wp-content\/uploads\/2024\/10\/IMG-20241017-WA0018-1.jpg 1452w\" sizes=\"(max-width: 1024px) 100vw, 1024px\" \/><\/figure>\n<\/div>\n<\/div>\n<\/div>\n<\/div>\n\n\n\n<p>La d\u00e9l\u00e9gation fran\u00e7aise, compos\u00e9e de 5 repr\u00e9sentants de 3 \u00e9tablissements diff\u00e9rents, a jou\u00e9 un r\u00f4le actif dans ces \u00e9changes. Parmi eux, citons Rose-Marie Enriquez-Vieu, charg\u00e9e de mission \u00e0 l&rsquo;international aupr\u00e8s d&rsquo;AMDB, Odile Jenvrin, coordinatrice de projets europ\u00e9ens \u00e0 l&rsquo;Institut Lemonnier \u00e0 Caen et Alexandre Brassac, directeur de l&rsquo;Ensemble scolaire Saint Pierre Saint Paul \u00e0 Langogne. Leurs contributions ont enrichi les d\u00e9bats et d\u00e9montr\u00e9 le dynamisme du r\u00e9seau sal\u00e9sien en France.<\/p>\n\n\n\n<div class=\"wp-block-group is-layout-constrained wp-block-group-is-layout-constrained\">\n<div class=\"wp-block-columns is-layout-flex wp-container-core-columns-is-layout-28f84493 wp-block-columns-is-layout-flex\">\n<div class=\"wp-block-column is-layout-flow wp-block-column-is-layout-flow\">\n<figure class=\"wp-block-gallery has-nested-images columns-default is-cropped wp-block-gallery-1 is-layout-flex wp-block-gallery-is-layout-flex\">\n<figure class=\"wp-block-image size-large\"><img loading=\"lazy\" decoding=\"async\" width=\"1024\" height=\"576\" data-id=\"2386\" src=\"https:\/\/www.campusinternationaldonbosco.org\/wp-content\/uploads\/2024\/10\/20241018_092607-2-1024x576.jpg\" alt=\"\" class=\"wp-image-2386\" srcset=\"https:\/\/www.campusinternationaldonbosco.org\/wp-content\/uploads\/2024\/10\/20241018_092607-2-1024x576.jpg 1024w, https:\/\/www.campusinternationaldonbosco.org\/wp-content\/uploads\/2024\/10\/20241018_092607-2-300x169.jpg 300w, https:\/\/www.campusinternationaldonbosco.org\/wp-content\/uploads\/2024\/10\/20241018_092607-2-768x432.jpg 768w, https:\/\/www.campusinternationaldonbosco.org\/wp-content\/uploads\/2024\/10\/20241018_092607-2-1536x864.jpg 1536w, https:\/\/www.campusinternationaldonbosco.org\/wp-content\/uploads\/2024\/10\/20241018_092607-2-2048x1152.jpg 2048w, https:\/\/www.campusinternationaldonbosco.org\/wp-content\/uploads\/2024\/10\/20241018_092607-2-18x10.jpg 18w\" sizes=\"(max-width: 1024px) 100vw, 1024px\" \/><\/figure>\n<\/figure>\n<\/div>\n\n\n\n<div class=\"wp-block-column is-layout-flow wp-block-column-is-layout-flow\">\n<figure class=\"wp-block-image size-large\"><img loading=\"lazy\" decoding=\"async\" width=\"1024\" height=\"576\" src=\"https:\/\/www.campusinternationaldonbosco.org\/wp-content\/uploads\/2024\/10\/20241018_092637-1024x576.jpg\" alt=\"\" class=\"wp-image-2388\" srcset=\"https:\/\/www.campusinternationaldonbosco.org\/wp-content\/uploads\/2024\/10\/20241018_092637-1024x576.jpg 1024w, https:\/\/www.campusinternationaldonbosco.org\/wp-content\/uploads\/2024\/10\/20241018_092637-300x169.jpg 300w, https:\/\/www.campusinternationaldonbosco.org\/wp-content\/uploads\/2024\/10\/20241018_092637-768x432.jpg 768w, https:\/\/www.campusinternationaldonbosco.org\/wp-content\/uploads\/2024\/10\/20241018_092637-1536x864.jpg 1536w, https:\/\/www.campusinternationaldonbosco.org\/wp-content\/uploads\/2024\/10\/20241018_092637-18x10.jpg 18w, https:\/\/www.campusinternationaldonbosco.org\/wp-content\/uploads\/2024\/10\/20241018_092637.jpg 1917w\" sizes=\"(max-width: 1024px) 100vw, 1024px\" \/><\/figure>\n<\/div>\n<\/div>\n<\/div>\n\n\n\n<p>De nombreux projets collaboratifs ont \u00e9merg\u00e9 de ces \u00e9changes, notamment dans les domaines des technologies num\u00e9riques, de l&rsquo;intelligence artificielle et des micro-certifications. Ces partenariats transfrontaliers permettront de multiplier les opportunit\u00e9s pour les jeunes et de renforcer l&rsquo;attractivit\u00e9 de l&rsquo;Europe.<\/p>\n\n\n\n<p>Fort de ce succ\u00e8s, le r\u00e9seau sal\u00e9sien est pr\u00eat \u00e0 relever les d\u00e9fis de demain en mati\u00e8re d&rsquo;\u00e9ducation et de formation professionnelle afin de toujours mieux r\u00e9pondre aux attentes des jeunes. La prochaine rencontre, qui se tiendra en octobre 2025, s&rsquo;annonce d\u00e9j\u00e0 riche en perspectives.<\/p>\n\n\n\n<figure class=\"wp-block-image aligncenter size-full\"><img loading=\"lazy\" decoding=\"async\" width=\"900\" height=\"137\" src=\"https:\/\/www.campusinternationaldonbosco.org\/wp-content\/uploads\/2020\/04\/erasumus-ue-1.png\" alt=\"\" class=\"wp-image-2488\" srcset=\"https:\/\/www.campusinternationaldonbosco.org\/wp-content\/uploads\/2020\/04\/erasumus-ue-1.png 900w, https:\/\/www.campusinternationaldonbosco.org\/wp-content\/uploads\/2020\/04\/erasumus-ue-1-300x46.png 300w, https:\/\/www.campusinternationaldonbosco.org\/wp-content\/uploads\/2020\/04\/erasumus-ue-1-768x117.png 768w, https:\/\/www.campusinternationaldonbosco.org\/wp-content\/uploads\/2020\/04\/erasumus-ue-1-18x3.png 18w\" sizes=\"(max-width: 900px) 100vw, 900px\" \/><\/figure>","protected":false},"excerpt":{"rendered":"<p>Les coordonnateurs de projets Erasmus+ du r\u00e9seau sal\u00e9sien de Don Bosco en Europe se sont rassembl\u00e9s \u00e0 Malte du 16 au 18 octobre 2024 pour leur quatorzi\u00e8me rencontre annuelle. Cet \u00e9v\u00e9nement, qui a r\u00e9uni pr\u00e8s de 90 participants issus de 9 pays diff\u00e9rents, a \u00e9t\u00e9 l&rsquo;occasion de faire le point sur les derni\u00e8res avanc\u00e9es du [&hellip;]<\/p>\n","protected":false},"author":50,"featured_media":2376,"comment_status":"closed","ping_status":"closed","sticky":false,"template":"","format":"standard","meta":{"footnotes":"","_links_to":"","_links_to_target":""},"categories":[33,34,38,1],"tags":[],"class_list":["post-2369","post","type-post","status-publish","format-standard","has-post-thumbnail","hentry","category-amdb-association-des-maisons-don-bosco-coordinateur","category-actualites-du-consortium-salesien","category-les-actualites-de-db-tech-europe","category-actualites-generales"],"_links":{"self":[{"href":"https:\/\/www.campusinternationaldonbosco.org\/en\/wp-json\/wp\/v2\/posts\/2369","targetHints":{"allow":["GET"]}}],"collection":[{"href":"https:\/\/www.campusinternationaldonbosco.org\/en\/wp-json\/wp\/v2\/posts"}],"about":[{"href":"https:\/\/www.campusinternationaldonbosco.org\/en\/wp-json\/wp\/v2\/types\/post"}],"author":[{"embeddable":true,"href":"https:\/\/www.campusinternationaldonbosco.org\/en\/wp-json\/wp\/v2\/users\/50"}],"replies":[{"embeddable":true,"href":"https:\/\/www.campusinternationaldonbosco.org\/en\/wp-json\/wp\/v2\/comments?post=2369"}],"version-history":[{"count":5,"href":"https:\/\/www.campusinternationaldonbosco.org\/en\/wp-json\/wp\/v2\/posts\/2369\/revisions"}],"predecessor-version":[{"id":2501,"href":"https:\/\/www.campusinternationaldonbosco.org\/en\/wp-json\/wp\/v2\/posts\/2369\/revisions\/2501"}],"wp:featuredmedia":[{"embeddable":true,"href":"https:\/\/www.campusinternationaldonbosco.org\/en\/wp-json\/wp\/v2\/media\/2376"}],"wp:attachment":[{"href":"https:\/\/www.campusinternationaldonbosco.org\/en\/wp-json\/wp\/v2\/media?parent=2369"}],"wp:term":[{"taxonomy":"category","embeddable":true,"href":"https:\/\/www.campusinternationaldonbosco.org\/en\/wp-json\/wp\/v2\/categories?post=2369"},{"taxonomy":"post_tag","embeddable":true,"href":"https:\/\/www.campusinternationaldonbosco.org\/en\/wp-json\/wp\/v2\/tags?post=2369"}],"curies":[{"name":"wp","href":"https:\/\/api.w.org\/{rel}","templated":true}]}}