{"id":2280,"date":"2024-05-27T17:23:55","date_gmt":"2024-05-27T15:23:55","guid":{"rendered":"https:\/\/www.campusinternationaldonbosco.org\/?p=2280"},"modified":"2025-01-03T16:33:25","modified_gmt":"2025-01-03T15:33:25","slug":"a-la-decouverte-du-modele-finlandais-pour-les-eleves-du-lpo-don-bosco-marseille","status":"publish","type":"post","link":"https:\/\/www.campusinternationaldonbosco.org\/en\/2024\/05\/27\/a-la-decouverte-du-modele-finlandais-pour-les-eleves-du-lpo-don-bosco-marseille\/","title":{"rendered":"A la d\u00e9couverte du mod\u00e8le finlandais pour les \u00e9l\u00e8ves du LPO Don Bosco Marseille !"},"content":{"rendered":"<p>C\u2019est avec un grand enthousiasme que dix \u00e9l\u00e8ves de 1<sup>\u00e8re<\/sup> et Terminale g\u00e9n\u00e9rales se sont pr\u00e9par\u00e9s \u00e0 retrouver leurs correspondants finlandais, accueillis au mois de novembre dernier.<\/p>\n\n\n\n<p>Dimanche 12 mai, rendez-vous \u00e9tait donn\u00e9 \u00e0 l\u2019a\u00e9roport de Marseille Provence \u00e0 4h du matin pour d\u00e9buter cette mobilit\u00e9 de groupe financ\u00e9e par le programme Erasmus de l\u2019Union europ\u00e9enne. Le trajet en avion, train ou bus et voiture a \u00e9t\u00e9 long mais les correspondants et leurs familles les attendaient \u00e0 Turku.<\/p>\n\n\n\n<p>Apr\u00e8s une premi\u00e8re soir\u00e9e chez les familles de leurs correspondants, les \u00e9l\u00e8ves ont \u00e9t\u00e9 accueillis au lyc\u00e9e \u00ab&nbsp;Liedon Lukio&nbsp;\u00bb par le directeur, les enseignantes charg\u00e9es de l\u2019organisation de la mobilit\u00e9 et les \u00e9l\u00e8ves finlandais. Ces derniers avaient pr\u00e9par\u00e9 une visite guid\u00e9e de l\u2019\u00e9tablissement.<\/p>\n\n\n\n<p>Les activit\u00e9s collaboratives de cette semaine \u00e9taient focalis\u00e9es sur trois axes&nbsp;avec les vid\u00e9os suivantes :<\/p>\n\n\n\n<ol class=\"wp-block-list\">\n<li><a href=\"https:\/\/drive.google.com\/file\/d\/1RR5tMZx_IB7fprB55C4AQeqkDmBZOcog\/view?usp=sharing\">la d\u00e9couverte du mode de vie finlandais<\/a>,<\/li>\n\n\n\n<li><a href=\"https:\/\/drive.google.com\/file\/d\/1LlN2YVOeh_V5gpey2WIxFX9UGGkKLNrp\/view?usp=sharing\">la vie dans un lyc\u00e9e finlandais<\/a>,<\/li>\n\n\n\n<li><a href=\"https:\/\/drive.google.com\/file\/d\/1VEbHhIr6mJ5mEukMJbnbs6t22KIi7E7W\/view?usp=sharing\">les lieux embl\u00e9matiques de Turku<\/a>.<\/li>\n<\/ol>\n\n\n\n<p>C\u2019est en bin\u00f4mes ou groupes bi nationaux que les jeunes ont commenc\u00e9 les travaux de recherche, d\u2019observation et d\u2019exp\u00e9rimentation afin de collecter toutes les informations n\u00e9cessaires et de comparer avec la France. A eux d\u2019essayer des cours atypiques tels que ceux de su\u00e9dois, de religion et d\u2019arts plastiques. Un match de baseball fut organis\u00e9 afin de d\u00e9couvrir le sport national finlandais&nbsp;!<\/p>\n\n\n\n<figure class=\"wp-block-image size-large\"><img fetchpriority=\"high\" decoding=\"async\" width=\"1024\" height=\"576\" src=\"https:\/\/www.campusinternationaldonbosco.org\/wp-content\/uploads\/2024\/05\/Photo-4-1-1024x576.jpg\" alt=\"\" class=\"wp-image-2307\" srcset=\"https:\/\/www.campusinternationaldonbosco.org\/wp-content\/uploads\/2024\/05\/Photo-4-1-1024x576.jpg 1024w, https:\/\/www.campusinternationaldonbosco.org\/wp-content\/uploads\/2024\/05\/Photo-4-1-300x169.jpg 300w, https:\/\/www.campusinternationaldonbosco.org\/wp-content\/uploads\/2024\/05\/Photo-4-1-768x432.jpg 768w, https:\/\/www.campusinternationaldonbosco.org\/wp-content\/uploads\/2024\/05\/Photo-4-1-1536x864.jpg 1536w, https:\/\/www.campusinternationaldonbosco.org\/wp-content\/uploads\/2024\/05\/Photo-4-1-2048x1152.jpg 2048w, https:\/\/www.campusinternationaldonbosco.org\/wp-content\/uploads\/2024\/05\/Photo-4-1-18x10.jpg 18w\" sizes=\"(max-width: 1024px) 100vw, 1024px\" \/><\/figure>\n\n\n\n<p>Une fois le contenu des vid\u00e9os d\u00e9fini, les diff\u00e9rents groupes ont proc\u00e9d\u00e9 au tournage des s\u00e9quences et des interviews n\u00e9cessaires pour r\u00e9aliser les vid\u00e9os. Les id\u00e9es ont fus\u00e9, les d\u00e9bats se sont intensifi\u00e9s et le montage a pris vie&nbsp;!<\/p>\n\n\n\n<p>La d\u00e9couverte des villes de Lieto et de son mus\u00e9e \u00ab\u00a0Liedon Vanhalinna\u00a0\u00bb sans oublier le quiz et la chasse au tr\u00e9sor en groupes binationaux \u00e0 Turku sont venus approfondir cette immersion \u00e0 la finlandaise.<\/p>\n\n\n\n<p>Les moments de d\u00e9tente et d\u2019amusements se sont d\u00e9roul\u00e9s en fin de journ\u00e9e dans les familles qui ont organis\u00e9 des soir\u00e9es typiquement finlandaises&nbsp;: BBQ, sauna et baignade dans le lac. Ce fut \u00e9galement l\u2019occasion de go\u00fbter \u00e0 des sp\u00e9cialit\u00e9s culinaires telles que le saumon, les pancakes cubiques et la r\u00e9glisse sal\u00e9e&nbsp;!<\/p>\n\n\n\n<p>Une exp\u00e9rience de partage qui restera \u00e0 jamais grav\u00e9e dans les m\u00e9moires de nos jeunes et des leurs correspondants. Des liens d\u2019amiti\u00e9s se sont cr\u00e9\u00e9s, des histoires d\u2019amour ont vu le jour et le d\u00e9part a laiss\u00e9 quelques c\u0153urs bris\u00e9s.<\/p>\n\n\n\n<p>Les accompagnatrices ont aussi v\u00e9cu une exp\u00e9rience enrichissante en d\u00e9couvrant la culture finlandaise, son mod\u00e8le \u00e9ducatif pris\u00e9 et un rythme de vie d\u00e9cal\u00e9, \u00e0 cause de la dur\u00e9e de l\u2019ensoleillement de 4h du matin jusqu\u2019\u00e0 23h.<\/p>\n\n\n\n<p>Mmes Alexandre et Enriquez-Vieu<\/p>\n\n\n\n<figure class=\"wp-block-image aligncenter size-full\"><img decoding=\"async\" width=\"900\" height=\"137\" src=\"https:\/\/www.campusinternationaldonbosco.org\/wp-content\/uploads\/2020\/04\/erasumus-ue-1.png\" alt=\"\" class=\"wp-image-2488\" srcset=\"https:\/\/www.campusinternationaldonbosco.org\/wp-content\/uploads\/2020\/04\/erasumus-ue-1.png 900w, https:\/\/www.campusinternationaldonbosco.org\/wp-content\/uploads\/2020\/04\/erasumus-ue-1-300x46.png 300w, https:\/\/www.campusinternationaldonbosco.org\/wp-content\/uploads\/2020\/04\/erasumus-ue-1-768x117.png 768w, https:\/\/www.campusinternationaldonbosco.org\/wp-content\/uploads\/2020\/04\/erasumus-ue-1-18x3.png 18w\" sizes=\"(max-width: 900px) 100vw, 900px\" \/><\/figure>","protected":false},"excerpt":{"rendered":"<p>C\u2019est avec un grand enthousiasme que dix \u00e9l\u00e8ves de 1\u00e8re et Terminale g\u00e9n\u00e9rales se sont pr\u00e9par\u00e9s \u00e0 retrouver leurs correspondants finlandais, accueillis au mois de novembre dernier. Dimanche 12 mai, rendez-vous \u00e9tait donn\u00e9 \u00e0 l\u2019a\u00e9roport de Marseille Provence \u00e0 4h du matin pour d\u00e9buter cette mobilit\u00e9 de groupe financ\u00e9e par le programme Erasmus de l\u2019Union [&hellip;]<\/p>\n","protected":false},"author":59,"featured_media":2307,"comment_status":"closed","ping_status":"closed","sticky":false,"template":"","format":"standard","meta":{"footnotes":"","_links_to":"","_links_to_target":""},"categories":[20,34],"tags":[],"class_list":["post-2280","post","type-post","status-publish","format-standard","has-post-thumbnail","hentry","category-lycee-don-bosco-marseille","category-actualites-du-consortium-salesien"],"_links":{"self":[{"href":"https:\/\/www.campusinternationaldonbosco.org\/en\/wp-json\/wp\/v2\/posts\/2280","targetHints":{"allow":["GET"]}}],"collection":[{"href":"https:\/\/www.campusinternationaldonbosco.org\/en\/wp-json\/wp\/v2\/posts"}],"about":[{"href":"https:\/\/www.campusinternationaldonbosco.org\/en\/wp-json\/wp\/v2\/types\/post"}],"author":[{"embeddable":true,"href":"https:\/\/www.campusinternationaldonbosco.org\/en\/wp-json\/wp\/v2\/users\/59"}],"replies":[{"embeddable":true,"href":"https:\/\/www.campusinternationaldonbosco.org\/en\/wp-json\/wp\/v2\/comments?post=2280"}],"version-history":[{"count":5,"href":"https:\/\/www.campusinternationaldonbosco.org\/en\/wp-json\/wp\/v2\/posts\/2280\/revisions"}],"predecessor-version":[{"id":2506,"href":"https:\/\/www.campusinternationaldonbosco.org\/en\/wp-json\/wp\/v2\/posts\/2280\/revisions\/2506"}],"wp:featuredmedia":[{"embeddable":true,"href":"https:\/\/www.campusinternationaldonbosco.org\/en\/wp-json\/wp\/v2\/media\/2307"}],"wp:attachment":[{"href":"https:\/\/www.campusinternationaldonbosco.org\/en\/wp-json\/wp\/v2\/media?parent=2280"}],"wp:term":[{"taxonomy":"category","embeddable":true,"href":"https:\/\/www.campusinternationaldonbosco.org\/en\/wp-json\/wp\/v2\/categories?post=2280"},{"taxonomy":"post_tag","embeddable":true,"href":"https:\/\/www.campusinternationaldonbosco.org\/en\/wp-json\/wp\/v2\/tags?post=2280"}],"curies":[{"name":"wp","href":"https:\/\/api.w.org\/{rel}","templated":true}]}}