{"id":2254,"date":"2024-06-11T09:58:00","date_gmt":"2024-06-11T07:58:00","guid":{"rendered":"https:\/\/www.campusinternationaldonbosco.org\/?p=2254"},"modified":"2025-01-03T16:33:02","modified_gmt":"2025-01-03T15:33:02","slug":"renforcer-les-pratiques-pedagogiques-et-decouvrir-louverture-internationale-un-stage-enrichissant-a-salesianos-de-triana","status":"publish","type":"post","link":"https:\/\/www.campusinternationaldonbosco.org\/en\/2024\/06\/11\/renforcer-les-pratiques-pedagogiques-et-decouvrir-louverture-internationale-un-stage-enrichissant-a-salesianos-de-triana\/","title":{"rendered":"Renforcer les pratiques p\u00e9dagogiques et d\u00e9couvrir l&rsquo;ouverture internationale : Un stage enrichissant \u00e0 Salesianos de Triana"},"content":{"rendered":"<p><strong>Du 3 au 7 juin 2024, j&rsquo;ai eu le privil\u00e8ge d&rsquo;effectuer un stage d&rsquo;observation au sein de l&rsquo;\u00e9tablissement Salesianos de Triana \u00e0 S\u00e9ville, en Espagne.<\/strong> En tant qu&rsquo;enseignante d&rsquo;anglais et coordonnatrice ouverture internationale au lyc\u00e9e polyvalent Don Bosco Marseille, ce stage m&rsquo;a permis de poursuivre deux objectifs principaux : observer les pratiques d&rsquo;enseignement de l&rsquo;anglais dans les fili\u00e8res professionnelles et d\u00e9couvrir le fonctionnement de l&rsquo;ouverture internationale au sein de l&rsquo;ensemble scolaire.<\/p>\n\n\n\n<p><\/p>\n\n\n\n<p><strong>D\u00e8s mon arriv\u00e9e, j&rsquo;ai \u00e9t\u00e9 frapp\u00e9e par l&rsquo;architecture traditionnelle andalouse de l&rsquo;\u00e9tablissement<\/strong>, avec ses b\u00e2timents construits autour de deux patios d\u00e9cor\u00e9s d&rsquo;azulejos et ses salles de classe aux motifs similaires. Fond\u00e9 en 1926 par les Condes de Bustillo, Salesianos de Triana est un \u00e9tablissement scolaire dynamique qui compte environ 1800 \u00e9l\u00e8ves et s&rsquo;int\u00e8gre parfaitement dans le tissu social du quartier de Triana. Chaque matin\u00e9e d\u00e9bute par le traditionnel \u00ab\u00a0mot du matin\u00a0\u00bb, rassemblant l&rsquo;ensemble des \u00e9l\u00e8ves en uniforme dans la cour pour un discours inspirant de l&rsquo;\u00e9quipe de direction. L&rsquo;identit\u00e9 sal\u00e9sienne est omnipr\u00e9sente, avec des illustrations de Marie Auxiliatrice, Dominique Savio et Don Bosco, ainsi que des citations inspirantes pr\u00e9sentes dans les couloirs et les salles de classe.<\/p>\n\n\n\n<p><strong>J&rsquo;ai eu l&rsquo;opportunit\u00e9 d&rsquo;observer des cours d&rsquo;anglais dans diff\u00e9rentes sections professionnelles<\/strong>, telles que le commerce, l&rsquo;administration et les finances, et l&rsquo;\u00e9lectrotechnique. L&rsquo;\u00e9tablissement \u00e9tant bilingue, l&rsquo;anglais est enseign\u00e9 d\u00e8s le primaire et les \u00e9l\u00e8ves b\u00e9n\u00e9ficient \u00e9galement de deux heures de cours de sciences ou de biologie en anglais. Dans les fili\u00e8res professionnelles, l&rsquo;enseignement de l&rsquo;anglais s&rsquo;\u00e9l\u00e8ve \u00e0 deux heures par semaine, avec une particularit\u00e9 notable : les enseignants int\u00e8grent \u00e9galement des notions d&rsquo;anglais technique sp\u00e9cifiques \u00e0 la sp\u00e9cialit\u00e9 des \u00e9l\u00e8ves.<\/p>\n\n\n\n<p><strong>Les \u00e9changes avec l&rsquo;\u00e9quipe d&rsquo;anglais ont \u00e9t\u00e9 riches en informations et en perspectives p\u00e9dagogiques.<\/strong> J&rsquo;ai pu mieux comprendre les r\u00e9alit\u00e9s et les d\u00e9fis auxquels font face leurs coll\u00e8gues andalous, notamment l&rsquo;enseignement dans des structures vari\u00e9es (coll\u00e8ge, lyc\u00e9e, lyc\u00e9e professionnel), la mise en place de r\u00e9formes \u00e9ducatives, et l&rsquo;inclusion d&rsquo;\u00e9l\u00e8ves aux besoins sp\u00e9cifiques.<\/p>\n\n\n\n<p><strong>L&rsquo;ouverture internationale est au c\u0153ur du projet p\u00e9dagogique de Salesianos de Triana.<\/strong> Depuis 2007, sous la coordination d&rsquo;une \u00e9quipe d\u00e9di\u00e9e, l&rsquo;\u00e9tablissement met en \u0153uvre des projets Erasmus, favorisant la mobilit\u00e9 des \u00e9l\u00e8ves et des membres du personnel. Les apprenants peuvent participer \u00e0 des mobilit\u00e9s de groupe ou individuelles, des stages \u00e0 l&rsquo;\u00e9tranger, tandis que les enseignants ont la possibilit\u00e9 de renforcer leurs pratiques professionnelles gr\u00e2ce \u00e0 des observations en entreprise ou en \u00e9tablissement scolaire, ou encore des formations internationales.<\/p>\n\n\n\n<iframe width=\"695\" height=\"391\" src=\"https:\/\/www.youtube.com\/embed\/zQIsUre7-3I\" title=\"Jobshadowing Salesianos de Triana\" frameborder=\"0\" allow=\"accelerometer; autoplay; clipboard-write; encrypted-media; gyroscope; picture-in-picture; web-share\" referrerpolicy=\"strict-origin-when-cross-origin\" allowfullscreen><\/iframe>\n\n\n\n<p><strong>Ce stage d&rsquo;observation a \u00e9t\u00e9 une exp\u00e9rience enrichissante \u00e0 plusieurs niveaux.<\/strong> J&rsquo;ai pu d\u00e9couvrir des pratiques p\u00e9dagogiques innovantes, m&rsquo;immerger dans un environnement multiculturel et renforcer mon r\u00e9seau professionnel. J&rsquo;ai \u00e9galement pu appr\u00e9hender les valeurs fortes et le dynamisme de la communaut\u00e9 \u00e9ducative de Salesianos de Triana.<\/p>\n\n\n\n<p><strong>En plus des points forts mentionn\u00e9s, j&rsquo;aimerais souligner la qualit\u00e9 de l&rsquo;accueil re\u00e7u.<\/strong> L&rsquo;ensemble de l&rsquo;\u00e9quipe a \u00e9t\u00e9 chaleureux et attentionn\u00e9, ce qui a contribu\u00e9 \u00e0 rendre mon s\u00e9jour \u00e0 la fois instructif et agr\u00e9able.<\/p>\n\n\n\n<p><strong>Ce stage a \u00e9t\u00e9 une source d&rsquo;inspiration et de motivation pour mon travail futur.<\/strong> Je suis convaincue que les enseignements tir\u00e9s de cette exp\u00e9rience me permettront d&rsquo;am\u00e9liorer mes pratiques p\u00e9dagogiques et de contribuer davantage \u00e0 l&rsquo;ouverture internationale de mon \u00e9tablissement.<\/p>\n\n\n\n<iframe width=\"695\" height=\"391\" src=\"https:\/\/www.youtube.com\/embed\/zQIsUre7-3I\" title=\"Jobshadowing Salesianos de Triana\" frameborder=\"0\" allow=\"accelerometer; autoplay; clipboard-write; encrypted-media; gyroscope; picture-in-picture; web-share\" referrerpolicy=\"strict-origin-when-cross-origin\" allowfullscreen><\/iframe>\n\n\n\n<figure class=\"wp-block-image aligncenter size-full\"><img fetchpriority=\"high\" decoding=\"async\" width=\"900\" height=\"137\" src=\"https:\/\/www.campusinternationaldonbosco.org\/wp-content\/uploads\/2020\/04\/erasumus-ue-1.png\" alt=\"\" class=\"wp-image-2488\" srcset=\"https:\/\/www.campusinternationaldonbosco.org\/wp-content\/uploads\/2020\/04\/erasumus-ue-1.png 900w, https:\/\/www.campusinternationaldonbosco.org\/wp-content\/uploads\/2020\/04\/erasumus-ue-1-300x46.png 300w, https:\/\/www.campusinternationaldonbosco.org\/wp-content\/uploads\/2020\/04\/erasumus-ue-1-768x117.png 768w, https:\/\/www.campusinternationaldonbosco.org\/wp-content\/uploads\/2020\/04\/erasumus-ue-1-18x3.png 18w\" sizes=\"(max-width: 900px) 100vw, 900px\" \/><\/figure>","protected":false},"excerpt":{"rendered":"<p>Du 3 au 7 juin 2024, j&rsquo;ai eu le privil\u00e8ge d&rsquo;effectuer un stage d&rsquo;observation au sein de l&rsquo;\u00e9tablissement Salesianos de Triana \u00e0 S\u00e9ville, en Espagne. En tant qu&rsquo;enseignante d&rsquo;anglais et coordonnatrice ouverture internationale au lyc\u00e9e polyvalent Don Bosco Marseille, ce stage m&rsquo;a permis de poursuivre deux objectifs principaux : observer les pratiques d&rsquo;enseignement de l&rsquo;anglais [&hellip;]<\/p>\n","protected":false},"author":50,"featured_media":2260,"comment_status":"closed","ping_status":"closed","sticky":false,"template":"","format":"standard","meta":{"footnotes":"","_links_to":"","_links_to_target":""},"categories":[33,34,1],"tags":[],"class_list":["post-2254","post","type-post","status-publish","format-standard","has-post-thumbnail","hentry","category-amdb-association-des-maisons-don-bosco-coordinateur","category-actualites-du-consortium-salesien","category-actualites-generales"],"_links":{"self":[{"href":"https:\/\/www.campusinternationaldonbosco.org\/en\/wp-json\/wp\/v2\/posts\/2254","targetHints":{"allow":["GET"]}}],"collection":[{"href":"https:\/\/www.campusinternationaldonbosco.org\/en\/wp-json\/wp\/v2\/posts"}],"about":[{"href":"https:\/\/www.campusinternationaldonbosco.org\/en\/wp-json\/wp\/v2\/types\/post"}],"author":[{"embeddable":true,"href":"https:\/\/www.campusinternationaldonbosco.org\/en\/wp-json\/wp\/v2\/users\/50"}],"replies":[{"embeddable":true,"href":"https:\/\/www.campusinternationaldonbosco.org\/en\/wp-json\/wp\/v2\/comments?post=2254"}],"version-history":[{"count":7,"href":"https:\/\/www.campusinternationaldonbosco.org\/en\/wp-json\/wp\/v2\/posts\/2254\/revisions"}],"predecessor-version":[{"id":2505,"href":"https:\/\/www.campusinternationaldonbosco.org\/en\/wp-json\/wp\/v2\/posts\/2254\/revisions\/2505"}],"wp:featuredmedia":[{"embeddable":true,"href":"https:\/\/www.campusinternationaldonbosco.org\/en\/wp-json\/wp\/v2\/media\/2260"}],"wp:attachment":[{"href":"https:\/\/www.campusinternationaldonbosco.org\/en\/wp-json\/wp\/v2\/media?parent=2254"}],"wp:term":[{"taxonomy":"category","embeddable":true,"href":"https:\/\/www.campusinternationaldonbosco.org\/en\/wp-json\/wp\/v2\/categories?post=2254"},{"taxonomy":"post_tag","embeddable":true,"href":"https:\/\/www.campusinternationaldonbosco.org\/en\/wp-json\/wp\/v2\/tags?post=2254"}],"curies":[{"name":"wp","href":"https:\/\/api.w.org\/{rel}","templated":true}]}}