{"id":2236,"date":"2024-09-27T21:30:41","date_gmt":"2024-09-27T19:30:41","guid":{"rendered":"https:\/\/www.campusinternationaldonbosco.org\/?p=2236"},"modified":"2025-01-03T16:30:51","modified_gmt":"2025-01-03T15:30:51","slug":"elementor-2236","status":"publish","type":"post","link":"https:\/\/www.campusinternationaldonbosco.org\/en\/2024\/09\/27\/elementor-2236\/","title":{"rendered":"Un partenariat renouvel\u00e9 pour La Navarre."},"content":{"rendered":"<p><img fetchpriority=\"high\" decoding=\"async\" src=\"https:\/\/www.campusinternationaldonbosco.org\/wp-content\/uploads\/2024\/06\/2with-guideMonzon2024-1024x768.jpg\" alt=\"Notre groupe d' \u00e9l\u00e8ves de 4e option Erasmus.\" width=\"800\" height=\"600\" \/><\/p>\n<p>Pour la deuxi\u00e8me ann\u00e9e cons\u00e9cutive, 12 \u00e9l\u00e8ves de 4e1 et 4e2 de l&rsquo;Institution St Joseph &#8211; La Navarre ont \u00e9t\u00e9 s\u00e9lectionn\u00e9s pour participer \u00e0 notre \u00e9change avec les sal\u00e9siens de Monzon en Aragon.<br \/>Lors d&rsquo;une premi\u00e8re \u00e9tape dans la r\u00e9serve naturelle volcanique de la Garotxa pr\u00e8s du village de Besalu, nos \u00e9l\u00e8ves et leurs correspondants ont pu enrichir leur connaissances sur la volcanologie en anglais apr\u00e8s leur premi\u00e8re rencontre en Auvergne en octobre dernier.<br \/>Un parcours interactif dans le mus\u00e9e des sciences de Barcelone est venu compl\u00e9ter ce programme encadr\u00e9 par deux professeurs de sciences, Mr Georges et son homologue espagnol.<\/p>\n<p><img decoding=\"async\" src=\"https:\/\/www.campusinternationaldonbosco.org\/wp-content\/uploads\/2024\/06\/2gare-toulon-Erasmus-2024-1024x451.jpg\" alt=\"\" width=\"800\" height=\"352\" \/><br \/><img decoding=\"async\" src=\"https:\/\/www.campusinternationaldonbosco.org\/wp-content\/uploads\/2024\/06\/2girona2024-1024x768.jpg\" alt=\"\" width=\"800\" height=\"600\" \/><br \/><img loading=\"lazy\" decoding=\"async\" src=\"https:\/\/www.campusinternationaldonbosco.org\/wp-content\/uploads\/2024\/06\/2groupBesalu-768x1024.jpg\" alt=\"\" width=\"768\" height=\"1024\" \/><\/p>\n<p>Pour finir , les heureux participants ont exp\u00e9riment\u00e9 la vie quotidienne d&rsquo;un \u00e9l\u00e8ve espagnol, en \u00e9tant h\u00e9berg\u00e9s chez un correspondant et en se rendant au coll\u00e8ge Santo Domingo Savio. Des temps forts d&rsquo;\u00e9changes conviviaux le dernier apr\u00e8s midi et au restaurant auront permis \u00e0 chacun de d\u00e9passer ses peurs et \u00e0 discuter en anglais et en espagnol . Certains ont d\u00e9j\u00e0 pr\u00e9vu de se revoir cet \u00e9t\u00e9.<\/p>\n<p><img loading=\"lazy\" decoding=\"async\" src=\"https:\/\/www.campusinternationaldonbosco.org\/wp-content\/uploads\/2024\/06\/monzon-1024x768.jpg\" alt=\"\" width=\"800\" height=\"600\" \/><br \/><img loading=\"lazy\" decoding=\"async\" src=\"https:\/\/www.campusinternationaldonbosco.org\/wp-content\/uploads\/2024\/06\/byebye-1024x768.jpg\" alt=\"\" width=\"800\" height=\"600\" \/><\/p>\n<h2>Le moment des adieux n&rsquo;est jamais facile<\/h2>\n<p>El\u00e8ves comme enseignants ont pu b\u00e9n\u00e9ficier de ce partenariat qui renforce notre sentiment d&rsquo;appartenance au r\u00e9seau sal\u00e9sien et \u00e0 l&rsquo;Europe.<\/p>\n<p>Le projet est d\u00e9j\u00e0 reconduit pour l&rsquo;ann\u00e9e prochaine avec un nouveau programme p\u00e9dagogique \u00e0 construire avec nos partenaires espagnols.<\/p>\n<p><img loading=\"lazy\" decoding=\"async\" src=\"https:\/\/www.campusinternationaldonbosco.org\/wp-content\/uploads\/2024\/06\/salesians-1024x768.jpg\" alt=\"\" width=\"800\" height=\"600\" \/><\/p>\n<h2>\u00a0<\/h2>\n\n\n<figure class=\"wp-block-image aligncenter size-full\"><img loading=\"lazy\" decoding=\"async\" width=\"900\" height=\"137\" src=\"https:\/\/www.campusinternationaldonbosco.org\/wp-content\/uploads\/2020\/04\/erasumus-ue-1.png\" alt=\"\" class=\"wp-image-2488\" srcset=\"https:\/\/www.campusinternationaldonbosco.org\/wp-content\/uploads\/2020\/04\/erasumus-ue-1.png 900w, https:\/\/www.campusinternationaldonbosco.org\/wp-content\/uploads\/2020\/04\/erasumus-ue-1-300x46.png 300w, https:\/\/www.campusinternationaldonbosco.org\/wp-content\/uploads\/2020\/04\/erasumus-ue-1-768x117.png 768w, https:\/\/www.campusinternationaldonbosco.org\/wp-content\/uploads\/2020\/04\/erasumus-ue-1-18x3.png 18w\" sizes=\"(max-width: 900px) 100vw, 900px\" \/><\/figure>","protected":false},"excerpt":{"rendered":"<p>Pour la deuxi\u00e8me ann\u00e9e cons\u00e9cutive, 12 \u00e9l\u00e8ves de 4e1 et 4e2 de l&rsquo;Institution St Joseph &#8211; La Navarre ont \u00e9t\u00e9 s\u00e9lectionn\u00e9s pour participer \u00e0 notre \u00e9change avec les sal\u00e9siens de Monzon en Aragon.Lors d&rsquo;une premi\u00e8re \u00e9tape dans la r\u00e9serve naturelle volcanique de la Garotxa pr\u00e8s du village de Besalu, nos \u00e9l\u00e8ves et leurs correspondants ont [&hellip;]<\/p>\n","protected":false},"author":16,"featured_media":2244,"comment_status":"closed","ping_status":"closed","sticky":false,"template":"","format":"standard","meta":{"footnotes":"","_links_to":"","_links_to_target":""},"categories":[16,34],"tags":[],"class_list":["post-2236","post","type-post","status-publish","format-standard","has-post-thumbnail","hentry","category-institution-st-joseph-la-navarre","category-actualites-du-consortium-salesien"],"_links":{"self":[{"href":"https:\/\/www.campusinternationaldonbosco.org\/en\/wp-json\/wp\/v2\/posts\/2236","targetHints":{"allow":["GET"]}}],"collection":[{"href":"https:\/\/www.campusinternationaldonbosco.org\/en\/wp-json\/wp\/v2\/posts"}],"about":[{"href":"https:\/\/www.campusinternationaldonbosco.org\/en\/wp-json\/wp\/v2\/types\/post"}],"author":[{"embeddable":true,"href":"https:\/\/www.campusinternationaldonbosco.org\/en\/wp-json\/wp\/v2\/users\/16"}],"replies":[{"embeddable":true,"href":"https:\/\/www.campusinternationaldonbosco.org\/en\/wp-json\/wp\/v2\/comments?post=2236"}],"version-history":[{"count":13,"href":"https:\/\/www.campusinternationaldonbosco.org\/en\/wp-json\/wp\/v2\/posts\/2236\/revisions"}],"predecessor-version":[{"id":2503,"href":"https:\/\/www.campusinternationaldonbosco.org\/en\/wp-json\/wp\/v2\/posts\/2236\/revisions\/2503"}],"wp:featuredmedia":[{"embeddable":true,"href":"https:\/\/www.campusinternationaldonbosco.org\/en\/wp-json\/wp\/v2\/media\/2244"}],"wp:attachment":[{"href":"https:\/\/www.campusinternationaldonbosco.org\/en\/wp-json\/wp\/v2\/media?parent=2236"}],"wp:term":[{"taxonomy":"category","embeddable":true,"href":"https:\/\/www.campusinternationaldonbosco.org\/en\/wp-json\/wp\/v2\/categories?post=2236"},{"taxonomy":"post_tag","embeddable":true,"href":"https:\/\/www.campusinternationaldonbosco.org\/en\/wp-json\/wp\/v2\/tags?post=2236"}],"curies":[{"name":"wp","href":"https:\/\/api.w.org\/{rel}","templated":true}]}}