{"id":2222,"date":"2024-02-14T22:18:00","date_gmt":"2024-02-14T21:18:00","guid":{"rendered":"https:\/\/www.campusinternationaldonbosco.org\/?p=2222"},"modified":"2024-06-22T22:24:29","modified_gmt":"2024-06-22T20:24:29","slug":"un-premier-seminaire-erasmus-a-lyon-reunit-29-participants","status":"publish","type":"post","link":"https:\/\/www.campusinternationaldonbosco.org\/en\/2024\/02\/14\/un-premier-seminaire-erasmus-a-lyon-reunit-29-participants\/","title":{"rendered":"Un premier s\u00e9minaire Erasmus+ \u00e0 Lyon r\u00e9unit 29 participants"},"content":{"rendered":"<figure class=\"wp-block-image size-large\"><img fetchpriority=\"high\" decoding=\"async\" width=\"1024\" height=\"576\" src=\"https:\/\/www.campusinternationaldonbosco.org\/wp-content\/uploads\/2024\/06\/20240213_104606-1024x576.jpg\" alt=\"\" class=\"wp-image-2218\" srcset=\"https:\/\/www.campusinternationaldonbosco.org\/wp-content\/uploads\/2024\/06\/20240213_104606-1024x576.jpg 1024w, https:\/\/www.campusinternationaldonbosco.org\/wp-content\/uploads\/2024\/06\/20240213_104606-300x169.jpg 300w, https:\/\/www.campusinternationaldonbosco.org\/wp-content\/uploads\/2024\/06\/20240213_104606-768x432.jpg 768w, https:\/\/www.campusinternationaldonbosco.org\/wp-content\/uploads\/2024\/06\/20240213_104606-1536x864.jpg 1536w, https:\/\/www.campusinternationaldonbosco.org\/wp-content\/uploads\/2024\/06\/20240213_104606-2048x1152.jpg 2048w, https:\/\/www.campusinternationaldonbosco.org\/wp-content\/uploads\/2024\/06\/20240213_104606-18x10.jpg 18w\" sizes=\"(max-width: 1024px) 100vw, 1024px\" \/><\/figure>\n\n\n\n<p>Dans la coordination du consortium \u00ab\u00a0Campus Don Bosco on the move\u00a0\u00bb, l&rsquo;\u00e9quipe de pilotage avait mesur\u00e9  l&rsquo;importance de prendre un temps de formation en pr\u00e9sentiel avec les membres au-del\u00e0 des \u00e9changes r\u00e9guliers en Visio chaque mois. Nous avions donc propos\u00e9 l&rsquo;organisation d&rsquo;un premier s\u00e9minaire Erasmus+ \u00e0 Lyon les 12 et 13 f\u00e9vrier 2024 : le succ\u00e8s fut au rendez-vous puisque 29 participants se r\u00e9unirent autour d&rsquo;un programme tr\u00e8s riche.<\/p>\n\n\n\n<p> <\/p>\n\n\n\n<figure class=\"wp-block-image aligncenter size-large\"><img decoding=\"async\" width=\"725\" height=\"1024\" src=\"https:\/\/www.campusinternationaldonbosco.org\/wp-content\/uploads\/2024\/06\/Capture-decran-2024-06-22-a-21.58.39-725x1024.png\" alt=\"\" class=\"wp-image-2220\" srcset=\"https:\/\/www.campusinternationaldonbosco.org\/wp-content\/uploads\/2024\/06\/Capture-decran-2024-06-22-a-21.58.39-725x1024.png 725w, https:\/\/www.campusinternationaldonbosco.org\/wp-content\/uploads\/2024\/06\/Capture-decran-2024-06-22-a-21.58.39-212x300.png 212w, https:\/\/www.campusinternationaldonbosco.org\/wp-content\/uploads\/2024\/06\/Capture-decran-2024-06-22-a-21.58.39-768x1085.png 768w, https:\/\/www.campusinternationaldonbosco.org\/wp-content\/uploads\/2024\/06\/Capture-decran-2024-06-22-a-21.58.39-8x12.png 8w, https:\/\/www.campusinternationaldonbosco.org\/wp-content\/uploads\/2024\/06\/Capture-decran-2024-06-22-a-21.58.39.png 838w\" sizes=\"(max-width: 725px) 100vw, 725px\" \/><\/figure>\n\n\n\n<p>C&rsquo;est dire que les situations les plus concr\u00e8tes dans la pr\u00e9paration des mobilit\u00e9s \u00e9taient abord\u00e9es avec des situations pratiques de jeux de r\u00f4les pour qu&rsquo;ensemble, nous puissions nous approprier davantage les crit\u00e8res de qualit\u00e9 Erasmus+.<\/p>\n\n\n\n<figure class=\"wp-block-image aligncenter size-large\"><img decoding=\"async\" width=\"783\" height=\"1024\" src=\"https:\/\/www.campusinternationaldonbosco.org\/wp-content\/uploads\/2024\/06\/Capture-decran-2024-06-22-a-22.00.35-783x1024.png\" alt=\"\" class=\"wp-image-2221\" srcset=\"https:\/\/www.campusinternationaldonbosco.org\/wp-content\/uploads\/2024\/06\/Capture-decran-2024-06-22-a-22.00.35-783x1024.png 783w, https:\/\/www.campusinternationaldonbosco.org\/wp-content\/uploads\/2024\/06\/Capture-decran-2024-06-22-a-22.00.35-229x300.png 229w, https:\/\/www.campusinternationaldonbosco.org\/wp-content\/uploads\/2024\/06\/Capture-decran-2024-06-22-a-22.00.35-768x1005.png 768w, https:\/\/www.campusinternationaldonbosco.org\/wp-content\/uploads\/2024\/06\/Capture-decran-2024-06-22-a-22.00.35-9x12.png 9w, https:\/\/www.campusinternationaldonbosco.org\/wp-content\/uploads\/2024\/06\/Capture-decran-2024-06-22-a-22.00.35.png 896w\" sizes=\"(max-width: 783px) 100vw, 783px\" \/><\/figure>\n\n\n\n<p>Les participants exprim\u00e8rent leur satisfaction et leur souhait de prolonger ce temps de travail partag\u00e9 dans une vraie convivialit\u00e9.<\/p>\n\n\n\n<figure class=\"wp-block-image size-large\"><img loading=\"lazy\" decoding=\"async\" width=\"1024\" height=\"576\" src=\"https:\/\/www.campusinternationaldonbosco.org\/wp-content\/uploads\/2024\/06\/20240213_115024-1024x576.jpg\" alt=\"\" class=\"wp-image-2219\" srcset=\"https:\/\/www.campusinternationaldonbosco.org\/wp-content\/uploads\/2024\/06\/20240213_115024-1024x576.jpg 1024w, https:\/\/www.campusinternationaldonbosco.org\/wp-content\/uploads\/2024\/06\/20240213_115024-300x169.jpg 300w, https:\/\/www.campusinternationaldonbosco.org\/wp-content\/uploads\/2024\/06\/20240213_115024-768x432.jpg 768w, https:\/\/www.campusinternationaldonbosco.org\/wp-content\/uploads\/2024\/06\/20240213_115024-1536x864.jpg 1536w, https:\/\/www.campusinternationaldonbosco.org\/wp-content\/uploads\/2024\/06\/20240213_115024-2048x1152.jpg 2048w, https:\/\/www.campusinternationaldonbosco.org\/wp-content\/uploads\/2024\/06\/20240213_115024-18x10.jpg 18w\" sizes=\"(max-width: 1024px) 100vw, 1024px\" \/><\/figure>\n\n\n\n<figure class=\"wp-block-image size-full\"><img loading=\"lazy\" decoding=\"async\" width=\"500\" height=\"143\" src=\"https:\/\/www.campusinternationaldonbosco.org\/wp-content\/uploads\/2024\/05\/eu_flag_co_funded.jpg\" alt=\"\" class=\"wp-image-2085\" srcset=\"https:\/\/www.campusinternationaldonbosco.org\/wp-content\/uploads\/2024\/05\/eu_flag_co_funded.jpg 500w, https:\/\/www.campusinternationaldonbosco.org\/wp-content\/uploads\/2024\/05\/eu_flag_co_funded-300x86.jpg 300w, https:\/\/www.campusinternationaldonbosco.org\/wp-content\/uploads\/2024\/05\/eu_flag_co_funded-18x5.jpg 18w\" sizes=\"(max-width: 500px) 100vw, 500px\" \/><\/figure>","protected":false},"excerpt":{"rendered":"<p>Dans la coordination du consortium \u00ab\u00a0Campus Don Bosco on the move\u00a0\u00bb, l&rsquo;\u00e9quipe de pilotage avait mesur\u00e9 l&rsquo;importance de prendre un temps de formation en pr\u00e9sentiel avec les membres au-del\u00e0 des \u00e9changes r\u00e9guliers en Visio chaque mois. Nous avions donc propos\u00e9 l&rsquo;organisation d&rsquo;un premier s\u00e9minaire Erasmus+ \u00e0 Lyon les 12 et 13 f\u00e9vrier 2024 : le [&hellip;]<\/p>\n","protected":false},"author":4,"featured_media":2218,"comment_status":"closed","ping_status":"closed","sticky":false,"template":"","format":"standard","meta":{"footnotes":"","_links_to":"","_links_to_target":""},"categories":[33,34],"tags":[],"class_list":["post-2222","post","type-post","status-publish","format-standard","has-post-thumbnail","hentry","category-amdb-association-des-maisons-don-bosco-coordinateur","category-actualites-du-consortium-salesien"],"_links":{"self":[{"href":"https:\/\/www.campusinternationaldonbosco.org\/en\/wp-json\/wp\/v2\/posts\/2222","targetHints":{"allow":["GET"]}}],"collection":[{"href":"https:\/\/www.campusinternationaldonbosco.org\/en\/wp-json\/wp\/v2\/posts"}],"about":[{"href":"https:\/\/www.campusinternationaldonbosco.org\/en\/wp-json\/wp\/v2\/types\/post"}],"author":[{"embeddable":true,"href":"https:\/\/www.campusinternationaldonbosco.org\/en\/wp-json\/wp\/v2\/users\/4"}],"replies":[{"embeddable":true,"href":"https:\/\/www.campusinternationaldonbosco.org\/en\/wp-json\/wp\/v2\/comments?post=2222"}],"version-history":[{"count":2,"href":"https:\/\/www.campusinternationaldonbosco.org\/en\/wp-json\/wp\/v2\/posts\/2222\/revisions"}],"predecessor-version":[{"id":2224,"href":"https:\/\/www.campusinternationaldonbosco.org\/en\/wp-json\/wp\/v2\/posts\/2222\/revisions\/2224"}],"wp:featuredmedia":[{"embeddable":true,"href":"https:\/\/www.campusinternationaldonbosco.org\/en\/wp-json\/wp\/v2\/media\/2218"}],"wp:attachment":[{"href":"https:\/\/www.campusinternationaldonbosco.org\/en\/wp-json\/wp\/v2\/media?parent=2222"}],"wp:term":[{"taxonomy":"category","embeddable":true,"href":"https:\/\/www.campusinternationaldonbosco.org\/en\/wp-json\/wp\/v2\/categories?post=2222"},{"taxonomy":"post_tag","embeddable":true,"href":"https:\/\/www.campusinternationaldonbosco.org\/en\/wp-json\/wp\/v2\/tags?post=2222"}],"curies":[{"name":"wp","href":"https:\/\/api.w.org\/{rel}","templated":true}]}}