{"id":1987,"date":"2024-03-25T12:40:39","date_gmt":"2024-03-25T11:40:39","guid":{"rendered":"https:\/\/www.campusinternationaldonbosco.org\/?p=1987"},"modified":"2024-05-20T11:07:48","modified_gmt":"2024-05-20T09:07:48","slug":"mobilite-a-billund-a-la-decouverte-dun-nouveau-systeme-educatif","status":"publish","type":"post","link":"https:\/\/www.campusinternationaldonbosco.org\/en\/2024\/03\/25\/mobilite-a-billund-a-la-decouverte-dun-nouveau-systeme-educatif\/","title":{"rendered":"Mobilit\u00e9 de Don Bosco Nice \u00e0 Billund\u00a0: A la d\u00e9couverte d\u2019un nouveau syst\u00e8me \u00e9ducatif"},"content":{"rendered":"<p>18 \u00e9l\u00e8ves de nos \u00e9l\u00e8ves en Seconde G\u00e9n\u00e9rale ont eu l\u2019opportunit\u00e9 de partir en mobilit\u00e9 au Danemark dans un \u00e9tablissement dans la ville de Billund. L\u2019occasion pour nos jeunes de d\u00e9couvrir une structure scolaire atypique, dans l\u2019accueil des \u00e9l\u00e8ves dys. L\u2019Efterskole de Billund a donc accueilli du 17 mars au 22 mars 2024 nos \u00e9l\u00e8ves.<\/p>\n\n\n\n<p>Une immersion compl\u00e8te : Nos \u00e9l\u00e8ves de Seconde ont v\u00e9cu \u00e0 l\u2019internat avec les correspondants. Les journ\u00e9es furent anim\u00e9es par diverses activit\u00e9s collaboratives. Au programme, le lundi, les \u00e9l\u00e8ves ont particip\u00e9 et collabor\u00e9 \u00e0 travers des activit\u00e9s sportives cr\u00e9\u00e9es par les \u00e9l\u00e8ves en bin\u00f4me franco-danois. Le but : pr\u00e9parer une s\u00e9ance de sport \u00e0 partir de toutes les activit\u00e9s pr\u00e9par\u00e9es en bin\u00f4me fran\u00e7ais\/danois. Le sport est au c\u0153ur des apprentissages dans l\u2019Efterskole de Billund. Nos jeunes ont donc \u00e9galement travaill\u00e9 en \u00e9quipe sur la question \u201cEn quoi le sport est utile pour les jeunes ?\u201d. Danois et Fran\u00e7ais ont donc travaill\u00e9 ensemble autour de cette question, apportant chacun leur regard et leur exp\u00e9rience sur ce sujet.<\/p>\n\n\n\n<figure class=\"wp-block-gallery has-nested-images columns-default is-cropped wp-block-gallery-1 is-layout-flex wp-block-gallery-is-layout-flex\">\n<figure class=\"wp-block-image size-large\"><img fetchpriority=\"high\" decoding=\"async\" width=\"768\" height=\"1024\" data-id=\"1989\" src=\"https:\/\/www.campusinternationaldonbosco.org\/wp-content\/uploads\/2024\/04\/Danemark-1-768x1024.jpg\" alt=\"\" class=\"wp-image-1989\" srcset=\"https:\/\/www.campusinternationaldonbosco.org\/wp-content\/uploads\/2024\/04\/Danemark-1-768x1024.jpg 768w, https:\/\/www.campusinternationaldonbosco.org\/wp-content\/uploads\/2024\/04\/Danemark-1-225x300.jpg 225w, https:\/\/www.campusinternationaldonbosco.org\/wp-content\/uploads\/2024\/04\/Danemark-1-1152x1536.jpg 1152w, https:\/\/www.campusinternationaldonbosco.org\/wp-content\/uploads\/2024\/04\/Danemark-1-9x12.jpg 9w, https:\/\/www.campusinternationaldonbosco.org\/wp-content\/uploads\/2024\/04\/Danemark-1.jpg 1200w\" sizes=\"(max-width: 768px) 100vw, 768px\" \/><\/figure>\n\n\n\n<figure class=\"wp-block-image size-large\"><img decoding=\"async\" width=\"768\" height=\"1024\" data-id=\"1990\" src=\"https:\/\/www.campusinternationaldonbosco.org\/wp-content\/uploads\/2024\/04\/Danemark-2-768x1024.jpg\" alt=\"\" class=\"wp-image-1990\" srcset=\"https:\/\/www.campusinternationaldonbosco.org\/wp-content\/uploads\/2024\/04\/Danemark-2-768x1024.jpg 768w, https:\/\/www.campusinternationaldonbosco.org\/wp-content\/uploads\/2024\/04\/Danemark-2-225x300.jpg 225w, https:\/\/www.campusinternationaldonbosco.org\/wp-content\/uploads\/2024\/04\/Danemark-2-1152x1536.jpg 1152w, https:\/\/www.campusinternationaldonbosco.org\/wp-content\/uploads\/2024\/04\/Danemark-2-9x12.jpg 9w, https:\/\/www.campusinternationaldonbosco.org\/wp-content\/uploads\/2024\/04\/Danemark-2.jpg 1200w\" sizes=\"(max-width: 768px) 100vw, 768px\" \/><\/figure>\n\n\n\n<figure class=\"wp-block-image size-large\"><img decoding=\"async\" width=\"768\" height=\"1024\" data-id=\"1991\" src=\"https:\/\/www.campusinternationaldonbosco.org\/wp-content\/uploads\/2024\/04\/Danemark-3-768x1024.jpg\" alt=\"\" class=\"wp-image-1991\" srcset=\"https:\/\/www.campusinternationaldonbosco.org\/wp-content\/uploads\/2024\/04\/Danemark-3-768x1024.jpg 768w, https:\/\/www.campusinternationaldonbosco.org\/wp-content\/uploads\/2024\/04\/Danemark-3-225x300.jpg 225w, https:\/\/www.campusinternationaldonbosco.org\/wp-content\/uploads\/2024\/04\/Danemark-3-1152x1536.jpg 1152w, https:\/\/www.campusinternationaldonbosco.org\/wp-content\/uploads\/2024\/04\/Danemark-3-9x12.jpg 9w, https:\/\/www.campusinternationaldonbosco.org\/wp-content\/uploads\/2024\/04\/Danemark-3.jpg 1200w\" sizes=\"(max-width: 768px) 100vw, 768px\" \/><\/figure>\n<\/figure>\n\n\n\n<p>Cette immersion dans cet \u00e9tablissement atypique a permis \u00e0 nos jeunes de Don Bosco d\u2019en apprendre plus sur les troubles dys et comment le syst\u00e8me \u00e9ducatif danois encadre les jeunes ayant ces troubles. \u00c0 travers des pr\u00e9sentations et des quiz cr\u00e9\u00e9s par les Danois, nos \u00e9l\u00e8ves ont r\u00e9alis\u00e9 avec eux des activit\u00e9s en anglais en prenant en compte les troubles dys. Cette activit\u00e9 en collaboration a permis \u00e0 nos jeunes de saisir l\u2019importance des mises en place pour les \u00e9l\u00e8ves dys dans les classes.<\/p>\n\n\n\n<figure class=\"wp-block-image size-large\"><img loading=\"lazy\" decoding=\"async\" width=\"768\" height=\"1024\" src=\"https:\/\/www.campusinternationaldonbosco.org\/wp-content\/uploads\/2024\/04\/Danemark-4-768x1024.jpg\" alt=\"\" class=\"wp-image-1992\" srcset=\"https:\/\/www.campusinternationaldonbosco.org\/wp-content\/uploads\/2024\/04\/Danemark-4-768x1024.jpg 768w, https:\/\/www.campusinternationaldonbosco.org\/wp-content\/uploads\/2024\/04\/Danemark-4-225x300.jpg 225w, https:\/\/www.campusinternationaldonbosco.org\/wp-content\/uploads\/2024\/04\/Danemark-4-1152x1536.jpg 1152w, https:\/\/www.campusinternationaldonbosco.org\/wp-content\/uploads\/2024\/04\/Danemark-4-9x12.jpg 9w, https:\/\/www.campusinternationaldonbosco.org\/wp-content\/uploads\/2024\/04\/Danemark-4.jpg 1200w\" sizes=\"(max-width: 768px) 100vw, 768px\" \/><\/figure>\n\n\n\n<p>Enfin, la d\u00e9couverte de la culture danoise \u00e9tait au c\u0153ur de cette mobilit\u00e9. La d\u00e9couverte de la ville d\u2019Aarhus a \u00e9t\u00e9 ponctu\u00e9e par la pr\u00e9sentation des aspects culturels typiques de la ville par les \u00e9l\u00e8ves Fran\u00e7ais et Danois. En \u00e9quipe franco-danois, ils ont pr\u00e9par\u00e9 des pr\u00e9sentations et ont pu saisir les aspects culturels du pays. \u00c0 travers des jeux et des quiz, ils ont pu \u00e9galement mettre en parall\u00e8le la culture fran\u00e7aise et la culture danoise.<\/p>\n\n\n\n<figure class=\"wp-block-image size-large\"><img loading=\"lazy\" decoding=\"async\" width=\"1024\" height=\"768\" src=\"https:\/\/www.campusinternationaldonbosco.org\/wp-content\/uploads\/2024\/04\/Danemark-1-bis-1024x768.jpg\" alt=\"\" class=\"wp-image-2006\" srcset=\"https:\/\/www.campusinternationaldonbosco.org\/wp-content\/uploads\/2024\/04\/Danemark-1-bis-1024x768.jpg 1024w, https:\/\/www.campusinternationaldonbosco.org\/wp-content\/uploads\/2024\/04\/Danemark-1-bis-300x225.jpg 300w, https:\/\/www.campusinternationaldonbosco.org\/wp-content\/uploads\/2024\/04\/Danemark-1-bis-768x576.jpg 768w, https:\/\/www.campusinternationaldonbosco.org\/wp-content\/uploads\/2024\/04\/Danemark-1-bis-1536x1152.jpg 1536w, https:\/\/www.campusinternationaldonbosco.org\/wp-content\/uploads\/2024\/04\/Danemark-1-bis-16x12.jpg 16w, https:\/\/www.campusinternationaldonbosco.org\/wp-content\/uploads\/2024\/04\/Danemark-1-bis.jpg 1600w\" sizes=\"(max-width: 1024px) 100vw, 1024px\" \/><\/figure>\n\n\n\n<p>Une semaine riche en souvenirs que nos jeunes Seconde de Don Bosco risquent de ne pas oublier de si vite !<\/p>","protected":false},"excerpt":{"rendered":"<p>18 \u00e9l\u00e8ves de nos \u00e9l\u00e8ves en Seconde G\u00e9n\u00e9rale ont eu l\u2019opportunit\u00e9 de partir en mobilit\u00e9 au Danemark dans un \u00e9tablissement dans la ville de Billund. L\u2019occasion pour nos jeunes de d\u00e9couvrir une structure scolaire atypique, dans l\u2019accueil des \u00e9l\u00e8ves dys. L\u2019Efterskole de Billund a donc accueilli du 17 mars au 22 mars 2024 nos \u00e9l\u00e8ves. [&hellip;]<\/p>\n","protected":false},"author":50,"featured_media":2007,"comment_status":"closed","ping_status":"closed","sticky":false,"template":"","format":"standard","meta":{"footnotes":"","_links_to":"","_links_to_target":""},"categories":[23,34],"tags":[],"class_list":["post-1987","post","type-post","status-publish","format-standard","has-post-thumbnail","hentry","category-ensemble-scolaire-don-bosco-nice","category-actualites-du-consortium-salesien"],"_links":{"self":[{"href":"https:\/\/www.campusinternationaldonbosco.org\/en\/wp-json\/wp\/v2\/posts\/1987","targetHints":{"allow":["GET"]}}],"collection":[{"href":"https:\/\/www.campusinternationaldonbosco.org\/en\/wp-json\/wp\/v2\/posts"}],"about":[{"href":"https:\/\/www.campusinternationaldonbosco.org\/en\/wp-json\/wp\/v2\/types\/post"}],"author":[{"embeddable":true,"href":"https:\/\/www.campusinternationaldonbosco.org\/en\/wp-json\/wp\/v2\/users\/50"}],"replies":[{"embeddable":true,"href":"https:\/\/www.campusinternationaldonbosco.org\/en\/wp-json\/wp\/v2\/comments?post=1987"}],"version-history":[{"count":5,"href":"https:\/\/www.campusinternationaldonbosco.org\/en\/wp-json\/wp\/v2\/posts\/1987\/revisions"}],"predecessor-version":[{"id":2125,"href":"https:\/\/www.campusinternationaldonbosco.org\/en\/wp-json\/wp\/v2\/posts\/1987\/revisions\/2125"}],"wp:featuredmedia":[{"embeddable":true,"href":"https:\/\/www.campusinternationaldonbosco.org\/en\/wp-json\/wp\/v2\/media\/2007"}],"wp:attachment":[{"href":"https:\/\/www.campusinternationaldonbosco.org\/en\/wp-json\/wp\/v2\/media?parent=1987"}],"wp:term":[{"taxonomy":"category","embeddable":true,"href":"https:\/\/www.campusinternationaldonbosco.org\/en\/wp-json\/wp\/v2\/categories?post=1987"},{"taxonomy":"post_tag","embeddable":true,"href":"https:\/\/www.campusinternationaldonbosco.org\/en\/wp-json\/wp\/v2\/tags?post=1987"}],"curies":[{"name":"wp","href":"https:\/\/api.w.org\/{rel}","templated":true}]}}