{"id":1945,"date":"2024-02-28T14:56:02","date_gmt":"2024-02-28T13:56:02","guid":{"rendered":"https:\/\/www.campusinternationaldonbosco.org\/?p=1945"},"modified":"2024-05-20T11:12:41","modified_gmt":"2024-05-20T09:12:41","slug":"visite-preparatoire-a-lima-bonvesin-11-mars-2024","status":"publish","type":"post","link":"https:\/\/www.campusinternationaldonbosco.org\/en\/2024\/02\/28\/visite-preparatoire-a-lima-bonvesin-11-mars-2024\/","title":{"rendered":"Visite pr\u00e9paratoire du lyc\u00e9e Pastr\u00e9-Grande Bastide \u00e0 l\u2019IMA Bonvesin \u2013 11 mars 2024"},"content":{"rendered":"<p>En vue de pr\u00e9parer le d\u00e9placement des \u00e9l\u00e8ves de Premi\u00e8re g\u00e9n\u00e9rale du lyc\u00e9e Pastr\u00e9 \u2013 Grande Bastide (13009 Marseille, France), deux enseignants (Mme Morena Mastropietro et M. Gaspard Guipert) se sont rendus \u00e0 Milan pour rencontrer l\u2019\u00e9quipe p\u00e9dagogique de l\u2019IMA Bonvesin (Milan, Italie) dans leur \u00e9tablissement.<\/p>\n\n\n\n<figure class=\"wp-block-image size-large\"><img fetchpriority=\"high\" decoding=\"async\" width=\"1125\" height=\"848\" src=\"https:\/\/www.campusinternationaldonbosco.org\/wp-content\/uploads\/2024\/04\/2-1024x772.jpg\" alt=\"\" class=\"wp-image-1953\" srcset=\"https:\/\/www.campusinternationaldonbosco.org\/wp-content\/uploads\/2024\/04\/2-1024x772.jpg 1024w, https:\/\/www.campusinternationaldonbosco.org\/wp-content\/uploads\/2024\/04\/2-300x226.jpg 300w, https:\/\/www.campusinternationaldonbosco.org\/wp-content\/uploads\/2024\/04\/2-768x579.jpg 768w, https:\/\/www.campusinternationaldonbosco.org\/wp-content\/uploads\/2024\/04\/2-16x12.jpg 16w, https:\/\/www.campusinternationaldonbosco.org\/wp-content\/uploads\/2024\/04\/2.jpg 1125w\" sizes=\"(max-width: 1125px) 100vw, 1125px\" \/><\/figure>\n\n\n\n<p>Apr\u00e8s un trajet en avion le 10 mars au soir, l\u2019\u00e9quipe marseillaise s\u2019est rendue en car \u00e0 Milan depuis Bergame pour d\u00e9buter la rencontre pr\u00e9paratoire. Accueillis par M. Samuele Ferrarese nos enseignants ont dans un premier temps visit\u00e9 les locaux de l\u2019\u00e9tablissement Bonvesin, commen\u00e7ant ainsi d\u00e9j\u00e0 \u00e0 organiser la future mobilit\u00e9. Ont \u00e9t\u00e9 vus notamment les salles informatiques, la salle de conf\u00e9rence qui servira pour les r\u00e9ceptions et \u00e9changes, les salles de classe, ainsi que les bureaux administratifs.&nbsp;<\/p>\n\n\n\n<p>Puis les autres points de l\u2019ordre du jour ont \u00e9t\u00e9 abord\u00e9s apr\u00e8s l\u2019arriv\u00e9e en salle de r\u00e9union de S\u0153ur B\u00e9atrice, enseignante d\u2019anglais. Les effectifs scolaires impliqu\u00e9s seront de 54 pour les marseillais avec 5 accompagnateurs (Mmes Arnoux, Grisande, Mastropietro, Vaillard et M. Guipert) et 23 \u00e9l\u00e8ves pour les milanais avec l\u2019\u00e9quipe p\u00e9dagogique locale.&nbsp;<\/p>\n\n\n\n<figure class=\"wp-block-image size-large\"><img decoding=\"async\" width=\"832\" height=\"1024\" src=\"https:\/\/www.campusinternationaldonbosco.org\/wp-content\/uploads\/2024\/04\/3-832x1024.jpg\" alt=\"\" class=\"wp-image-1950\" srcset=\"https:\/\/www.campusinternationaldonbosco.org\/wp-content\/uploads\/2024\/04\/3-832x1024.jpg 832w, https:\/\/www.campusinternationaldonbosco.org\/wp-content\/uploads\/2024\/04\/3-244x300.jpg 244w, https:\/\/www.campusinternationaldonbosco.org\/wp-content\/uploads\/2024\/04\/3-768x945.jpg 768w, https:\/\/www.campusinternationaldonbosco.org\/wp-content\/uploads\/2024\/04\/3-10x12.jpg 10w, https:\/\/www.campusinternationaldonbosco.org\/wp-content\/uploads\/2024\/04\/3.jpg 1170w\" sizes=\"(max-width: 832px) 100vw, 832px\" \/><\/figure>\n\n\n\n<p>Toutes les journ\u00e9es de la mobilit\u00e9 (lundi 13 mai au jeudi 16 mai) ont \u00e9t\u00e9 abord\u00e9es, chaque \u00e9quipe proposant, validant et enrichissant les diff\u00e9rents points en vue d\u2019amener les \u00e9l\u00e8ves \u00e0 interagir le plus possible et \u00e0 d\u00e9couvrir le plus possible de l\u2019autre.&nbsp;&nbsp;<\/p>\n\n\n\n<p>Les \u00e9l\u00e8ves marseillais italophones n\u2019\u00e9tant pas majoritaires et les \u00e9l\u00e8ves milanais ne parlant pas fran\u00e7ais, il a \u00e9t\u00e9 d\u00e9cid\u00e9 que les \u00e9changes auraient lieu en anglais.&nbsp;<\/p>\n\n\n\n<p>Le premier jour les \u00e9l\u00e8ves marseillais rencontreront une d\u00e9l\u00e9gation milanaise qui l\u2019aidera \u00e0 d\u00e9couvrir des symboles de la culture milanaise&nbsp;: le Duomo et la Scala. Des questionnaires seront propos\u00e9s par les homologues italiens apr\u00e8s la visite.&nbsp;<\/p>\n\n\n\n<p>L\u2019accueil officiel aura lieu le deuxi\u00e8me jour dans l\u2019\u00e9tablissement Bonvesin. Les groupes seront divis\u00e9s et m\u00e9lang\u00e9s en vue d\u2019avoir un rapport de deux fran\u00e7ais pour un italien.&nbsp;<\/p>\n\n\n\n<p>Les groupes pr\u00e9senteront mutuellement leur \u00e9tablissement, leur ville, leur pays respectifs, en anglais, des quizz interactifs permettant ensuite de valider l\u2019appropriation des informations. Apr\u00e8s un temps d\u2019\u00e9change autour de produits sp\u00e9cifiques \u00e0 l\u2019une ou l\u2019autre ville\/r\u00e9gion des groupes mixtes de 6 \u00e9l\u00e8ves iront ensembles r\u00e9aliser des sondages sur des questions de soci\u00e9t\u00e9 dans deux zones urbaines voisines avant de revenir analyser les r\u00e9sultats.&nbsp;<\/p>\n\n\n\n<p>Le troisi\u00e8me jour se fera hors murs, dans le cadre d\u2019un trekking urbain, les h\u00f4tes faisant d\u00e9couvrir la ville et la culture milanaise aux \u00e9l\u00e8ves marseillais.&nbsp;<\/p>\n\n\n\n<p>Le dernier jour, matin\u00e9e \u00ab&nbsp;scolaire&nbsp;\u00bb les groupes interagissant dans le cadre de cours communs en anglais avant la c\u00e9r\u00e9monie de d\u00e9part et un dernier repas commun.&nbsp;<\/p>\n\n\n\n<p>L\u2019apr\u00e8s-midi du 11 mars les repr\u00e9sentants marseillais, apr\u00e8s avoir rencontr\u00e9 les directrices Barbara Morelli et Cristina Merli, se sont rendus sur les lieux de visite pr\u00e9vus et sont all\u00e9s visiter le lieu de r\u00e9sidence pr\u00e9vu pour mai en vue d\u2019organiser la r\u00e9partition des \u00e9l\u00e8ves pour les diff\u00e9rentes nuit\u00e9es, v\u00e9rifier les points de s\u00e9curit\u00e9 ainsi que l\u2019intendance (petits d\u00e9jeuners, horaires, \u2026).<\/p>\n\n\n\n<p>La mobilit\u00e9 marseillaise a pris fin le mardi 12 mars en prenant le train de Milan vers Marseille, via Ventimille.&nbsp;&nbsp;&nbsp;&nbsp;&nbsp;&nbsp;<\/p>\n\n\n\n<figure class=\"wp-block-image size-full\"><img decoding=\"async\" width=\"500\" height=\"143\" src=\"https:\/\/www.campusinternationaldonbosco.org\/wp-content\/uploads\/2024\/05\/eu_flag_co_funded.jpg\" alt=\"\" class=\"wp-image-2085\" srcset=\"https:\/\/www.campusinternationaldonbosco.org\/wp-content\/uploads\/2024\/05\/eu_flag_co_funded.jpg 500w, https:\/\/www.campusinternationaldonbosco.org\/wp-content\/uploads\/2024\/05\/eu_flag_co_funded-300x86.jpg 300w, https:\/\/www.campusinternationaldonbosco.org\/wp-content\/uploads\/2024\/05\/eu_flag_co_funded-18x5.jpg 18w\" sizes=\"(max-width: 500px) 100vw, 500px\" \/><\/figure>","protected":false},"excerpt":{"rendered":"<p>En vue de pr\u00e9parer le d\u00e9placement des \u00e9l\u00e8ves de Premi\u00e8re g\u00e9n\u00e9rale du lyc\u00e9e Pastr\u00e9 \u2013 Grande Bastide (13009 Marseille, France), deux enseignants (Mme Morena Mastropietro et M. Gaspard Guipert) se sont rendus \u00e0 Milan pour rencontrer l\u2019\u00e9quipe p\u00e9dagogique de l\u2019IMA Bonvesin (Milan, Italie) dans leur \u00e9tablissement. Apr\u00e8s un trajet en avion le 10 mars au [&hellip;]<\/p>\n","protected":false},"author":50,"featured_media":1952,"comment_status":"closed","ping_status":"closed","sticky":false,"template":"","format":"standard","meta":{"footnotes":"","_links_to":"","_links_to_target":""},"categories":[22,34],"tags":[],"class_list":["post-1945","post","type-post","status-publish","format-standard","has-post-thumbnail","hentry","category-ensemble-scolaire-pastre-grande-bastide-marseille","category-actualites-du-consortium-salesien"],"_links":{"self":[{"href":"https:\/\/www.campusinternationaldonbosco.org\/en\/wp-json\/wp\/v2\/posts\/1945","targetHints":{"allow":["GET"]}}],"collection":[{"href":"https:\/\/www.campusinternationaldonbosco.org\/en\/wp-json\/wp\/v2\/posts"}],"about":[{"href":"https:\/\/www.campusinternationaldonbosco.org\/en\/wp-json\/wp\/v2\/types\/post"}],"author":[{"embeddable":true,"href":"https:\/\/www.campusinternationaldonbosco.org\/en\/wp-json\/wp\/v2\/users\/50"}],"replies":[{"embeddable":true,"href":"https:\/\/www.campusinternationaldonbosco.org\/en\/wp-json\/wp\/v2\/comments?post=1945"}],"version-history":[{"count":3,"href":"https:\/\/www.campusinternationaldonbosco.org\/en\/wp-json\/wp\/v2\/posts\/1945\/revisions"}],"predecessor-version":[{"id":2130,"href":"https:\/\/www.campusinternationaldonbosco.org\/en\/wp-json\/wp\/v2\/posts\/1945\/revisions\/2130"}],"wp:featuredmedia":[{"embeddable":true,"href":"https:\/\/www.campusinternationaldonbosco.org\/en\/wp-json\/wp\/v2\/media\/1952"}],"wp:attachment":[{"href":"https:\/\/www.campusinternationaldonbosco.org\/en\/wp-json\/wp\/v2\/media?parent=1945"}],"wp:term":[{"taxonomy":"category","embeddable":true,"href":"https:\/\/www.campusinternationaldonbosco.org\/en\/wp-json\/wp\/v2\/categories?post=1945"},{"taxonomy":"post_tag","embeddable":true,"href":"https:\/\/www.campusinternationaldonbosco.org\/en\/wp-json\/wp\/v2\/tags?post=1945"}],"curies":[{"name":"wp","href":"https:\/\/api.w.org\/{rel}","templated":true}]}}