{"id":1827,"date":"2023-10-17T13:49:00","date_gmt":"2023-10-17T11:49:00","guid":{"rendered":"https:\/\/www.campusinternationaldonbosco.org\/?p=1827"},"modified":"2024-05-20T12:11:43","modified_gmt":"2024-05-20T10:11:43","slug":"elementor-1827","status":"publish","type":"post","link":"https:\/\/www.campusinternationaldonbosco.org\/en\/2023\/10\/17\/elementor-1827\/","title":{"rendered":"Le coll\u00e8ge du Sacr\u00e9 C\u0153ur de Saint Ch\u00e9ly d&rsquo;Apcher dans les Asturies"},"content":{"rendered":"<h2>\u00c0 la d\u00e9couverte des Asturies avec les correspondants espagnols<\/h2>\n<p style=\"text-align: justify;\">Cette premi\u00e8re mobilit\u00e9 du <b>coll\u00e8ge du Sacr\u00e9 C\u0153ur<\/b> de Saint Ch\u00e9ly d\u2019Apcher dans les Asturies a mobilis\u00e9 quarante-six \u00e9l\u00e8ves et cinq enseignants.<\/p>\n<p style=\"text-align: justify;\">Elle s\u2019est d\u00e9roul\u00e9e du <strong><em>2 octobre au 6 octobre 2023.<\/em><\/strong><\/p>\n<figure><img fetchpriority=\"high\" decoding=\"async\" src=\"https:\/\/www.campusinternationaldonbosco.org\/wp-content\/uploads\/2023\/11\/CIDB_1-1024x576.jpg\" alt=\"\" width=\"800\" height=\"450\" \/>\n<figcaption><em>Les \u00e9l\u00e8ves de Santo Angel et du Sacr\u00e9 Coeur devant l&rsquo;H\u00f4tel de ville d&rsquo;Avil\u00e8s<\/em><\/figcaption>\n<\/figure>\n<p>Notre \u00e9tablissement d\u2019accueil <strong>Colegio Salesiano Santo Angel<\/strong> \u00a0se situe dans les Asturies au nord-ouest de l\u2019Espagne baign\u00e9e par les courants marins oc\u00e9aniques.<\/p>\n<p><img decoding=\"async\" src=\"https:\/\/www.campusinternationaldonbosco.org\/wp-content\/uploads\/2023\/11\/IMG-20231009-WA0029-1024x768.jpg\" alt=\"\" width=\"800\" height=\"600\" \/><\/p>\n<p style=\"text-align: justify;\">Nos \u00e9l\u00e8ves sont accueillis dans la salle de r\u00e9ception de la mairie. Madame la Maire ne manque pas de leur rappeler \u00e0 quel point nous sommes tous europ\u00e9ens et membres d\u2019une m\u00eame communaut\u00e9 et leur demande d&rsquo;\u00eatre fort \u00e0 leur aise dans sa ville comme chez eux.<\/p>\n<p>Ce sont maintenant\u00a0 des Asturiens d&rsquo;adoption !<\/p>\n<p>Visite guid\u00e9e et interactive du centre-ville d\u2019Aviles (monuments historiques principaux, d\u00e9couverte du patrimoine culturel local et de l\u2019histoire de la ville d\u2019Aviles et de Pedro Menende Gymkhana en groupes franco-espagnols (rallye photo avec questions et photos des monuments principaux de la ville).\u00a0 Ce jeu d\u2019orientation est fait de telle sorte que les \u00e9l\u00e8ves \u00e9changent et communiquent naturellement pour r\u00e9pondre au questionnaire r\u00e9alis\u00e9\u00a0 jalonnant leur\u00a0 jeu de piste dans le but d&rsquo;enrichir et \u00e9toffer leurs connaissances linguistiques.<\/p>\n<p><img decoding=\"async\" src=\"https:\/\/www.campusinternationaldonbosco.org\/wp-content\/uploads\/2023\/11\/CIDB_2-1024x768.jpg\" alt=\"\" width=\"800\" height=\"600\" \/><\/p>\n<p>\u00a0<\/p>\n<p>Par groupes m\u00e9lang\u00e9s des deux \u00e9tablissements, apprentissage de l\u2019activit\u00e9 surf sur la plage de Salinas puis ramassage des d\u00e9chets. Sensibilisation de la part des moniteurs \u00e0 la protection et pr\u00e9servation de l\u2019environnement. Collecte des d\u00e9chets en groupes afin d\u2019appr\u00e9cier \u00e0 sa juste valeur ce merveilleux paysage c\u00f4tier.<\/p>\n<p><img loading=\"lazy\" decoding=\"async\" src=\"https:\/\/www.campusinternationaldonbosco.org\/wp-content\/uploads\/2023\/11\/CIDB_3-1024x768.jpg\" alt=\"\" width=\"800\" height=\"600\" \/><\/p>\n<p style=\"text-align: justify;\">Le bilan est tr\u00e8s positif quant \u00e0 l\u2019immersion de nos \u00e9l\u00e8ves en contact direct avec des natifs asturiens.<\/p>\n<p style=\"margin: 0cm; text-align: justify;\">Visite du coll\u00e8ge Santo Angel, nos \u00e9l\u00e8ves se m\u00e9langent dans les bus en cr\u00e9ant des groupes mixtes fran\u00e7ais et espagnols ; direction le parc naturel de la Pe\u00f1a Sobia, l\u2019occasion d\u2019en apprendre encore plus sur l\u2019environnement local et la richesse de sa biodiversit\u00e9, poursuivre l\u2019immersion linguistique \u00e0 travers la r\u00e9alisation d\u2019activit\u00e9s partag\u00e9es physiques et sportives avec nos correspondants en VTT avec la Senda del oso, du cano\u00eb kayak et enfin la visite d\u2019une grotte \u00ab La Cueva Huerta \u00bb permettant la d\u00e9couverte d\u2019un lieu de pr\u00e9servation des chauves-souris.<\/p>\n<p><img loading=\"lazy\" decoding=\"async\" src=\"https:\/\/www.campusinternationaldonbosco.org\/wp-content\/uploads\/2023\/11\/CIDB_5-1-1024x768.jpg\" alt=\"\" width=\"800\" height=\"600\" \/><\/p>\n<p style=\"margin: 0cm; text-align: justify;\">Randonn\u00e9e en \u00e9quipes franco-espagnoles sur le chemin de Saint Jacques avec une analyse de la faune et de la flore et notamment des esp\u00e8ces de plantes envahissantes. Les \u00e9l\u00e8ves \u00e9changent avec leurs correspondants espagnols sur le fait que l\u2019homme a implant\u00e9 des esp\u00e8ces invasives de plantes qui d\u00e9truisent le milieu dans lequel elles se d\u00e9veloppent.<\/p>\n<figure><img loading=\"lazy\" decoding=\"async\" src=\"https:\/\/www.campusinternationaldonbosco.org\/wp-content\/uploads\/2023\/11\/CIDB_6-1024x768.jpg\" alt=\"\" width=\"800\" height=\"600\" \/><\/figure>\n<p style=\"margin: 0cm; text-align: justify;\">Retour au coll\u00e8ge Santo Angel pour un go\u00fbter d\u2019au revoir avec des activit\u00e9s multiples r\u00e9alis\u00e9es tous ensemble (matchs de basket, football, handball\u2026).<\/p>\n<figure><img loading=\"lazy\" decoding=\"async\" src=\"https:\/\/www.campusinternationaldonbosco.org\/wp-content\/uploads\/2023\/11\/CIDB_7-1024x768.jpg\" alt=\"\" width=\"800\" height=\"600\" \/>\n<figcaption>D\u00eener traditionnel dans une cidrerie typique des Asturies o\u00f9 les \u00e9l\u00e8ves se r\u00e9galent de la gastronomie locale.<\/figcaption>\n<\/figure>\n<p><strong><u>En conclusion:<\/u><\/strong><\/p>\n<p>Le s\u00e9jour fut une grande r\u00e9ussite, tant les objectifs vis\u00e9s ont \u00e9t\u00e9 plus que d\u00e9pass\u00e9s. La sensibilisation \u00e0 la protection environnementale pratiqu\u00e9e sur les terres asturiennes fut une v\u00e9ritable r\u00e9v\u00e9lation pour l\u2019ensemble des \u00e9l\u00e8ves qui ont pris la mesure de l\u2019impact de l\u2019homme sur la nature. Ils attendent \u00e0 pr\u00e9sent avec grande h\u00e2te la possibilit\u00e9 de faire d\u00e9couvrir \u00e0 leur tour leur patrimoine culturel aux jeunes asturiens. La communication fut si simple \u00e0 \u00e9tablir que tous les accompagnateurs pr\u00e9sents sur l\u2019ensemble du s\u00e9jour ont pu r\u00e9ellement progresser et d\u00e9velopper de nouvelles comp\u00e9tences linguistiques en langue \u00e9trang\u00e8re. Les relations humaines \u00e9tablies gr\u00e2ce aux activit\u00e9s tout au long du s\u00e9jour furent sources d\u2019un r\u00e9el enrichissement personnel pour chacune des personnes pr\u00e9sentes. Nul doute qu\u2019\u00e0 travers les nouvelles technologies et les r\u00e9seaux sociaux chacun a d\u00e9j\u00e0 commenc\u00e9 \u00e0 tisser des liens qu\u2019aucune fronti\u00e8re terrestre ne pourra entacher, chacun se sentant \u00e0 pr\u00e9sent membre d\u2019une m\u00eame famille europ\u00e9enne.<\/p>\n<p><img loading=\"lazy\" decoding=\"async\" src=\"https:\/\/www.campusinternationaldonbosco.org\/wp-content\/uploads\/2023\/11\/CIDB_8-1024x768.jpg\" alt=\"\" width=\"800\" height=\"600\" \/><\/p>\n\n\n<figure class=\"wp-block-image aligncenter size-full\"><img loading=\"lazy\" decoding=\"async\" width=\"500\" height=\"143\" src=\"https:\/\/www.campusinternationaldonbosco.org\/wp-content\/uploads\/2024\/05\/eu_flag_co_funded.jpg\" alt=\"\" class=\"wp-image-2085\" srcset=\"https:\/\/www.campusinternationaldonbosco.org\/wp-content\/uploads\/2024\/05\/eu_flag_co_funded.jpg 500w, https:\/\/www.campusinternationaldonbosco.org\/wp-content\/uploads\/2024\/05\/eu_flag_co_funded-300x86.jpg 300w, https:\/\/www.campusinternationaldonbosco.org\/wp-content\/uploads\/2024\/05\/eu_flag_co_funded-18x5.jpg 18w\" sizes=\"(max-width: 500px) 100vw, 500px\" \/><\/figure>","protected":false},"excerpt":{"rendered":"<p>\u00c0 la d\u00e9couverte des Asturies avec les correspondants espagnols Cette premi\u00e8re mobilit\u00e9 du coll\u00e8ge du Sacr\u00e9 C\u0153ur de Saint Ch\u00e9ly d\u2019Apcher dans les Asturies a mobilis\u00e9 quarante-six \u00e9l\u00e8ves et cinq enseignants. Elle s\u2019est d\u00e9roul\u00e9e du 2 octobre au 6 octobre 2023. Les \u00e9l\u00e8ves de Santo Angel et du Sacr\u00e9 Coeur devant l&rsquo;H\u00f4tel de ville d&rsquo;Avil\u00e8s [&hellip;]<\/p>\n","protected":false},"author":56,"featured_media":1831,"comment_status":"closed","ping_status":"closed","sticky":false,"template":"","format":"standard","meta":{"footnotes":"","_links_to":"","_links_to_target":""},"categories":[26,34],"tags":[],"class_list":["post-1827","post","type-post","status-publish","format-standard","has-post-thumbnail","hentry","category-college-lycee-sacre-coeur-saint-chely-dapcher","category-actualites-du-consortium-salesien"],"_links":{"self":[{"href":"https:\/\/www.campusinternationaldonbosco.org\/en\/wp-json\/wp\/v2\/posts\/1827","targetHints":{"allow":["GET"]}}],"collection":[{"href":"https:\/\/www.campusinternationaldonbosco.org\/en\/wp-json\/wp\/v2\/posts"}],"about":[{"href":"https:\/\/www.campusinternationaldonbosco.org\/en\/wp-json\/wp\/v2\/types\/post"}],"author":[{"embeddable":true,"href":"https:\/\/www.campusinternationaldonbosco.org\/en\/wp-json\/wp\/v2\/users\/56"}],"replies":[{"embeddable":true,"href":"https:\/\/www.campusinternationaldonbosco.org\/en\/wp-json\/wp\/v2\/comments?post=1827"}],"version-history":[{"count":14,"href":"https:\/\/www.campusinternationaldonbosco.org\/en\/wp-json\/wp\/v2\/posts\/1827\/revisions"}],"predecessor-version":[{"id":2148,"href":"https:\/\/www.campusinternationaldonbosco.org\/en\/wp-json\/wp\/v2\/posts\/1827\/revisions\/2148"}],"wp:featuredmedia":[{"embeddable":true,"href":"https:\/\/www.campusinternationaldonbosco.org\/en\/wp-json\/wp\/v2\/media\/1831"}],"wp:attachment":[{"href":"https:\/\/www.campusinternationaldonbosco.org\/en\/wp-json\/wp\/v2\/media?parent=1827"}],"wp:term":[{"taxonomy":"category","embeddable":true,"href":"https:\/\/www.campusinternationaldonbosco.org\/en\/wp-json\/wp\/v2\/categories?post=1827"},{"taxonomy":"post_tag","embeddable":true,"href":"https:\/\/www.campusinternationaldonbosco.org\/en\/wp-json\/wp\/v2\/tags?post=1827"}],"curies":[{"name":"wp","href":"https:\/\/api.w.org\/{rel}","templated":true}]}}