{"id":1636,"date":"2023-04-12T13:51:36","date_gmt":"2023-04-12T11:51:36","guid":{"rendered":"https:\/\/www.campusinternationaldonbosco.org\/?p=1636"},"modified":"2024-10-25T22:07:18","modified_gmt":"2024-10-25T20:07:18","slug":"a-la-decouverte-des-institutions-europeennes","status":"publish","type":"post","link":"https:\/\/www.campusinternationaldonbosco.org\/en\/2023\/04\/12\/a-la-decouverte-des-institutions-europeennes\/","title":{"rendered":"A la d\u00e9couverte des institutions Europ\u00e9ennes"},"content":{"rendered":"<p class=\"has-cyan-bluish-gray-background-color has-background\">Une premi\u00e8re mobilit\u00e9 d\u2019\u00e9l\u00e8ves du lyc\u00e9e g\u00e9n\u00e9ral du Sacr\u00e9 C\u0153ur s\u2019est d\u00e9roul\u00e9e du 27 mars au 31 mars 2023 \u00e0 Gand (Belgique).<\/p>\n\n\n\n<figure class=\"wp-block-image size-full\"><img fetchpriority=\"high\" decoding=\"async\" width=\"490\" height=\"300\" src=\"https:\/\/www.campusinternationaldonbosco.org\/wp-content\/uploads\/2023\/10\/A_1-1.jpg\" alt=\"\" class=\"wp-image-1638\" srcset=\"https:\/\/www.campusinternationaldonbosco.org\/wp-content\/uploads\/2023\/10\/A_1-1.jpg 490w, https:\/\/www.campusinternationaldonbosco.org\/wp-content\/uploads\/2023\/10\/A_1-1-300x184.jpg 300w, https:\/\/www.campusinternationaldonbosco.org\/wp-content\/uploads\/2023\/10\/A_1-1-18x12.jpg 18w\" sizes=\"(max-width: 490px) 100vw, 490px\" \/><\/figure>\n\n\n\n<p class=\"has-cyan-bluish-gray-background-color has-background\">Cette rencontre s\u2019est tenue sur quatre jours dans les locaux du lyc\u00e9e Don-Bosco Campus Sint Pieters ainsi que dans les villes de Gand et de Bruges.<\/p>\n\n\n\n<figure class=\"wp-block-image aligncenter size-full is-resized\"><img decoding=\"async\" width=\"453\" height=\"320\" src=\"https:\/\/www.campusinternationaldonbosco.org\/wp-content\/uploads\/2023\/10\/A_3.jpg\" alt=\"\" class=\"wp-image-1640\" style=\"width:275px;height:194px\" srcset=\"https:\/\/www.campusinternationaldonbosco.org\/wp-content\/uploads\/2023\/10\/A_3.jpg 453w, https:\/\/www.campusinternationaldonbosco.org\/wp-content\/uploads\/2023\/10\/A_3-300x212.jpg 300w, https:\/\/www.campusinternationaldonbosco.org\/wp-content\/uploads\/2023\/10\/A_3-18x12.jpg 18w\" sizes=\"(max-width: 453px) 100vw, 453px\" \/><figcaption class=\"wp-element-caption\"><strong><em>Sint Pieters (Gand)<\/em><\/strong><\/figcaption><\/figure>\n\n\n\n<p class=\"has-cyan-bluish-gray-background-color has-background\">Les diverses activit\u00e9s d\u2019\u00e9changes pr\u00e9par\u00e9es par nos h\u00f4tes, anim\u00e9es par l\u2019ensemble des \u00e9quipes d\u2019enseignants ont permis \u00e0 nos jeunes de cr\u00e9er des liens d\u00e8s le premier jour.<\/p>\n\n\n\n<figure class=\"wp-block-image size-full is-resized\"><img decoding=\"async\" width=\"499\" height=\"312\" src=\"https:\/\/www.campusinternationaldonbosco.org\/wp-content\/uploads\/2023\/10\/A_2.jpg\" alt=\"\" class=\"wp-image-1639\" style=\"width:383px;height:239px\" srcset=\"https:\/\/www.campusinternationaldonbosco.org\/wp-content\/uploads\/2023\/10\/A_2.jpg 499w, https:\/\/www.campusinternationaldonbosco.org\/wp-content\/uploads\/2023\/10\/A_2-300x188.jpg 300w, https:\/\/www.campusinternationaldonbosco.org\/wp-content\/uploads\/2023\/10\/A_2-18x12.jpg 18w\" sizes=\"(max-width: 499px) 100vw, 499px\" \/><\/figure>\n\n\n\n<p class=\"has-cyan-bluish-gray-background-color has-background\">Nos lyc\u00e9ens se sont rapidement pris au jeu notamment lors de la s\u00e9ance de Quizz organis\u00e9e par nos h\u00f4tes, au total une cinquantaine de jeunes par groupe de mixit\u00e9 d\u2019\u00e9tablissement se sont mesur\u00e9s aux questionnaires en anglais pr\u00e9par\u00e9s avec soin par la classe d\u2019accueil.<\/p>\n\n\n\n<figure class=\"wp-block-image aligncenter size-full\"><img loading=\"lazy\" decoding=\"async\" width=\"486\" height=\"295\" src=\"https:\/\/www.campusinternationaldonbosco.org\/wp-content\/uploads\/2023\/10\/A_4.jpg\" alt=\"\" class=\"wp-image-1641\" srcset=\"https:\/\/www.campusinternationaldonbosco.org\/wp-content\/uploads\/2023\/10\/A_4.jpg 486w, https:\/\/www.campusinternationaldonbosco.org\/wp-content\/uploads\/2023\/10\/A_4-300x182.jpg 300w, https:\/\/www.campusinternationaldonbosco.org\/wp-content\/uploads\/2023\/10\/A_4-18x12.jpg 18w\" sizes=\"(max-width: 486px) 100vw, 486px\" \/><figcaption class=\"wp-element-caption\"><em>Salle de classe<\/em><\/figcaption><\/figure>\n\n\n\n<p class=\"has-cyan-bluish-gray-background-color has-background\">Un parcours organis\u00e9 dans la ville de Gand sous forme de jeux de pistes et de course d\u2019orientation s\u2019est sold\u00e9 par une visite du patrimoine historique en bateau.<\/p>\n\n\n\n<figure class=\"wp-block-image size-full\"><img loading=\"lazy\" decoding=\"async\" width=\"456\" height=\"292\" src=\"https:\/\/www.campusinternationaldonbosco.org\/wp-content\/uploads\/2023\/10\/A_5.jpg\" alt=\"\" class=\"wp-image-1642\" srcset=\"https:\/\/www.campusinternationaldonbosco.org\/wp-content\/uploads\/2023\/10\/A_5.jpg 456w, https:\/\/www.campusinternationaldonbosco.org\/wp-content\/uploads\/2023\/10\/A_5-300x192.jpg 300w, https:\/\/www.campusinternationaldonbosco.org\/wp-content\/uploads\/2023\/10\/A_5-18x12.jpg 18w\" sizes=\"(max-width: 456px) 100vw, 456px\" \/><\/figure>\n\n\n\n<p class=\"has-cyan-bluish-gray-background-color has-background\">Durant notre s\u00e9jour, le d\u00e9placement vers Bruxelles en train a permis aux jeunes de Sint Pieters de d\u00e9couvrir nos institutions Europ\u00e9ennes en m\u00eame temps que nous&nbsp;!<\/p>\n\n\n\n<p>Une premi\u00e8re pour tous les groupes&nbsp;!<\/p>\n\n\n\n<figure class=\"wp-block-image size-full\"><img loading=\"lazy\" decoding=\"async\" width=\"504\" height=\"349\" src=\"https:\/\/www.campusinternationaldonbosco.org\/wp-content\/uploads\/2023\/10\/A_6.jpg\" alt=\"\" class=\"wp-image-1643\" srcset=\"https:\/\/www.campusinternationaldonbosco.org\/wp-content\/uploads\/2023\/10\/A_6.jpg 504w, https:\/\/www.campusinternationaldonbosco.org\/wp-content\/uploads\/2023\/10\/A_6-300x208.jpg 300w, https:\/\/www.campusinternationaldonbosco.org\/wp-content\/uploads\/2023\/10\/A_6-18x12.jpg 18w\" sizes=\"(max-width: 504px) 100vw, 504px\" \/><\/figure>\n\n\n\n<p class=\"has-cyan-bluish-gray-background-color has-background\">Visite du centre historique de Bruxelles avec comme guides&nbsp; Arianna V\u00e9ronique et Ireen<\/p>\n\n\n\n<p class=\"has-cyan-bluish-gray-background-color has-background\">Les \u00e9l\u00e8ves en groupe mixte des deux \u00e9tablissements ont pu assister \u00e0 une s\u00e9ance dans l\u2019h\u00e9micycle du parlement alors que d\u2019autres ont pu visiter l&rsquo;exposition permanente de la Maison de l&rsquo;histoire europ\u00e9enne.<\/p>\n\n\n\n<figure class=\"wp-block-image aligncenter size-full is-resized\"><img loading=\"lazy\" decoding=\"async\" width=\"530\" height=\"348\" src=\"https:\/\/www.campusinternationaldonbosco.org\/wp-content\/uploads\/2023\/10\/A_8.jpg\" alt=\"Constitution des groupes de visite dans la salle d\u2019attente du Parlement Europ\u00e9en\" class=\"wp-image-1645\" style=\"width:337px;height:221px\" srcset=\"https:\/\/www.campusinternationaldonbosco.org\/wp-content\/uploads\/2023\/10\/A_8.jpg 530w, https:\/\/www.campusinternationaldonbosco.org\/wp-content\/uploads\/2023\/10\/A_8-300x197.jpg 300w, https:\/\/www.campusinternationaldonbosco.org\/wp-content\/uploads\/2023\/10\/A_8-18x12.jpg 18w\" sizes=\"(max-width: 530px) 100vw, 530px\" \/><figcaption class=\"wp-element-caption\"><em>Formation des groupes de visite<\/em><\/figcaption><\/figure>\n\n\n\n<p class=\"has-cyan-bluish-gray-background-color has-background\">&nbsp;Exposition \u00ab\u00a0Jeter\u00a0\u00bb Histoire d&rsquo;une crise contemporaine<\/p>\n\n\n\n<div class=\"wp-block-group is-layout-constrained wp-block-group-is-layout-constrained\">\n<figure class=\"wp-block-image size-full is-resized\"><img loading=\"lazy\" decoding=\"async\" width=\"564\" height=\"241\" src=\"https:\/\/www.campusinternationaldonbosco.org\/wp-content\/uploads\/2023\/10\/A_7.jpg\" alt=\"\" class=\"wp-image-1644\" style=\"width:378px;height:162px\" srcset=\"https:\/\/www.campusinternationaldonbosco.org\/wp-content\/uploads\/2023\/10\/A_7.jpg 564w, https:\/\/www.campusinternationaldonbosco.org\/wp-content\/uploads\/2023\/10\/A_7-300x128.jpg 300w, https:\/\/www.campusinternationaldonbosco.org\/wp-content\/uploads\/2023\/10\/A_7-18x8.jpg 18w\" sizes=\"(max-width: 564px) 100vw, 564px\" \/><figcaption class=\"wp-element-caption\"><em>H\u00e9micycle du parlement<\/em><\/figcaption><\/figure>\n<\/div>\n\n\n\n<p><strong>Une tr\u00e8s belle exp\u00e9rience \u00e0 reproduire avec de nombreux souvenirs emport\u00e9s dans nos valises sans oublier les chocolats&nbsp;!<\/strong><\/p>","protected":false},"excerpt":{"rendered":"<p>Une premi\u00e8re mobilit\u00e9 d\u2019\u00e9l\u00e8ves du lyc\u00e9e g\u00e9n\u00e9ral du Sacr\u00e9 C\u0153ur s\u2019est d\u00e9roul\u00e9e du 27 mars au 31 mars 2023 \u00e0 Gand (Belgique). Cette rencontre s\u2019est tenue sur quatre jours dans les locaux du lyc\u00e9e Don-Bosco Campus Sint Pieters ainsi que dans les villes de Gand et de Bruges. Les diverses activit\u00e9s d\u2019\u00e9changes pr\u00e9par\u00e9es par nos [&hellip;]<\/p>\n","protected":false},"author":56,"featured_media":1638,"comment_status":"closed","ping_status":"closed","sticky":false,"template":"","format":"standard","meta":{"footnotes":"","_links_to":"","_links_to_target":""},"categories":[26,34],"tags":[],"class_list":["post-1636","post","type-post","status-publish","format-standard","has-post-thumbnail","hentry","category-college-lycee-sacre-coeur-saint-chely-dapcher","category-actualites-du-consortium-salesien"],"_links":{"self":[{"href":"https:\/\/www.campusinternationaldonbosco.org\/en\/wp-json\/wp\/v2\/posts\/1636","targetHints":{"allow":["GET"]}}],"collection":[{"href":"https:\/\/www.campusinternationaldonbosco.org\/en\/wp-json\/wp\/v2\/posts"}],"about":[{"href":"https:\/\/www.campusinternationaldonbosco.org\/en\/wp-json\/wp\/v2\/types\/post"}],"author":[{"embeddable":true,"href":"https:\/\/www.campusinternationaldonbosco.org\/en\/wp-json\/wp\/v2\/users\/56"}],"replies":[{"embeddable":true,"href":"https:\/\/www.campusinternationaldonbosco.org\/en\/wp-json\/wp\/v2\/comments?post=1636"}],"version-history":[{"count":4,"href":"https:\/\/www.campusinternationaldonbosco.org\/en\/wp-json\/wp\/v2\/posts\/1636\/revisions"}],"predecessor-version":[{"id":2374,"href":"https:\/\/www.campusinternationaldonbosco.org\/en\/wp-json\/wp\/v2\/posts\/1636\/revisions\/2374"}],"wp:featuredmedia":[{"embeddable":true,"href":"https:\/\/www.campusinternationaldonbosco.org\/en\/wp-json\/wp\/v2\/media\/1638"}],"wp:attachment":[{"href":"https:\/\/www.campusinternationaldonbosco.org\/en\/wp-json\/wp\/v2\/media?parent=1636"}],"wp:term":[{"taxonomy":"category","embeddable":true,"href":"https:\/\/www.campusinternationaldonbosco.org\/en\/wp-json\/wp\/v2\/categories?post=1636"},{"taxonomy":"post_tag","embeddable":true,"href":"https:\/\/www.campusinternationaldonbosco.org\/en\/wp-json\/wp\/v2\/tags?post=1636"}],"curies":[{"name":"wp","href":"https:\/\/api.w.org\/{rel}","templated":true}]}}