{"id":1618,"date":"2022-12-02T14:22:18","date_gmt":"2022-12-02T13:22:18","guid":{"rendered":"https:\/\/www.campusinternationaldonbosco.org\/?p=1618"},"modified":"2024-10-25T22:08:33","modified_gmt":"2024-10-25T20:08:33","slug":"rassemblement-europeen-salesien-turin-novembre-2022","status":"publish","type":"post","link":"https:\/\/www.campusinternationaldonbosco.org\/en\/2022\/12\/02\/rassemblement-europeen-salesien-turin-novembre-2022\/","title":{"rendered":"Rassemblement europ\u00e9en sal\u00e9sien \u2013 Turin Novembre 2022"},"content":{"rendered":"<p>Une \u00e9quipe de trois enseignantes de Bon Accueil s\u2019est rendue 2 jours \u00e0 Turin pour travailler avec des \u00e9tablissements sal\u00e9siens europ\u00e9ens. Plus de 120 participants de diff\u00e9rentes nationalit\u00e9s \u00e9taient pr\u00e9sents.<\/p>\n\n\n\n<p>Plusieurs objectifs communs&nbsp;: en savoir davantage sur les rouages de notre r\u00e9seau Don Bosco, mettre \u00e0 jour nos connaissances professionnelles li\u00e9es \u00e0 l\u2019organisation Erasmus+ ainsi que d\u00e9velopper des partenariats avec des \u00e9tablissements int\u00e9ress\u00e9s par le d\u00e9veloppement de projets p\u00e9dagogiques.<\/p>\n\n\n\n<figure class=\"wp-block-gallery has-nested-images columns-default is-cropped wp-block-gallery-1 is-layout-flex wp-block-gallery-is-layout-flex\">\n<figure class=\"wp-block-image size-large\"><img fetchpriority=\"high\" decoding=\"async\" width=\"684\" height=\"514\" data-id=\"1620\" src=\"https:\/\/www.campusinternationaldonbosco.org\/wp-content\/uploads\/2023\/09\/image.jpeg\" alt=\"\" class=\"wp-image-1620\" srcset=\"https:\/\/www.campusinternationaldonbosco.org\/wp-content\/uploads\/2023\/09\/image.jpeg 684w, https:\/\/www.campusinternationaldonbosco.org\/wp-content\/uploads\/2023\/09\/image-300x225.jpeg 300w, https:\/\/www.campusinternationaldonbosco.org\/wp-content\/uploads\/2023\/09\/image-16x12.jpeg 16w\" sizes=\"(max-width: 684px) 100vw, 684px\" \/><\/figure>\n<\/figure>\n\n\n\n<p>Des projets qui se concr\u00e9tisent&nbsp;: une id\u00e9e de chorale europ\u00e9enne pour nos \u00e9l\u00e8ves, des mobilit\u00e9s et job shadowing pour nos enseignants, des \u00e9changes \u00e9pistolaires et num\u00e9riques d\u00e9veloppant des liens europ\u00e9ens et fraternels entre nos \u00e9coles, notamment avec la Pologne. Des projets port\u00e9s entre autres par Claire Tilmont et Christelle Payet, professeurs d\u2019anglais et de musique au coll\u00e8ge Bon Accueil.<\/p>\n\n\n\n<p>Ce voyage de trois jours \u00e0 Turin nous a emmen\u00e9 sur les traces de st Jean Bosco \u00e9videmment, nous avons pu visiter le Colle Don Bosco, ancienne maison de Don Bosco lorsqu\u2019il \u00e9tait enfant. Ce lieu rassemble aujourd\u2019hui un mus\u00e9e ethnologique missionnaire qui abrite et expose des produits r\u00e9alis\u00e9s et utilis\u00e9s par les diff\u00e9rents peuples des quatre continents extra-europ\u00e9ens et collect\u00e9s par les missionnaires sal\u00e9siens.&nbsp;<\/p>\n\n\n\n<p>Ce s\u00e9jour a permis la visite pr\u00e9paratoire de trois coll\u00e8gues polonaises en janvier \u00e0 Toulon, elles ont d\u00e9couvert notre \u00e9tablissement et nos \u00e9l\u00e8ves. Nous avons pu \u00e9changer sur nos futurs projets et une prochaine visite est pr\u00e9vue en Pologne, en 2023-2024. Il a \u00e9galement \u00e9t\u00e9 \u00e0 l\u2019origine de la cr\u00e9ation d\u2019une \u00e9quipe p\u00e9dagogique inter \u00e9tablissements qui s\u2019est rendue en formation \u00e0 Stockholm en mai 2023, unissant Don Bosco St Cyr, La Navarre et Bon Accueil. Une premi\u00e8re et excellente exp\u00e9rience&nbsp;!<\/p>\n\n\n\n<figure class=\"wp-block-image size-full\"><img decoding=\"async\" width=\"404\" height=\"308\" src=\"https:\/\/www.campusinternationaldonbosco.org\/wp-content\/uploads\/2023\/09\/image.png\" alt=\"\" class=\"wp-image-1621\" srcset=\"https:\/\/www.campusinternationaldonbosco.org\/wp-content\/uploads\/2023\/09\/image.png 404w, https:\/\/www.campusinternationaldonbosco.org\/wp-content\/uploads\/2023\/09\/image-300x229.png 300w, https:\/\/www.campusinternationaldonbosco.org\/wp-content\/uploads\/2023\/09\/image-16x12.png 16w\" sizes=\"(max-width: 404px) 100vw, 404px\" \/><\/figure>\n\n\n\n<p>En conclusion, ces rencontres sal\u00e9siennes \u00e0 vocation d\u2019ouverture \u00e0 l\u2019Europe et l\u2019international ont rempli toutes leurs promesses.<\/p>\n\n\n\n<figure class=\"wp-block-image size-full is-resized\"><img decoding=\"async\" width=\"410\" height=\"314\" src=\"https:\/\/www.campusinternationaldonbosco.org\/wp-content\/uploads\/2023\/09\/image-1.png\" alt=\"\" class=\"wp-image-1622\" style=\"width:424px;height:325px\" srcset=\"https:\/\/www.campusinternationaldonbosco.org\/wp-content\/uploads\/2023\/09\/image-1.png 410w, https:\/\/www.campusinternationaldonbosco.org\/wp-content\/uploads\/2023\/09\/image-1-300x230.png 300w, https:\/\/www.campusinternationaldonbosco.org\/wp-content\/uploads\/2023\/09\/image-1-16x12.png 16w\" sizes=\"(max-width: 410px) 100vw, 410px\" \/><\/figure>\n\n\n\n<p>Aur\u00e9lie Barral coordinatrice Erasmus+ pour l\u2019\u00e9quipe Bon Accueil Toulon.<\/p>\n\n\n\n<p><img loading=\"lazy\" decoding=\"async\" width=\"453\" height=\"153\" src=\"https:\/\/www.campusinternationaldonbosco.org\/1f19d56c-40ca-4d5b-b000-0f93af60cb31\"><\/p>","protected":false},"excerpt":{"rendered":"<p>Une \u00e9quipe de trois enseignantes de Bon Accueil s\u2019est rendue 2 jours \u00e0 Turin pour travailler avec des \u00e9tablissements sal\u00e9siens europ\u00e9ens. Plus de 120 participants de diff\u00e9rentes nationalit\u00e9s \u00e9taient pr\u00e9sents. Plusieurs objectifs communs&nbsp;: en savoir davantage sur les rouages de notre r\u00e9seau Don Bosco, mettre \u00e0 jour nos connaissances professionnelles li\u00e9es \u00e0 l\u2019organisation Erasmus+ ainsi [&hellip;]<\/p>\n","protected":false},"author":45,"featured_media":1620,"comment_status":"closed","ping_status":"closed","sticky":false,"template":"","format":"standard","meta":{"footnotes":"","_links_to":"","_links_to_target":""},"categories":[31,34],"tags":[],"class_list":["post-1618","post","type-post","status-publish","format-standard","has-post-thumbnail","hentry","category-externat-bon-accueil-toulon","category-actualites-du-consortium-salesien"],"_links":{"self":[{"href":"https:\/\/www.campusinternationaldonbosco.org\/en\/wp-json\/wp\/v2\/posts\/1618","targetHints":{"allow":["GET"]}}],"collection":[{"href":"https:\/\/www.campusinternationaldonbosco.org\/en\/wp-json\/wp\/v2\/posts"}],"about":[{"href":"https:\/\/www.campusinternationaldonbosco.org\/en\/wp-json\/wp\/v2\/types\/post"}],"author":[{"embeddable":true,"href":"https:\/\/www.campusinternationaldonbosco.org\/en\/wp-json\/wp\/v2\/users\/45"}],"replies":[{"embeddable":true,"href":"https:\/\/www.campusinternationaldonbosco.org\/en\/wp-json\/wp\/v2\/comments?post=1618"}],"version-history":[{"count":5,"href":"https:\/\/www.campusinternationaldonbosco.org\/en\/wp-json\/wp\/v2\/posts\/1618\/revisions"}],"predecessor-version":[{"id":2375,"href":"https:\/\/www.campusinternationaldonbosco.org\/en\/wp-json\/wp\/v2\/posts\/1618\/revisions\/2375"}],"wp:featuredmedia":[{"embeddable":true,"href":"https:\/\/www.campusinternationaldonbosco.org\/en\/wp-json\/wp\/v2\/media\/1620"}],"wp:attachment":[{"href":"https:\/\/www.campusinternationaldonbosco.org\/en\/wp-json\/wp\/v2\/media?parent=1618"}],"wp:term":[{"taxonomy":"category","embeddable":true,"href":"https:\/\/www.campusinternationaldonbosco.org\/en\/wp-json\/wp\/v2\/categories?post=1618"},{"taxonomy":"post_tag","embeddable":true,"href":"https:\/\/www.campusinternationaldonbosco.org\/en\/wp-json\/wp\/v2\/tags?post=1618"}],"curies":[{"name":"wp","href":"https:\/\/api.w.org\/{rel}","templated":true}]}}