{"id":1580,"date":"2022-11-22T08:27:00","date_gmt":"2022-11-22T07:27:00","guid":{"rendered":"https:\/\/www.campusinternationaldonbosco.org\/?p=1580"},"modified":"2024-10-25T22:00:25","modified_gmt":"2024-10-25T20:00:25","slug":"mobilite-de-formation-a-turin","status":"publish","type":"post","link":"https:\/\/www.campusinternationaldonbosco.org\/en\/2022\/11\/22\/mobilite-de-formation-a-turin\/","title":{"rendered":"Mobilit\u00e9 de formation \u00e0 Turin"},"content":{"rendered":"<p>La mobilit\u00e9 de Turin fut une suite logique \u00e0 la rencontre de Mornese. Des Chefs d\u2019\u00e9tablissements, des Charg\u00e9s de Mission(s), des enseignants venant de divers pays europ\u00e9ens d\u00e9j\u00e0 impliqu\u00e9s dans des projets Erasmus +, ou venant prendre des renseignements et rencontrer d\u2019\u00e9ventuels partenaires, s\u2019y sont retrouv\u00e9s. Cette derni\u00e8re d\u00e9marche fut celle du Lyc\u00e9e Fran\u00e7ois d\u2019Estaing en 2019 \u00e0 Grace et cela permit \u00e0 l\u2019institution de cr\u00e9er des premiers liens pour mettre en place des \u00ab\u00a0Job Shadowing\u00a0\u00bb et de d\u00e9velopper la dimension europ\u00e9enne du lyc\u00e9e. Ce rassemblement est toujours tr\u00e8s important car il permet de nouvelles rencontres, de retrouver des amis et de donner naissance \u00e0 de nouveaux projets. Toutes les informations obtenues furent ensuite diss\u00e9min\u00e9es en interne et permirent le d\u00e9veloppement d\u2019une r\u00e9flexion de l\u2019ensemble de l\u2019\u00e9quipe de l\u2019\u00e9tablissement. D\u00e8s lors diff\u00e9rentes possibilit\u00e9s ont \u00e9t\u00e9 pr\u00e9sent\u00e9es \u00e0 l\u2019ensemble du personnel car le lyc\u00e9e a pu b\u00e9n\u00e9ficier d\u2019un certain nombre de mobilit\u00e9s du Consortium Campus Don Bosco On the Move.<\/p>","protected":false},"excerpt":{"rendered":"<p>La mobilit\u00e9 de Turin fut une suite logique \u00e0 la rencontre de Mornese. Des Chefs d\u2019\u00e9tablissements, des Charg\u00e9s de Mission(s), des enseignants venant de divers pays europ\u00e9ens d\u00e9j\u00e0 impliqu\u00e9s dans des projets Erasmus +, ou venant prendre des renseignements et rencontrer d\u2019\u00e9ventuels partenaires, s\u2019y sont retrouv\u00e9s. Cette derni\u00e8re d\u00e9marche fut celle du Lyc\u00e9e Fran\u00e7ois d\u2019Estaing [&hellip;]<\/p>\n","protected":false},"author":50,"featured_media":0,"comment_status":"closed","ping_status":"closed","sticky":false,"template":"","format":"standard","meta":{"footnotes":"","_links_to":"","_links_to_target":""},"categories":[25,34],"tags":[],"class_list":["post-1580","post","type-post","status-publish","format-standard","hentry","category-lycee-francois-destaing-rodez","category-actualites-du-consortium-salesien"],"_links":{"self":[{"href":"https:\/\/www.campusinternationaldonbosco.org\/en\/wp-json\/wp\/v2\/posts\/1580","targetHints":{"allow":["GET"]}}],"collection":[{"href":"https:\/\/www.campusinternationaldonbosco.org\/en\/wp-json\/wp\/v2\/posts"}],"about":[{"href":"https:\/\/www.campusinternationaldonbosco.org\/en\/wp-json\/wp\/v2\/types\/post"}],"author":[{"embeddable":true,"href":"https:\/\/www.campusinternationaldonbosco.org\/en\/wp-json\/wp\/v2\/users\/50"}],"replies":[{"embeddable":true,"href":"https:\/\/www.campusinternationaldonbosco.org\/en\/wp-json\/wp\/v2\/comments?post=1580"}],"version-history":[{"count":1,"href":"https:\/\/www.campusinternationaldonbosco.org\/en\/wp-json\/wp\/v2\/posts\/1580\/revisions"}],"predecessor-version":[{"id":1581,"href":"https:\/\/www.campusinternationaldonbosco.org\/en\/wp-json\/wp\/v2\/posts\/1580\/revisions\/1581"}],"wp:attachment":[{"href":"https:\/\/www.campusinternationaldonbosco.org\/en\/wp-json\/wp\/v2\/media?parent=1580"}],"wp:term":[{"taxonomy":"category","embeddable":true,"href":"https:\/\/www.campusinternationaldonbosco.org\/en\/wp-json\/wp\/v2\/categories?post=1580"},{"taxonomy":"post_tag","embeddable":true,"href":"https:\/\/www.campusinternationaldonbosco.org\/en\/wp-json\/wp\/v2\/tags?post=1580"}],"curies":[{"name":"wp","href":"https:\/\/api.w.org\/{rel}","templated":true}]}}