{"id":1537,"date":"2023-07-08T18:51:52","date_gmt":"2023-07-08T16:51:52","guid":{"rendered":"https:\/\/www.campusinternationaldonbosco.org\/?p=1537"},"modified":"2024-05-20T12:15:23","modified_gmt":"2024-05-20T10:15:23","slug":"avec-erasmus-le-college-st-viateur-canaguet-sinvite-a-barcelone","status":"publish","type":"post","link":"https:\/\/www.campusinternationaldonbosco.org\/en\/2023\/07\/08\/avec-erasmus-le-college-st-viateur-canaguet-sinvite-a-barcelone\/","title":{"rendered":"Avec Erasmus +, le Coll\u00e8ge St Viateur Canaguet s\u2019invite \u00e0 Barcelone"},"content":{"rendered":"<figure class=\"wp-block-image size-large\"><img fetchpriority=\"high\" decoding=\"async\" width=\"1024\" height=\"551\" src=\"https:\/\/www.campusinternationaldonbosco.org\/wp-content\/uploads\/2023\/07\/Capture-decran-2023-07-08-a-18.40.32-1024x551.png\" alt=\"\" class=\"wp-image-1540\" srcset=\"https:\/\/www.campusinternationaldonbosco.org\/wp-content\/uploads\/2023\/07\/Capture-decran-2023-07-08-a-18.40.32-1024x551.png 1024w, https:\/\/www.campusinternationaldonbosco.org\/wp-content\/uploads\/2023\/07\/Capture-decran-2023-07-08-a-18.40.32-300x162.png 300w, https:\/\/www.campusinternationaldonbosco.org\/wp-content\/uploads\/2023\/07\/Capture-decran-2023-07-08-a-18.40.32-768x414.png 768w, https:\/\/www.campusinternationaldonbosco.org\/wp-content\/uploads\/2023\/07\/Capture-decran-2023-07-08-a-18.40.32-1536x827.png 1536w, https:\/\/www.campusinternationaldonbosco.org\/wp-content\/uploads\/2023\/07\/Capture-decran-2023-07-08-a-18.40.32-18x10.png 18w, https:\/\/www.campusinternationaldonbosco.org\/wp-content\/uploads\/2023\/07\/Capture-decran-2023-07-08-a-18.40.32.png 1612w\" sizes=\"(max-width: 1024px) 100vw, 1024px\" \/><\/figure>\n\n\n\n<p>Dans le cadre de son projet Erasmus + \u201cDon Bosco on the move\u201d, 24 \u00e9l\u00e8ves de 3\u00e8me du Coll\u00e8ge St Viateur-Canaguet d\u2019Onet le Ch\u00e2teau on pu prendre part \u00e0 une mobilit\u00e9 de 6 jours. Ils ont en effet pu vivre un \u00e9change avec les \u00e9l\u00e8ves de l\u2019\u00e9cole Kotska Jesuites Gracia de Barcelone.\u00a0\u00a0Apr\u00e8s avoir \u00e9chang\u00e9 par mail, t\u00e9l\u00e9phone ou sur les r\u00e9seaux sociaux, ils se sont rendus dans la capitale catalane pour d\u00e9couvrir la culture espagnole. Ils ont visit\u00e9 ensemble les monuments et sites qui font la richesse culturelle de la ville mais aussi et surtout ils ont pu d\u00e9couvrir le syst\u00e8me scolaire espagnol, exp\u00e9rimenter une p\u00e9dagogie innovante bas\u00e9e sur les projets et les travaux de groupe. Ils ont bien \u00e9videmment utilis\u00e9 la langue espagnole pour communiquer avec les correspondants et les familles. Ils ont donc v\u00e9cu au rythme espagnol, ont pu go\u00fbter aux sp\u00e9cialit\u00e9s et m\u00eame apprendre des danses traditionnelles tous ensemble. Les liens cr\u00e9\u00e9s \u00e0 travers les diff\u00e9rents moments de cette mobilit\u00e9, \u00e0 l\u2019\u00e9cole, en famille ou entre jeunes seront renforc\u00e9s avec la venue des correspondants en Aveyron en avril o\u00f9 les deux langues le fran\u00e7ais et l\u2019espagnol se m\u00e9langeront pour pouvoir continuer \u00e0 partager cette belle exp\u00e9rience.<\/p>\n\n\n\n<p>&nbsp;&nbsp;<strong>A St Viateur-Canaguet on parle anglais avec les espagnols !<\/strong><\/p>\n\n\n\n<figure class=\"wp-block-image size-large\"><img decoding=\"async\" width=\"1024\" height=\"949\" src=\"https:\/\/www.campusinternationaldonbosco.org\/wp-content\/uploads\/2023\/07\/Capture-decran-2023-07-08-a-18.40.03-1024x949.png\" alt=\"\" class=\"wp-image-1543\" srcset=\"https:\/\/www.campusinternationaldonbosco.org\/wp-content\/uploads\/2023\/07\/Capture-decran-2023-07-08-a-18.40.03-1024x949.png 1024w, https:\/\/www.campusinternationaldonbosco.org\/wp-content\/uploads\/2023\/07\/Capture-decran-2023-07-08-a-18.40.03-300x278.png 300w, https:\/\/www.campusinternationaldonbosco.org\/wp-content\/uploads\/2023\/07\/Capture-decran-2023-07-08-a-18.40.03-768x711.png 768w, https:\/\/www.campusinternationaldonbosco.org\/wp-content\/uploads\/2023\/07\/Capture-decran-2023-07-08-a-18.40.03-1536x1423.png 1536w, https:\/\/www.campusinternationaldonbosco.org\/wp-content\/uploads\/2023\/07\/Capture-decran-2023-07-08-a-18.40.03-13x12.png 13w, https:\/\/www.campusinternationaldonbosco.org\/wp-content\/uploads\/2023\/07\/Capture-decran-2023-07-08-a-18.40.03.png 1628w\" sizes=\"(max-width: 1024px) 100vw, 1024px\" \/><\/figure>\n\n\n\n<figure class=\"wp-block-image size-large\"><img decoding=\"async\" width=\"1024\" height=\"733\" src=\"https:\/\/www.campusinternationaldonbosco.org\/wp-content\/uploads\/2023\/07\/Capture-decran-2023-07-08-a-18.40.14-1024x733.png\" alt=\"\" class=\"wp-image-1542\" srcset=\"https:\/\/www.campusinternationaldonbosco.org\/wp-content\/uploads\/2023\/07\/Capture-decran-2023-07-08-a-18.40.14-1024x733.png 1024w, https:\/\/www.campusinternationaldonbosco.org\/wp-content\/uploads\/2023\/07\/Capture-decran-2023-07-08-a-18.40.14-300x215.png 300w, https:\/\/www.campusinternationaldonbosco.org\/wp-content\/uploads\/2023\/07\/Capture-decran-2023-07-08-a-18.40.14-768x550.png 768w, https:\/\/www.campusinternationaldonbosco.org\/wp-content\/uploads\/2023\/07\/Capture-decran-2023-07-08-a-18.40.14-18x12.png 18w, https:\/\/www.campusinternationaldonbosco.org\/wp-content\/uploads\/2023\/07\/Capture-decran-2023-07-08-a-18.40.14.png 1344w\" sizes=\"(max-width: 1024px) 100vw, 1024px\" \/><\/figure>\n\n\n\n<p>Apr\u00e8s les avoir re\u00e7u une petite semaine au mois d\u2019avril au Coll\u00e8ge St Viateur Canaguet, 14 \u00e9l\u00e8ves de 5\u00e8mes sont enfin partis chez leur correspondant \u00e0 Barcelone pour partager avec eux une semaine riche en activit\u00e9s partag\u00e9es \u00e0 la d\u00e9couverte de l\u2019Ecole Kotska Jesuites Gracia. Dans le cadre du Projet Erasmus + \u201cDOn Bosco on the move\u201d, le projet mis en place a permis \u00e0 nos \u00e9l\u00e8ves de travailler sur une double th\u00e9matique: \u201cRendre visibles les invisibles\u201d avec des t\u00e9moignages divers tels qu\u2019une religieuse qui aide avec une simplicit\u00e9 incroyable les personnes dans la rue, la visite d\u2019une maison de quartier qui propose des animations pour tous les habitants. L\u2019autre volet \u00e9tait de pouvoir t\u00e9moigner sur ce qui se fait dans les deux \u00e9coles en mati\u00e8re de protection de l\u2019environnement. Ils ont bien entendu particip\u00e9 en bin\u00f4mes franco-espagnols aux cours, mais aussi et surtout v\u00e9cu chez leur correspondant, partag\u00e9 la vie de la famille, v\u00e9cu \u00e0 un rythme diff\u00e9rent en m\u00e9langeant l\u2019anglais, l&rsquo;espagnol et le fran\u00e7ais. Cette semaine a \u00e9t\u00e9 d\u2019une richesse inou\u00efe pour tous ces jeunes, une belle aventure humaine. Le bilan est tr\u00e8s positif, les jeunes ont ressenti des progr\u00e8s en langue, ils osent plus s\u2019investir et ont vivement conseill\u00e9 aux 6\u00e8mes de prendre part \u00e0 ce projet l\u2019an prochain !<\/p>\n\n\n\n<figure class=\"wp-block-image size-large\"><img loading=\"lazy\" decoding=\"async\" width=\"1024\" height=\"573\" src=\"https:\/\/www.campusinternationaldonbosco.org\/wp-content\/uploads\/2023\/07\/Capture-decran-2023-07-08-a-18.40.23-1024x573.png\" alt=\"\" class=\"wp-image-1541\" srcset=\"https:\/\/www.campusinternationaldonbosco.org\/wp-content\/uploads\/2023\/07\/Capture-decran-2023-07-08-a-18.40.23-1024x573.png 1024w, https:\/\/www.campusinternationaldonbosco.org\/wp-content\/uploads\/2023\/07\/Capture-decran-2023-07-08-a-18.40.23-300x168.png 300w, https:\/\/www.campusinternationaldonbosco.org\/wp-content\/uploads\/2023\/07\/Capture-decran-2023-07-08-a-18.40.23-768x430.png 768w, https:\/\/www.campusinternationaldonbosco.org\/wp-content\/uploads\/2023\/07\/Capture-decran-2023-07-08-a-18.40.23-1536x860.png 1536w, https:\/\/www.campusinternationaldonbosco.org\/wp-content\/uploads\/2023\/07\/Capture-decran-2023-07-08-a-18.40.23-18x10.png 18w, https:\/\/www.campusinternationaldonbosco.org\/wp-content\/uploads\/2023\/07\/Capture-decran-2023-07-08-a-18.40.23.png 1586w\" sizes=\"(max-width: 1024px) 100vw, 1024px\" \/><\/figure>\n\n\n\n<figure class=\"wp-block-image aligncenter size-full\"><img loading=\"lazy\" decoding=\"async\" width=\"500\" height=\"143\" src=\"https:\/\/www.campusinternationaldonbosco.org\/wp-content\/uploads\/2024\/05\/eu_flag_co_funded.jpg\" alt=\"\" class=\"wp-image-2085\" srcset=\"https:\/\/www.campusinternationaldonbosco.org\/wp-content\/uploads\/2024\/05\/eu_flag_co_funded.jpg 500w, https:\/\/www.campusinternationaldonbosco.org\/wp-content\/uploads\/2024\/05\/eu_flag_co_funded-300x86.jpg 300w, https:\/\/www.campusinternationaldonbosco.org\/wp-content\/uploads\/2024\/05\/eu_flag_co_funded-18x5.jpg 18w\" sizes=\"(max-width: 500px) 100vw, 500px\" \/><\/figure>","protected":false},"excerpt":{"rendered":"<p>Dans le cadre de son projet Erasmus + \u201cDon Bosco on the move\u201d, 24 \u00e9l\u00e8ves de 3\u00e8me du Coll\u00e8ge St Viateur-Canaguet d\u2019Onet le Ch\u00e2teau on pu prendre part \u00e0 une mobilit\u00e9 de 6 jours. Ils ont en effet pu vivre un \u00e9change avec les \u00e9l\u00e8ves de l\u2019\u00e9cole Kotska Jesuites Gracia de Barcelone.\u00a0\u00a0Apr\u00e8s avoir \u00e9chang\u00e9 par [&hellip;]<\/p>\n","protected":false},"author":4,"featured_media":1541,"comment_status":"closed","ping_status":"closed","sticky":false,"template":"","format":"standard","meta":{"footnotes":"","_links_to":"","_links_to_target":""},"categories":[24,34],"tags":[],"class_list":["post-1537","post","type-post","status-publish","format-standard","has-post-thumbnail","hentry","category-college-saint-viateur-onet-le-chateau","category-actualites-du-consortium-salesien"],"_links":{"self":[{"href":"https:\/\/www.campusinternationaldonbosco.org\/en\/wp-json\/wp\/v2\/posts\/1537","targetHints":{"allow":["GET"]}}],"collection":[{"href":"https:\/\/www.campusinternationaldonbosco.org\/en\/wp-json\/wp\/v2\/posts"}],"about":[{"href":"https:\/\/www.campusinternationaldonbosco.org\/en\/wp-json\/wp\/v2\/types\/post"}],"author":[{"embeddable":true,"href":"https:\/\/www.campusinternationaldonbosco.org\/en\/wp-json\/wp\/v2\/users\/4"}],"replies":[{"embeddable":true,"href":"https:\/\/www.campusinternationaldonbosco.org\/en\/wp-json\/wp\/v2\/comments?post=1537"}],"version-history":[{"count":7,"href":"https:\/\/www.campusinternationaldonbosco.org\/en\/wp-json\/wp\/v2\/posts\/1537\/revisions"}],"predecessor-version":[{"id":2150,"href":"https:\/\/www.campusinternationaldonbosco.org\/en\/wp-json\/wp\/v2\/posts\/1537\/revisions\/2150"}],"wp:featuredmedia":[{"embeddable":true,"href":"https:\/\/www.campusinternationaldonbosco.org\/en\/wp-json\/wp\/v2\/media\/1541"}],"wp:attachment":[{"href":"https:\/\/www.campusinternationaldonbosco.org\/en\/wp-json\/wp\/v2\/media?parent=1537"}],"wp:term":[{"taxonomy":"category","embeddable":true,"href":"https:\/\/www.campusinternationaldonbosco.org\/en\/wp-json\/wp\/v2\/categories?post=1537"},{"taxonomy":"post_tag","embeddable":true,"href":"https:\/\/www.campusinternationaldonbosco.org\/en\/wp-json\/wp\/v2\/tags?post=1537"}],"curies":[{"name":"wp","href":"https:\/\/api.w.org\/{rel}","templated":true}]}}