{"id":1507,"date":"2023-05-22T10:58:52","date_gmt":"2023-05-22T08:58:52","guid":{"rendered":"https:\/\/www.campusinternationaldonbosco.org\/?p=1507"},"modified":"2024-05-20T21:54:01","modified_gmt":"2024-05-20T19:54:01","slug":"echange-entre-le-college-saint-louis-saint-bruno-a-lyon-et-le-college-salesien-de-valencia","status":"publish","type":"post","link":"https:\/\/www.campusinternationaldonbosco.org\/en\/2023\/05\/22\/echange-entre-le-college-saint-louis-saint-bruno-a-lyon-et-le-college-salesien-de-valencia\/","title":{"rendered":"Echange entre le coll\u00e8ge Saint Louis Saint Bruno \u00e0 Lyon et le coll\u00e8ge sal\u00e9sien de Valencia"},"content":{"rendered":"<figure class=\"wp-block-image size-full\"><img fetchpriority=\"high\" decoding=\"async\" width=\"469\" height=\"833\" src=\"https:\/\/www.campusinternationaldonbosco.org\/wp-content\/uploads\/2023\/07\/image.png\" alt=\"\" class=\"wp-image-1508\" srcset=\"https:\/\/www.campusinternationaldonbosco.org\/wp-content\/uploads\/2023\/07\/image.png 469w, https:\/\/www.campusinternationaldonbosco.org\/wp-content\/uploads\/2023\/07\/image-169x300.png 169w, https:\/\/www.campusinternationaldonbosco.org\/wp-content\/uploads\/2023\/07\/image-7x12.png 7w\" sizes=\"(max-width: 469px) 100vw, 469px\" \/><\/figure>\n\n\n\n<p>Dans le cadre de l\u2019\u00e9change Erasmus avec l\u2019Espagne, et \u00e0 la suite du s\u00e9jour de leurs correspondants espagnols fin f\u00e9vrier, une vingtaine de nos \u00e9l\u00e8ves de quatri\u00e8me sont partis \u00e0 Valence du 8 au 12 mai.<\/p>\n\n\n\n<p>Apr\u00e8s un vol sans encombre et une arriv\u00e9e dans les familles le 8 mai au soir, les activit\u00e9s avec les \u00e9l\u00e8ves espagnols ont \u00e9t\u00e9 nombreuses tout au long de ce s\u00e9jour dont les objectifs partag\u00e9s avec notre partenaire \u00e9taient \u00e0 la fois linguistique et culturel.<\/p>\n\n\n\n<p>Dans le cadre d&rsquo;activit\u00e9s interactives avec les correspondants espagnols, les \u00e9l\u00e8ves ont pu explorer le Mus\u00e9e des Beaux-Arts, le centre historique de Valence, la Cit\u00e9 des Arts et des Sciences.<\/p>\n\n\n\n<p>Ils ont \u00e9galement particip\u00e9 en bin\u00f4mes au sein du coll\u00e8ge \u00e0 plusieurs cours en espagnol, dans la classe de leur correspondant, et ont profit\u00e9 d\u2019un petit d\u00e9jeuner convivial le dernier jour pour clore de fa\u00e7on festive le s\u00e9jour.<\/p>\n\n\n\n<p>Nos \u00e9l\u00e8ves sont rentr\u00e9s avec de beaux souvenirs et ont \u00e9t\u00e9 ravis de retrouver leurs correspondants qui, \u00e0 leur tour, leur ont fait d\u00e9couvrir leur tr\u00e8s belle ville.<\/p>\n\n\n\n<p>Un grand merci \u00e0 Mme Chudzikiewicz pour l\u2019ensemble de l\u2019organisation de cet \u00e9change, et \u00e0 Mme Roche pour son accompagnement.<\/p>\n\n\n\n<figure class=\"wp-block-image size-full is-resized\"><img decoding=\"async\" width=\"467\" height=\"830\" src=\"https:\/\/www.campusinternationaldonbosco.org\/wp-content\/uploads\/2023\/07\/image-1.png\" alt=\"\" class=\"wp-image-1509\" style=\"width:451px;height:802px\" srcset=\"https:\/\/www.campusinternationaldonbosco.org\/wp-content\/uploads\/2023\/07\/image-1.png 467w, https:\/\/www.campusinternationaldonbosco.org\/wp-content\/uploads\/2023\/07\/image-1-169x300.png 169w, https:\/\/www.campusinternationaldonbosco.org\/wp-content\/uploads\/2023\/07\/image-1-7x12.png 7w\" sizes=\"(max-width: 467px) 100vw, 467px\" \/><\/figure>","protected":false},"excerpt":{"rendered":"<p>Dans le cadre de l\u2019\u00e9change Erasmus avec l\u2019Espagne, et \u00e0 la suite du s\u00e9jour de leurs correspondants espagnols fin f\u00e9vrier, une vingtaine de nos \u00e9l\u00e8ves de quatri\u00e8me sont partis \u00e0 Valence du 8 au 12 mai. Apr\u00e8s un vol sans encombre et une arriv\u00e9e dans les familles le 8 mai au soir, les activit\u00e9s avec [&hellip;]<\/p>\n","protected":false},"author":21,"featured_media":1509,"comment_status":"closed","ping_status":"closed","sticky":false,"template":"","format":"standard","meta":{"footnotes":"","_links_to":"","_links_to_target":""},"categories":[19,34],"tags":[],"class_list":["post-1507","post","type-post","status-publish","format-standard","has-post-thumbnail","hentry","category-college-saint-louis-saint-bruno-lyon","category-actualites-du-consortium-salesien"],"_links":{"self":[{"href":"https:\/\/www.campusinternationaldonbosco.org\/en\/wp-json\/wp\/v2\/posts\/1507","targetHints":{"allow":["GET"]}}],"collection":[{"href":"https:\/\/www.campusinternationaldonbosco.org\/en\/wp-json\/wp\/v2\/posts"}],"about":[{"href":"https:\/\/www.campusinternationaldonbosco.org\/en\/wp-json\/wp\/v2\/types\/post"}],"author":[{"embeddable":true,"href":"https:\/\/www.campusinternationaldonbosco.org\/en\/wp-json\/wp\/v2\/users\/21"}],"replies":[{"embeddable":true,"href":"https:\/\/www.campusinternationaldonbosco.org\/en\/wp-json\/wp\/v2\/comments?post=1507"}],"version-history":[{"count":5,"href":"https:\/\/www.campusinternationaldonbosco.org\/en\/wp-json\/wp\/v2\/posts\/1507\/revisions"}],"predecessor-version":[{"id":2164,"href":"https:\/\/www.campusinternationaldonbosco.org\/en\/wp-json\/wp\/v2\/posts\/1507\/revisions\/2164"}],"wp:featuredmedia":[{"embeddable":true,"href":"https:\/\/www.campusinternationaldonbosco.org\/en\/wp-json\/wp\/v2\/media\/1509"}],"wp:attachment":[{"href":"https:\/\/www.campusinternationaldonbosco.org\/en\/wp-json\/wp\/v2\/media?parent=1507"}],"wp:term":[{"taxonomy":"category","embeddable":true,"href":"https:\/\/www.campusinternationaldonbosco.org\/en\/wp-json\/wp\/v2\/categories?post=1507"},{"taxonomy":"post_tag","embeddable":true,"href":"https:\/\/www.campusinternationaldonbosco.org\/en\/wp-json\/wp\/v2\/tags?post=1507"}],"curies":[{"name":"wp","href":"https:\/\/api.w.org\/{rel}","templated":true}]}}