{"id":1432,"date":"2023-06-01T10:41:04","date_gmt":"2023-06-01T08:41:04","guid":{"rendered":"https:\/\/www.campusinternationaldonbosco.org\/?p=1432"},"modified":"2024-10-25T22:06:19","modified_gmt":"2024-10-25T20:06:19","slug":"les-nc","status":"publish","type":"post","link":"https:\/\/www.campusinternationaldonbosco.org\/en\/2023\/06\/01\/les-nc\/","title":{"rendered":"Don Bosco Nice \u00e0 Vigo!"},"content":{"rendered":"<h2>Nice \u2708\ufe0f Vigo<\/h2>\n<p><img fetchpriority=\"high\" decoding=\"async\" src=\"https:\/\/www.campusinternationaldonbosco.org\/wp-content\/uploads\/2023\/06\/Photo-3-2.jpeg\" alt=\"\" width=\"800\" height=\"600\" \/><\/p>\n<p style=\"font-weight: 400;\">\ud83c\uddea\ud83c\uddf8\u00a0 Vingt-sept \u00e9l\u00e8ves de 3\u00e8, g\u00e9n\u00e9rale et professionnelle, ont v\u00e9cu un bel \u00e9change avec leurs correspondant-es de Vigo, en Espagne. En effet, apr\u00e8s la rencontre et la semaine chez nous \u00e0 <a href=\"http:\/\/donbosconice.eu\">Don Bosco Nice<\/a> en mars, notre groupe a pu d\u00e9couvrir le style de vie \u00e0 l\u2019espagnole du 22 au 27 mai dernier, gr\u00e2ce \u00e0 l\u2019accueil chaleureux du coll\u00e8ge sal\u00e9sien <a href=\"https:\/\/salesianosvigo.es\">Mar\u00eda Auxiliadora<\/a>, et de ses familles!<\/p>\n<p><img decoding=\"async\" src=\"https:\/\/www.campusinternationaldonbosco.org\/wp-content\/uploads\/2023\/06\/Photo-5-300x225.jpeg\" alt=\"\" width=\"300\" height=\"225\" \/>Au-del\u00e0 d&rsquo;un \u00e9change linguistique riche nous avons pu d\u00e9couvrir la culture de la ville \u00e0 travers diff\u00e9rentes visites et animations organis\u00e9es par nos familles d&rsquo;accueil et avec nos correspondants de l\u2019\u00e9cole, notamment la colline d&rsquo;<em>O Castro<\/em>, ou encore <em>Cangas<\/em> (plage de <em>Rodeira<\/em>). Ces aventures ont notamment \u00e9t\u00e9 suivies par nos familles de Nice via <a href=\"https:\/\/www.instagram.com\/db.erasmus\/\">Instagram<\/a>!<\/p>\n<p>Nos jeunes et nos \u00e9quipes ont pu nouer de v\u00e9ritables liens, en particulier lors d\u2019une journ\u00e9e sportive au stade <em>As Travesas<\/em>, mais aussi et surtout lors de la f\u00eate de <em>Mar\u00eda Auxiliadora<\/em> au coll\u00e8ge m\u00eame, qui nous a permis de d\u00e9couvrir une autre forme de la <strong>Saint Jean Bosco<\/strong> que nous c\u00e9l\u00e9brons chaque ann\u00e9e chez nous!<\/p>\n<p><img decoding=\"async\" src=\"https:\/\/www.campusinternationaldonbosco.org\/wp-content\/uploads\/2023\/06\/Photo-4-1024x576.jpeg\" alt=\"\" width=\"800\" height=\"450\" \/><br \/><img loading=\"lazy\" decoding=\"async\" src=\"https:\/\/www.campusinternationaldonbosco.org\/wp-content\/uploads\/2023\/06\/Photo.jpeg\" alt=\"\" width=\"800\" height=\"600\" \/><\/p>\n<p>Ces moments d&rsquo;\u00e9changes et d&rsquo;activit\u00e9s partag\u00e9es resteront inoubliables, et de belles amiti\u00e9s sont n\u00e9es, \u00e0 la fois entre les jeunes mais aussi entre nos deux \u00e9coles, pour des projets \u00e0 venir!<\/p>\n<p>Nous remercions \u00e0 nouveau toute l\u2019\u00e9quipe de Mar\u00eda Auxiliadora pour cette collaboration fructueuse, et les familles qui ont v\u00e9cu et facilit\u00e9 ce bel \u00e9change.<\/p>\n<p><strong>\u00a1 Hasta luego !<\/strong>\u00a0\ud83c\uddea\ud83c\uddf8<\/p>\n\n\n<figure class=\"wp-block-image size-full\"><img loading=\"lazy\" decoding=\"async\" width=\"500\" height=\"143\" src=\"https:\/\/www.campusinternationaldonbosco.org\/wp-content\/uploads\/2024\/05\/eu_flag_co_funded.jpg\" alt=\"\" class=\"wp-image-2085\" srcset=\"https:\/\/www.campusinternationaldonbosco.org\/wp-content\/uploads\/2024\/05\/eu_flag_co_funded.jpg 500w, https:\/\/www.campusinternationaldonbosco.org\/wp-content\/uploads\/2024\/05\/eu_flag_co_funded-300x86.jpg 300w, https:\/\/www.campusinternationaldonbosco.org\/wp-content\/uploads\/2024\/05\/eu_flag_co_funded-18x5.jpg 18w\" sizes=\"(max-width: 500px) 100vw, 500px\" \/><\/figure>","protected":false},"excerpt":{"rendered":"<p>Nice \u2708\ufe0f Vigo \ud83c\uddea\ud83c\uddf8\u00a0 Vingt-sept \u00e9l\u00e8ves de 3\u00e8, g\u00e9n\u00e9rale et professionnelle, ont v\u00e9cu un bel \u00e9change avec leurs correspondant-es de Vigo, en Espagne. En effet, apr\u00e8s la rencontre et la semaine chez nous \u00e0 Don Bosco Nice en mars, notre groupe a pu d\u00e9couvrir le style de vie \u00e0 l\u2019espagnole du 22 au 27 mai [&hellip;]<\/p>\n","protected":false},"author":50,"featured_media":1434,"comment_status":"closed","ping_status":"closed","sticky":false,"template":"","format":"standard","meta":{"footnotes":"","_links_to":"","_links_to_target":""},"categories":[23,34],"tags":[],"class_list":["post-1432","post","type-post","status-publish","format-standard","has-post-thumbnail","hentry","category-ensemble-scolaire-don-bosco-nice","category-actualites-du-consortium-salesien"],"_links":{"self":[{"href":"https:\/\/www.campusinternationaldonbosco.org\/en\/wp-json\/wp\/v2\/posts\/1432","targetHints":{"allow":["GET"]}}],"collection":[{"href":"https:\/\/www.campusinternationaldonbosco.org\/en\/wp-json\/wp\/v2\/posts"}],"about":[{"href":"https:\/\/www.campusinternationaldonbosco.org\/en\/wp-json\/wp\/v2\/types\/post"}],"author":[{"embeddable":true,"href":"https:\/\/www.campusinternationaldonbosco.org\/en\/wp-json\/wp\/v2\/users\/50"}],"replies":[{"embeddable":true,"href":"https:\/\/www.campusinternationaldonbosco.org\/en\/wp-json\/wp\/v2\/comments?post=1432"}],"version-history":[{"count":23,"href":"https:\/\/www.campusinternationaldonbosco.org\/en\/wp-json\/wp\/v2\/posts\/1432\/revisions"}],"predecessor-version":[{"id":2205,"href":"https:\/\/www.campusinternationaldonbosco.org\/en\/wp-json\/wp\/v2\/posts\/1432\/revisions\/2205"}],"wp:featuredmedia":[{"embeddable":true,"href":"https:\/\/www.campusinternationaldonbosco.org\/en\/wp-json\/wp\/v2\/media\/1434"}],"wp:attachment":[{"href":"https:\/\/www.campusinternationaldonbosco.org\/en\/wp-json\/wp\/v2\/media?parent=1432"}],"wp:term":[{"taxonomy":"category","embeddable":true,"href":"https:\/\/www.campusinternationaldonbosco.org\/en\/wp-json\/wp\/v2\/categories?post=1432"},{"taxonomy":"post_tag","embeddable":true,"href":"https:\/\/www.campusinternationaldonbosco.org\/en\/wp-json\/wp\/v2\/tags?post=1432"}],"curies":[{"name":"wp","href":"https:\/\/api.w.org\/{rel}","templated":true}]}}