{"id":1293,"date":"2023-06-21T12:03:12","date_gmt":"2023-06-21T10:03:12","guid":{"rendered":"https:\/\/www.campusinternationaldonbosco.org\/?p=1293"},"modified":"2024-10-25T22:04:30","modified_gmt":"2024-10-25T20:04:30","slug":"voyage-linguistique-a-valencia","status":"publish","type":"post","link":"https:\/\/www.campusinternationaldonbosco.org\/en\/2023\/06\/21\/voyage-linguistique-a-valencia\/","title":{"rendered":"Echanges linguistiques \u00e0 Valencia pour les coll\u00e9giens des Minimes"},"content":{"rendered":"<figure class=\"wp-block-image size-large\"><img fetchpriority=\"high\" decoding=\"async\" width=\"1024\" height=\"768\" src=\"https:\/\/www.campusinternationaldonbosco.org\/wp-content\/uploads\/2023\/06\/2023-Valencia-collegiens-4-1024x768.jpg\" alt=\"\" class=\"wp-image-1296\" srcset=\"https:\/\/www.campusinternationaldonbosco.org\/wp-content\/uploads\/2023\/06\/2023-Valencia-collegiens-4-1024x768.jpg 1024w, https:\/\/www.campusinternationaldonbosco.org\/wp-content\/uploads\/2023\/06\/2023-Valencia-collegiens-4-300x225.jpg 300w, https:\/\/www.campusinternationaldonbosco.org\/wp-content\/uploads\/2023\/06\/2023-Valencia-collegiens-4-768x576.jpg 768w, https:\/\/www.campusinternationaldonbosco.org\/wp-content\/uploads\/2023\/06\/2023-Valencia-collegiens-4-1536x1152.jpg 1536w, https:\/\/www.campusinternationaldonbosco.org\/wp-content\/uploads\/2023\/06\/2023-Valencia-collegiens-4-2048x1536.jpg 2048w, https:\/\/www.campusinternationaldonbosco.org\/wp-content\/uploads\/2023\/06\/2023-Valencia-collegiens-4-16x12.jpg 16w\" sizes=\"(max-width: 1024px) 100vw, 1024px\" \/><\/figure>\n\n\n\n<p>Cette ann\u00e9e marque le quatorzi\u00e8me \u00e9change entre Les Minimes et le<strong> <\/strong><em><strong>Colegio Salesiano San Juan Bosco de Valencia<\/strong><\/em>. Une exp\u00e9rience en immersion pour nos coll\u00e9giens qui d\u00e9couvrent une mode de vie diff\u00e9rent et approfondissent leurs connaissances de la langue espagnole.<\/p>\n\n\n\n<p>Durant leur s\u00e9jour, nos jeunes ont pu explorer en bin\u00f4mes avec leurs correspondants espagnols le c\u00e9l\u00e8bre quartier \u00ab\u00a0<em>la ciudad de las artes y de las ciencias<\/em>\u00a0\u00bb et l\u2019aquarium le plus grand d\u2019Europe \u00ab\u00a0<em>l\u2019oceanogr\u00e0fic\u00a0<\/em>\u00bb, ou encore \u00ab\u00a0<em>El Carmen<\/em>\u00a0\u00bb le quartier m\u00e9di\u00e9val de la ville. Ils ont pu s&rsquo;investir aux p\u00f4t\u00e9s de leurs correspondants espagnols \u00e0 des cours au coll\u00e8ge. Par exemple, un jeu de piste en \u00e9quipes mixtes (Espagnols\/Fran\u00e7ais) pour d\u00e9couvrir les monuments du centre historique de Valencia restera m\u00e9morable. Les \u00e9l\u00e8ves garderont le support du jeu avec les informations sur le patrimoine de la ville. Des r\u00e9flexions en petits groupes franco-espagnols sur la protection de l\u2019environnement, th\u00e9matique<br>ont \u00e9t\u00e9 abord\u00e9es par les \u00e9l\u00e8ves des deux \u00e9tablissements.<\/p>\n\n\n\n<figure class=\"wp-block-gallery has-nested-images columns-default is-cropped wp-block-gallery-1 is-layout-flex wp-block-gallery-is-layout-flex\">\n<figure class=\"wp-block-image size-large\"><img decoding=\"async\" width=\"1024\" height=\"768\" data-id=\"1294\" src=\"https:\/\/www.campusinternationaldonbosco.org\/wp-content\/uploads\/2023\/06\/2023-Valencia-collegiens-1-1024x768.jpg\" alt=\"\" class=\"wp-image-1294\" srcset=\"https:\/\/www.campusinternationaldonbosco.org\/wp-content\/uploads\/2023\/06\/2023-Valencia-collegiens-1-1024x768.jpg 1024w, https:\/\/www.campusinternationaldonbosco.org\/wp-content\/uploads\/2023\/06\/2023-Valencia-collegiens-1-300x225.jpg 300w, https:\/\/www.campusinternationaldonbosco.org\/wp-content\/uploads\/2023\/06\/2023-Valencia-collegiens-1-768x576.jpg 768w, https:\/\/www.campusinternationaldonbosco.org\/wp-content\/uploads\/2023\/06\/2023-Valencia-collegiens-1-1536x1152.jpg 1536w, https:\/\/www.campusinternationaldonbosco.org\/wp-content\/uploads\/2023\/06\/2023-Valencia-collegiens-1-2048x1536.jpg 2048w, https:\/\/www.campusinternationaldonbosco.org\/wp-content\/uploads\/2023\/06\/2023-Valencia-collegiens-1-16x12.jpg 16w\" sizes=\"(max-width: 1024px) 100vw, 1024px\" \/><\/figure>\n\n\n\n<figure class=\"wp-block-image size-large\"><img decoding=\"async\" width=\"937\" height=\"1024\" data-id=\"1295\" src=\"https:\/\/www.campusinternationaldonbosco.org\/wp-content\/uploads\/2023\/06\/2023-Valencia-collegiens-2-937x1024.jpg\" alt=\"\" class=\"wp-image-1295\" srcset=\"https:\/\/www.campusinternationaldonbosco.org\/wp-content\/uploads\/2023\/06\/2023-Valencia-collegiens-2-937x1024.jpg 937w, https:\/\/www.campusinternationaldonbosco.org\/wp-content\/uploads\/2023\/06\/2023-Valencia-collegiens-2-275x300.jpg 275w, https:\/\/www.campusinternationaldonbosco.org\/wp-content\/uploads\/2023\/06\/2023-Valencia-collegiens-2-768x839.jpg 768w, https:\/\/www.campusinternationaldonbosco.org\/wp-content\/uploads\/2023\/06\/2023-Valencia-collegiens-2-1406x1536.jpg 1406w, https:\/\/www.campusinternationaldonbosco.org\/wp-content\/uploads\/2023\/06\/2023-Valencia-collegiens-2-1875x2048.jpg 1875w, https:\/\/www.campusinternationaldonbosco.org\/wp-content\/uploads\/2023\/06\/2023-Valencia-collegiens-2-11x12.jpg 11w\" sizes=\"(max-width: 937px) 100vw, 937px\" \/><\/figure>\n\n\n\n<figure class=\"wp-block-image size-large\"><img loading=\"lazy\" decoding=\"async\" width=\"1024\" height=\"768\" data-id=\"1298\" src=\"https:\/\/www.campusinternationaldonbosco.org\/wp-content\/uploads\/2023\/06\/2023-Valencia-collegiens-3-1024x768.jpg\" alt=\"\" class=\"wp-image-1298\" srcset=\"https:\/\/www.campusinternationaldonbosco.org\/wp-content\/uploads\/2023\/06\/2023-Valencia-collegiens-3-1024x768.jpg 1024w, https:\/\/www.campusinternationaldonbosco.org\/wp-content\/uploads\/2023\/06\/2023-Valencia-collegiens-3-300x225.jpg 300w, https:\/\/www.campusinternationaldonbosco.org\/wp-content\/uploads\/2023\/06\/2023-Valencia-collegiens-3-768x576.jpg 768w, https:\/\/www.campusinternationaldonbosco.org\/wp-content\/uploads\/2023\/06\/2023-Valencia-collegiens-3-1536x1152.jpg 1536w, https:\/\/www.campusinternationaldonbosco.org\/wp-content\/uploads\/2023\/06\/2023-Valencia-collegiens-3-2048x1536.jpg 2048w, https:\/\/www.campusinternationaldonbosco.org\/wp-content\/uploads\/2023\/06\/2023-Valencia-collegiens-3-16x12.jpg 16w\" sizes=\"(max-width: 1024px) 100vw, 1024px\" \/><\/figure>\n<\/figure>\n\n\n\n<p>Au programme \u00e9galement la d\u00e9couverte de la f\u00eate des \u00ab\u00a0<em>fallas<\/em>\u00a0\u00bb de Valencia et la visite de la \u00ab\u00a0<em>exposition du Ninot<\/em>\u00a0\u00bb qui donne le top d\u00e9part \u00e0 la f\u00eate. <\/p>\n\n\n\n<p> Chacune des 380 commissions \u00ab\u00a0falleras\u00a0\u00bb s\u00e9lectionne pour cette exposition l&rsquo;une des figurines, \u00ab\u00a0<em>ninot<\/em>\u00ab\u00a0, terme valencien pour poup\u00e9e, de sa <em>falla<\/em> adulte et de sa <em>falla<\/em> infantil, susceptible d\u00b4\u00eatre les deux \u00e9lus qui \u00e9chapperont \u00e0 la \u00ab\u00a0<em>Crema<\/em>\u00a0\u00bb finale, lorsqu\u2019on brule les <em>ninots<\/em>.<\/p>\n\n\n\n<figure class=\"wp-block-gallery has-nested-images columns-default is-cropped wp-block-gallery-2 is-layout-flex wp-block-gallery-is-layout-flex\">\n<figure class=\"wp-block-image size-large\"><img loading=\"lazy\" decoding=\"async\" width=\"768\" height=\"1024\" data-id=\"1299\" src=\"https:\/\/www.campusinternationaldonbosco.org\/wp-content\/uploads\/2023\/06\/2023-Valencia-collegiens-5-768x1024.jpg\" alt=\"\" class=\"wp-image-1299\" srcset=\"https:\/\/www.campusinternationaldonbosco.org\/wp-content\/uploads\/2023\/06\/2023-Valencia-collegiens-5-768x1024.jpg 768w, https:\/\/www.campusinternationaldonbosco.org\/wp-content\/uploads\/2023\/06\/2023-Valencia-collegiens-5-225x300.jpg 225w, https:\/\/www.campusinternationaldonbosco.org\/wp-content\/uploads\/2023\/06\/2023-Valencia-collegiens-5-1152x1536.jpg 1152w, https:\/\/www.campusinternationaldonbosco.org\/wp-content\/uploads\/2023\/06\/2023-Valencia-collegiens-5-1536x2048.jpg 1536w, https:\/\/www.campusinternationaldonbosco.org\/wp-content\/uploads\/2023\/06\/2023-Valencia-collegiens-5-9x12.jpg 9w, https:\/\/www.campusinternationaldonbosco.org\/wp-content\/uploads\/2023\/06\/2023-Valencia-collegiens-5-scaled.jpg 1920w\" sizes=\"(max-width: 768px) 100vw, 768px\" \/><\/figure>\n\n\n\n<figure class=\"wp-block-image size-large\"><img loading=\"lazy\" decoding=\"async\" width=\"1024\" height=\"768\" data-id=\"1300\" src=\"https:\/\/www.campusinternationaldonbosco.org\/wp-content\/uploads\/2023\/06\/2023-Valencia-collegiens-6-1024x768.jpg\" alt=\"\" class=\"wp-image-1300\" srcset=\"https:\/\/www.campusinternationaldonbosco.org\/wp-content\/uploads\/2023\/06\/2023-Valencia-collegiens-6-1024x768.jpg 1024w, https:\/\/www.campusinternationaldonbosco.org\/wp-content\/uploads\/2023\/06\/2023-Valencia-collegiens-6-300x225.jpg 300w, https:\/\/www.campusinternationaldonbosco.org\/wp-content\/uploads\/2023\/06\/2023-Valencia-collegiens-6-768x576.jpg 768w, https:\/\/www.campusinternationaldonbosco.org\/wp-content\/uploads\/2023\/06\/2023-Valencia-collegiens-6-1536x1152.jpg 1536w, https:\/\/www.campusinternationaldonbosco.org\/wp-content\/uploads\/2023\/06\/2023-Valencia-collegiens-6-2048x1536.jpg 2048w, https:\/\/www.campusinternationaldonbosco.org\/wp-content\/uploads\/2023\/06\/2023-Valencia-collegiens-6-16x12.jpg 16w\" sizes=\"(max-width: 1024px) 100vw, 1024px\" \/><\/figure>\n<\/figure>\n\n\n\n<p>Les \u00e9l\u00e8ves fran\u00e7ais et espagnols ont eu l\u2019opportunit\u00e9 de voter pour leurs figurines favorites qui seront sauv\u00e9es des flammes de la \u00ab\u00a0crem\u00e1\u00a0\u00bb, et iront rejoindre celles des ann\u00e9es pr\u00e9c\u00e9dentes, expos\u00e9es depuis 1934 au Mus\u00e9e Fallero de Valencia.<\/p>\n\n\n\n<p>Grace au programme Erasmus + financ\u00e9 par l&rsquo;Union Europ\u00e9enne, davantage de coll\u00e9giens peuvent participer et avoir une exp\u00e9rience \u00e0 l&rsquo;international d\u00e8s le plus jeune \u00e2ge avec des d\u00e9penses moindres et de d\u00e9marches administratives plus simples. Nos jeunes acqui\u00e8rent plus d&rsquo;autonomie et une ouverture d&rsquo;esprit. Gracias Erasmus+ !&nbsp;&nbsp;<\/p>\n\n\n\n<figure class=\"wp-block-image size-full\"><img loading=\"lazy\" decoding=\"async\" width=\"500\" height=\"143\" src=\"https:\/\/www.campusinternationaldonbosco.org\/wp-content\/uploads\/2024\/05\/eu_flag_co_funded.jpg\" alt=\"\" class=\"wp-image-2085\" srcset=\"https:\/\/www.campusinternationaldonbosco.org\/wp-content\/uploads\/2024\/05\/eu_flag_co_funded.jpg 500w, https:\/\/www.campusinternationaldonbosco.org\/wp-content\/uploads\/2024\/05\/eu_flag_co_funded-300x86.jpg 300w, https:\/\/www.campusinternationaldonbosco.org\/wp-content\/uploads\/2024\/05\/eu_flag_co_funded-18x5.jpg 18w\" sizes=\"(max-width: 500px) 100vw, 500px\" \/><\/figure>","protected":false},"excerpt":{"rendered":"<p>Cette ann\u00e9e marque le quatorzi\u00e8me \u00e9change entre Les Minimes et le Colegio Salesiano San Juan Bosco de Valencia. Une exp\u00e9rience en immersion pour nos coll\u00e9giens qui d\u00e9couvrent une mode de vie diff\u00e9rent et approfondissent leurs connaissances de la langue espagnole. Durant leur s\u00e9jour, nos jeunes ont pu explorer en bin\u00f4mes avec leurs correspondants espagnols le [&hellip;]<\/p>\n","protected":false},"author":20,"featured_media":1299,"comment_status":"closed","ping_status":"closed","sticky":false,"template":"","format":"standard","meta":{"footnotes":"","_links_to":"","_links_to_target":""},"categories":[18,34],"tags":[],"class_list":["post-1293","post","type-post","status-publish","format-standard","has-post-thumbnail","hentry","category-lycee-notre-dame-des-minimes-lyon","category-actualites-du-consortium-salesien"],"_links":{"self":[{"href":"https:\/\/www.campusinternationaldonbosco.org\/en\/wp-json\/wp\/v2\/posts\/1293","targetHints":{"allow":["GET"]}}],"collection":[{"href":"https:\/\/www.campusinternationaldonbosco.org\/en\/wp-json\/wp\/v2\/posts"}],"about":[{"href":"https:\/\/www.campusinternationaldonbosco.org\/en\/wp-json\/wp\/v2\/types\/post"}],"author":[{"embeddable":true,"href":"https:\/\/www.campusinternationaldonbosco.org\/en\/wp-json\/wp\/v2\/users\/20"}],"replies":[{"embeddable":true,"href":"https:\/\/www.campusinternationaldonbosco.org\/en\/wp-json\/wp\/v2\/comments?post=1293"}],"version-history":[{"count":6,"href":"https:\/\/www.campusinternationaldonbosco.org\/en\/wp-json\/wp\/v2\/posts\/1293\/revisions"}],"predecessor-version":[{"id":2166,"href":"https:\/\/www.campusinternationaldonbosco.org\/en\/wp-json\/wp\/v2\/posts\/1293\/revisions\/2166"}],"wp:featuredmedia":[{"embeddable":true,"href":"https:\/\/www.campusinternationaldonbosco.org\/en\/wp-json\/wp\/v2\/media\/1299"}],"wp:attachment":[{"href":"https:\/\/www.campusinternationaldonbosco.org\/en\/wp-json\/wp\/v2\/media?parent=1293"}],"wp:term":[{"taxonomy":"category","embeddable":true,"href":"https:\/\/www.campusinternationaldonbosco.org\/en\/wp-json\/wp\/v2\/categories?post=1293"},{"taxonomy":"post_tag","embeddable":true,"href":"https:\/\/www.campusinternationaldonbosco.org\/en\/wp-json\/wp\/v2\/tags?post=1293"}],"curies":[{"name":"wp","href":"https:\/\/api.w.org\/{rel}","templated":true}]}}