{"id":1216,"date":"2023-05-14T20:08:00","date_gmt":"2023-05-14T18:08:00","guid":{"rendered":"https:\/\/www.campusinternationaldonbosco.org\/?p=1216"},"modified":"2023-05-15T09:52:02","modified_gmt":"2023-05-15T07:52:02","slug":"le-mooc-du-projet-erasmus-e4fma-est-cree","status":"publish","type":"post","link":"https:\/\/www.campusinternationaldonbosco.org\/en\/2023\/05\/14\/le-mooc-du-projet-erasmus-e4fma-est-cree\/","title":{"rendered":"Le MOOC du Projet Erasmus + e4FMA est cr\u00e9\u00e9 !"},"content":{"rendered":"<figure class=\"wp-block-image size-large\"><img fetchpriority=\"high\" decoding=\"async\" width=\"1024\" height=\"533\" src=\"https:\/\/www.campusinternationaldonbosco.org\/wp-content\/uploads\/2023\/05\/Capture-decran-2023-05-14-a-19.56.03-1024x533.png\" alt=\"\" class=\"wp-image-1219\" srcset=\"https:\/\/www.campusinternationaldonbosco.org\/wp-content\/uploads\/2023\/05\/Capture-decran-2023-05-14-a-19.56.03-1024x533.png 1024w, https:\/\/www.campusinternationaldonbosco.org\/wp-content\/uploads\/2023\/05\/Capture-decran-2023-05-14-a-19.56.03-300x156.png 300w, https:\/\/www.campusinternationaldonbosco.org\/wp-content\/uploads\/2023\/05\/Capture-decran-2023-05-14-a-19.56.03-768x400.png 768w, https:\/\/www.campusinternationaldonbosco.org\/wp-content\/uploads\/2023\/05\/Capture-decran-2023-05-14-a-19.56.03-1536x799.png 1536w, https:\/\/www.campusinternationaldonbosco.org\/wp-content\/uploads\/2023\/05\/Capture-decran-2023-05-14-a-19.56.03-2048x1066.png 2048w, https:\/\/www.campusinternationaldonbosco.org\/wp-content\/uploads\/2023\/05\/Capture-decran-2023-05-14-a-19.56.03-18x9.png 18w\" sizes=\"(max-width: 1024px) 100vw, 1024px\" \/><\/figure>\n\n\n\n<p>Le vendredi 12 mai, pas moins d&rsquo;une cinquantaine de personnes se sont r\u00e9unies de fa\u00e7on simultan\u00e9e sur quatre sites, tous reli\u00e9s en Visio, pour que soit pr\u00e9sent\u00e9e en direct la <a href=\"https:\/\/erasmus.dbima.fr\">cr\u00e9ation du MOOC du projet de coop\u00e9ration e4FMA<\/a> traduit dans les cinq langues des partenaires du projet engag\u00e9s depuis mars 2021 dans sa r\u00e9alisation. <\/p>\n\n\n\n<p>En effet, au m\u00eame moment sur les sites \u00e0 Caen de l&rsquo;institut Lemonnier, \u00e0 Marseille du Lyc\u00e9e Don Bosco, \u00e0 Rodez du Lyc\u00e9e Fran\u00e7ois d&rsquo;Estaing et bien s\u00fbr \u00e0 Paris de l&rsquo;\u00e9cole de Cin\u00e9ma DBIMA, chacun \u00e9tait impatient de d\u00e9couvrir et de partager <a href=\"https:\/\/erasmus.dbima.fr\">le fruit du travail d&rsquo;un projet <\/a>qui aura commenc\u00e9 en 2019 \u00e0 l&rsquo;occasion de la rencontre sal\u00e9sienne europ\u00e9enne \u00e0 Munich.<\/p>\n\n\n\n<figure class=\"wp-block-image size-large\"><img decoding=\"async\" width=\"1024\" height=\"401\" src=\"https:\/\/www.campusinternationaldonbosco.org\/wp-content\/uploads\/2023\/05\/IMG_5733-1024x401.jpg\" alt=\"\" class=\"wp-image-1213\" srcset=\"https:\/\/www.campusinternationaldonbosco.org\/wp-content\/uploads\/2023\/05\/IMG_5733-1024x401.jpg 1024w, https:\/\/www.campusinternationaldonbosco.org\/wp-content\/uploads\/2023\/05\/IMG_5733-300x117.jpg 300w, https:\/\/www.campusinternationaldonbosco.org\/wp-content\/uploads\/2023\/05\/IMG_5733-768x300.jpg 768w, https:\/\/www.campusinternationaldonbosco.org\/wp-content\/uploads\/2023\/05\/IMG_5733-1536x601.jpg 1536w, https:\/\/www.campusinternationaldonbosco.org\/wp-content\/uploads\/2023\/05\/IMG_5733-2048x801.jpg 2048w, https:\/\/www.campusinternationaldonbosco.org\/wp-content\/uploads\/2023\/05\/IMG_5733-18x7.jpg 18w\" sizes=\"(max-width: 1024px) 100vw, 1024px\" \/><\/figure>\n\n\n\n<figure class=\"wp-block-image aligncenter size-full\"><img decoding=\"async\" width=\"605\" height=\"340\" src=\"https:\/\/www.campusinternationaldonbosco.org\/wp-content\/uploads\/2023\/05\/Photo-visio.jpg\" alt=\"\" class=\"wp-image-1212\" srcset=\"https:\/\/www.campusinternationaldonbosco.org\/wp-content\/uploads\/2023\/05\/Photo-visio.jpg 605w, https:\/\/www.campusinternationaldonbosco.org\/wp-content\/uploads\/2023\/05\/Photo-visio-300x169.jpg 300w, https:\/\/www.campusinternationaldonbosco.org\/wp-content\/uploads\/2023\/05\/Photo-visio-18x10.jpg 18w\" sizes=\"(max-width: 605px) 100vw, 605px\" \/><\/figure>\n\n\n\n<p><a href=\"https:\/\/erasmus.dbima.fr\">Ce projet de coop\u00e9ration Erasmus+<\/a> aboutit donc aujourd&rsquo;hui avec le talent exceptionnel des \u00e9quipes de DBIEM et la collaboration de 10 partenaires europ\u00e9ens. Le premier projet de coop\u00e9ration Erasmus+ coordonn\u00e9 par AMDB.<\/p>\n\n\n\n<figure class=\"wp-block-image size-large\"><img loading=\"lazy\" decoding=\"async\" width=\"1024\" height=\"576\" src=\"https:\/\/www.campusinternationaldonbosco.org\/wp-content\/uploads\/2022\/05\/PHOTO-2022-05-10-19-34-49-2-1024x576.jpg\" alt=\"\" class=\"wp-image-773\" srcset=\"https:\/\/www.campusinternationaldonbosco.org\/wp-content\/uploads\/2022\/05\/PHOTO-2022-05-10-19-34-49-2-1024x576.jpg 1024w, https:\/\/www.campusinternationaldonbosco.org\/wp-content\/uploads\/2022\/05\/PHOTO-2022-05-10-19-34-49-2-300x169.jpg 300w, https:\/\/www.campusinternationaldonbosco.org\/wp-content\/uploads\/2022\/05\/PHOTO-2022-05-10-19-34-49-2-768x432.jpg 768w, https:\/\/www.campusinternationaldonbosco.org\/wp-content\/uploads\/2022\/05\/PHOTO-2022-05-10-19-34-49-2-1536x864.jpg 1536w, https:\/\/www.campusinternationaldonbosco.org\/wp-content\/uploads\/2022\/05\/PHOTO-2022-05-10-19-34-49-2-18x10.jpg 18w, https:\/\/www.campusinternationaldonbosco.org\/wp-content\/uploads\/2022\/05\/PHOTO-2022-05-10-19-34-49-2.jpg 2048w\" sizes=\"(max-width: 1024px) 100vw, 1024px\" \/><\/figure>\n\n\n\n<p> Comme aime le rappeler cette <a href=\"https:\/\/institut-lemonnier.fr\/e4fma-e-learning-for-film-making-artistically\/\">page de pr\u00e9sentation du site de l&rsquo;institut Lemonnier<\/a> dont le <a href=\"https:\/\/www.szamalk-szalezi.hu\/filmmaking-e4fma-projekt\/\">partenaire hongrois<\/a> de Budapest se fait aussi l&rsquo;\u00e9cho, l&rsquo;ambition du projet e4FMA est de rendre accessible gratuitement dans le monde entier <a href=\"https:\/\/erasmus.dbima.fr\">le MOOC cr\u00e9\u00e9<\/a>, pour tous ceux, \u00e9l\u00e8ves et adultes, qui veulent comprendre l&rsquo;art de faire des films et se former \u00e0 leur rythme aux techniques du cin\u00e9ma. <\/p>\n\n\n\n<figure class=\"wp-block-image size-large\"><img loading=\"lazy\" decoding=\"async\" width=\"1024\" height=\"478\" src=\"https:\/\/www.campusinternationaldonbosco.org\/wp-content\/uploads\/2023\/05\/Capture-decran-2023-05-14-a-20.22.12-1024x478.png\" alt=\"\" class=\"wp-image-1230\" srcset=\"https:\/\/www.campusinternationaldonbosco.org\/wp-content\/uploads\/2023\/05\/Capture-decran-2023-05-14-a-20.22.12-1024x478.png 1024w, https:\/\/www.campusinternationaldonbosco.org\/wp-content\/uploads\/2023\/05\/Capture-decran-2023-05-14-a-20.22.12-300x140.png 300w, https:\/\/www.campusinternationaldonbosco.org\/wp-content\/uploads\/2023\/05\/Capture-decran-2023-05-14-a-20.22.12-768x358.png 768w, https:\/\/www.campusinternationaldonbosco.org\/wp-content\/uploads\/2023\/05\/Capture-decran-2023-05-14-a-20.22.12-1536x717.png 1536w, https:\/\/www.campusinternationaldonbosco.org\/wp-content\/uploads\/2023\/05\/Capture-decran-2023-05-14-a-20.22.12-2048x956.png 2048w, https:\/\/www.campusinternationaldonbosco.org\/wp-content\/uploads\/2023\/05\/Capture-decran-2023-05-14-a-20.22.12-18x8.png 18w\" sizes=\"(max-width: 1024px) 100vw, 1024px\" \/><\/figure>\n\n\n\n<p> A chacun de pouvoir \u00e0 pr\u00e9sent se lancer dans cette <a href=\"https:\/\/erasmus.dbima.fr\">formation gratuite passionnante<\/a> !<\/p>\n\n\n\n<figure class=\"wp-block-image aligncenter size-large\"><img loading=\"lazy\" decoding=\"async\" width=\"270\" height=\"1024\" src=\"https:\/\/www.campusinternationaldonbosco.org\/wp-content\/uploads\/2023\/05\/Capture-decran-2023-04-26-a-11.03.38-270x1024.png\" alt=\"\" class=\"wp-image-1214\" srcset=\"https:\/\/www.campusinternationaldonbosco.org\/wp-content\/uploads\/2023\/05\/Capture-decran-2023-04-26-a-11.03.38-270x1024.png 270w, https:\/\/www.campusinternationaldonbosco.org\/wp-content\/uploads\/2023\/05\/Capture-decran-2023-04-26-a-11.03.38-79x300.png 79w, https:\/\/www.campusinternationaldonbosco.org\/wp-content\/uploads\/2023\/05\/Capture-decran-2023-04-26-a-11.03.38-405x1536.png 405w, https:\/\/www.campusinternationaldonbosco.org\/wp-content\/uploads\/2023\/05\/Capture-decran-2023-04-26-a-11.03.38-3x12.png 3w, https:\/\/www.campusinternationaldonbosco.org\/wp-content\/uploads\/2023\/05\/Capture-decran-2023-04-26-a-11.03.38.png 482w\" sizes=\"(max-width: 270px) 100vw, 270px\" \/><\/figure>\n\n\n\n<p><\/p>\n\n\n\n<figure class=\"wp-block-image size-large\"><img loading=\"lazy\" decoding=\"async\" width=\"1024\" height=\"353\" src=\"https:\/\/www.campusinternationaldonbosco.org\/wp-content\/uploads\/2023\/05\/Capture-decran-2023-05-14-a-20.06.48-1024x353.png\" alt=\"\" class=\"wp-image-1225\" srcset=\"https:\/\/www.campusinternationaldonbosco.org\/wp-content\/uploads\/2023\/05\/Capture-decran-2023-05-14-a-20.06.48-1024x353.png 1024w, https:\/\/www.campusinternationaldonbosco.org\/wp-content\/uploads\/2023\/05\/Capture-decran-2023-05-14-a-20.06.48-300x103.png 300w, https:\/\/www.campusinternationaldonbosco.org\/wp-content\/uploads\/2023\/05\/Capture-decran-2023-05-14-a-20.06.48-768x264.png 768w, https:\/\/www.campusinternationaldonbosco.org\/wp-content\/uploads\/2023\/05\/Capture-decran-2023-05-14-a-20.06.48-1536x529.png 1536w, https:\/\/www.campusinternationaldonbosco.org\/wp-content\/uploads\/2023\/05\/Capture-decran-2023-05-14-a-20.06.48-18x6.png 18w, https:\/\/www.campusinternationaldonbosco.org\/wp-content\/uploads\/2023\/05\/Capture-decran-2023-05-14-a-20.06.48.png 1748w\" sizes=\"(max-width: 1024px) 100vw, 1024px\" \/><\/figure>","protected":false},"excerpt":{"rendered":"<p>Le vendredi 12 mai, pas moins d&rsquo;une cinquantaine de personnes se sont r\u00e9unies de fa\u00e7on simultan\u00e9e sur quatre sites, tous reli\u00e9s en Visio, pour que soit pr\u00e9sent\u00e9e en direct la cr\u00e9ation du MOOC du projet de coop\u00e9ration e4FMA traduit dans les cinq langues des partenaires du projet engag\u00e9s depuis mars 2021 dans sa r\u00e9alisation. En [&hellip;]<\/p>\n","protected":false},"author":4,"featured_media":1234,"comment_status":"closed","ping_status":"closed","sticky":false,"template":"","format":"standard","meta":{"footnotes":"","_links_to":"","_links_to_target":""},"categories":[1],"tags":[],"class_list":["post-1216","post","type-post","status-publish","format-standard","has-post-thumbnail","hentry","category-actualites-generales"],"_links":{"self":[{"href":"https:\/\/www.campusinternationaldonbosco.org\/en\/wp-json\/wp\/v2\/posts\/1216","targetHints":{"allow":["GET"]}}],"collection":[{"href":"https:\/\/www.campusinternationaldonbosco.org\/en\/wp-json\/wp\/v2\/posts"}],"about":[{"href":"https:\/\/www.campusinternationaldonbosco.org\/en\/wp-json\/wp\/v2\/types\/post"}],"author":[{"embeddable":true,"href":"https:\/\/www.campusinternationaldonbosco.org\/en\/wp-json\/wp\/v2\/users\/4"}],"replies":[{"embeddable":true,"href":"https:\/\/www.campusinternationaldonbosco.org\/en\/wp-json\/wp\/v2\/comments?post=1216"}],"version-history":[{"count":16,"href":"https:\/\/www.campusinternationaldonbosco.org\/en\/wp-json\/wp\/v2\/posts\/1216\/revisions"}],"predecessor-version":[{"id":1240,"href":"https:\/\/www.campusinternationaldonbosco.org\/en\/wp-json\/wp\/v2\/posts\/1216\/revisions\/1240"}],"wp:featuredmedia":[{"embeddable":true,"href":"https:\/\/www.campusinternationaldonbosco.org\/en\/wp-json\/wp\/v2\/media\/1234"}],"wp:attachment":[{"href":"https:\/\/www.campusinternationaldonbosco.org\/en\/wp-json\/wp\/v2\/media?parent=1216"}],"wp:term":[{"taxonomy":"category","embeddable":true,"href":"https:\/\/www.campusinternationaldonbosco.org\/en\/wp-json\/wp\/v2\/categories?post=1216"},{"taxonomy":"post_tag","embeddable":true,"href":"https:\/\/www.campusinternationaldonbosco.org\/en\/wp-json\/wp\/v2\/tags?post=1216"}],"curies":[{"name":"wp","href":"https:\/\/api.w.org\/{rel}","templated":true}]}}