{"id":112,"date":"2020-04-27T21:44:33","date_gmt":"2020-04-27T19:44:33","guid":{"rendered":"https:\/\/www.campusinternationaldonbosco.org\/2020\/04\/27\/voluptates-velit-voluptatem-facilis\/"},"modified":"2020-05-06T17:24:37","modified_gmt":"2020-05-06T15:24:37","slug":"salon-excellence-pro-novembre-2020","status":"publish","type":"post","link":"https:\/\/www.campusinternationaldonbosco.org\/en\/2020\/04\/27\/salon-excellence-pro-novembre-2020\/","title":{"rendered":"Salon Excellence Pro"},"content":{"rendered":"<h2 class=\"has-text-align-center wp-block-heading\">Une opportunit\u00e9 pour partager la vitalit\u00e9 du Campus International Don Bosco<\/h2>\n\n\n\n<div class=\"wp-block-image\"><figure class=\"alignright size-large\"><a href=\"https:\/\/www.agenceexcellencepro.com\/\" target=\"_blank\" rel=\"noopener noreferrer\"><img decoding=\"async\" width=\"256\" height=\"160\" src=\"https:\/\/www.campusinternationaldonbosco.org\/wp-content\/uploads\/2020\/05\/Capture-d\u2019e\u0301cran-2020-05-04-a\u0300-17.40.59.png\" alt=\"\" class=\"wp-image-194\"\/><\/a><\/figure><\/div>\n\n\n\n<p>auteur : <em>Daniel Gouilly, d\u00e9l\u00e9gu\u00e9 de tutelle<\/em><\/p>\n\n\n\n<h3 class=\"wp-block-heading\">18 et 19 novembre 2020<\/h3>\n\n\n<p>En novembre prochain, l\u2019Enseignement Catholique cr\u00e9e avec le Salon Excellence Pro un \u00e9v\u00e9nement national pour mettre en avant la richesse des parcours de r\u00e9ussite des jeunes en formation technologique et professionnelle. Ce rassemblement interviendra apr\u00e8s une crise in\u00e9dite qui bouleverse le monde de l\u2019\u00e9ducation comme la soci\u00e9t\u00e9 tout enti\u00e8re. Dans ce contexte, combien il est important pour les \u00e9tablissements technologiques et professionnels et les Centres de Formation Professionnelle sal\u00e9siens de construire du lien avec les branches professionnelles et les&nbsp;nouveaux <strong>Op<\/strong>\u00e9rateurs de <strong>Co<\/strong>mp\u00e9tences (1).<\/p>\n\n\n<figure class=\"wp-block-image size-large\"><img fetchpriority=\"high\" decoding=\"async\" width=\"528\" height=\"313\" src=\"https:\/\/www.campusinternationaldonbosco.org\/wp-content\/uploads\/2020\/05\/Capture-d\u2019e\u0301cran-2020-01-13-a\u0300-15.25.01.png\" alt=\"\" class=\"wp-image-226\" srcset=\"https:\/\/www.campusinternationaldonbosco.org\/wp-content\/uploads\/2020\/05\/Capture-d\u2019e\u0301cran-2020-01-13-a\u0300-15.25.01.png 528w, https:\/\/www.campusinternationaldonbosco.org\/wp-content\/uploads\/2020\/05\/Capture-d\u2019e\u0301cran-2020-01-13-a\u0300-15.25.01-300x178.png 300w\" sizes=\"(max-width: 528px) 100vw, 528px\" \/><\/figure>\n\n\n\n<p>Notre participation au Salon Excellence Pro avec le label \u00ab Campus International Don Bosco&nbsp;\u00bb sera proactive au c\u0153ur du stand international de l\u2019Enseignement Catholique. Des jeunes des Lyc\u00e9es h\u00f4teliers sal\u00e9siens de Pastr\u00e9 et de St Ch\u00e9ly serviront sur un espace <em>Piano Bar Musical<\/em> un cocktail de fruits Bio aux couleurs du \u00ab&nbsp;Campus International Don Bosco&nbsp;\u00bb. Dans le m\u00eame temps, des \u00ab&nbsp;Jeunes Pousses et Vieilles Branches de MUSICALIBOSCO&nbsp;\u00bb de Wittenheim, des \u00e9l\u00e8ves de Bailleul et de Don Bosco Nice, des jeunes du Mouvement Sal\u00e9sien des Jeunes animeront l\u2019espace international de l\u2019Enseignement catholique avec des musiques du monde. Des \u00e9l\u00e8ves \u00e9b\u00e9nistes de l\u2019institut Lemonnier auront r\u00e9alis\u00e9 une repr\u00e9sentation de la Terre sous forme d\u2019Atome au c\u0153ur duquel seront plac\u00e9s trois \u00e9crans pour partager la vitalit\u00e9 des projets internationaux dans l\u2019Enseignement Catholique.<\/p>\n\n\n\n<p>Soyons nombreux \u00e0 visiter le Salon Excellence en novembre prochain&nbsp;: rejoignons le talent des jeunes, connect\u00e9s ensemble \u00e0 la confiance du regard de notre fondateur, partag\u00e9e dans le monde entier.<\/p>\n\n\n\n<p>(1)<br><em><u>11 Opcos<\/u>&nbsp;: <\/em><br><em>Opco Commerce ;  Atlas ; Sant\u00e9 ; Afdas ; Coh\u00e9sion sociale, Entreprises de proximit\u00e9 ; Essfimo, Entreprises et salari\u00e9s des services \u00e0 forte intensit\u00e9 de main-d\u2019\u0153uvre <\/em>; <em>Entreprises et salari\u00e9s des services \u00e0 forte intensit\u00e9 de main d\u2019\u0153uvre ; Ocapiat ; Opco 2i ; Construction  ; Mobilit\u00e9 <\/em><\/p>\n\n\n\n<figure class=\"wp-block-image size-large\"><img decoding=\"async\" width=\"500\" height=\"230\" src=\"https:\/\/www.campusinternationaldonbosco.org\/wp-content\/uploads\/2020\/04\/Maison-don-bosco.png\" alt=\"\" class=\"wp-image-64\" srcset=\"https:\/\/www.campusinternationaldonbosco.org\/wp-content\/uploads\/2020\/04\/Maison-don-bosco.png 500w, https:\/\/www.campusinternationaldonbosco.org\/wp-content\/uploads\/2020\/04\/Maison-don-bosco-300x138.png 300w\" sizes=\"(max-width: 500px) 100vw, 500px\" \/><\/figure>","protected":false},"excerpt":{"rendered":"<p>Une opportunit\u00e9 pour partager la vitalit\u00e9 du Campus International Don Bosco auteur : Daniel Gouilly, d\u00e9l\u00e9gu\u00e9 de tutelle 18 et 19 novembre 2020 En novembre prochain, l\u2019Enseignement Catholique cr\u00e9e avec le Salon Excellence Pro un \u00e9v\u00e9nement national pour mettre en avant la richesse des parcours de r\u00e9ussite des jeunes en formation technologique et professionnelle. Ce [&hellip;]<\/p>\n","protected":false},"author":1,"featured_media":229,"comment_status":"open","ping_status":"open","sticky":false,"template":"","format":"standard","meta":{"footnotes":"","_links_to":"","_links_to_target":""},"categories":[1],"tags":[],"class_list":["post-112","post","type-post","status-publish","format-standard","has-post-thumbnail","hentry","category-actualites-generales"],"_links":{"self":[{"href":"https:\/\/www.campusinternationaldonbosco.org\/en\/wp-json\/wp\/v2\/posts\/112","targetHints":{"allow":["GET"]}}],"collection":[{"href":"https:\/\/www.campusinternationaldonbosco.org\/en\/wp-json\/wp\/v2\/posts"}],"about":[{"href":"https:\/\/www.campusinternationaldonbosco.org\/en\/wp-json\/wp\/v2\/types\/post"}],"author":[{"embeddable":true,"href":"https:\/\/www.campusinternationaldonbosco.org\/en\/wp-json\/wp\/v2\/users\/1"}],"replies":[{"embeddable":true,"href":"https:\/\/www.campusinternationaldonbosco.org\/en\/wp-json\/wp\/v2\/comments?post=112"}],"version-history":[{"count":12,"href":"https:\/\/www.campusinternationaldonbosco.org\/en\/wp-json\/wp\/v2\/posts\/112\/revisions"}],"predecessor-version":[{"id":301,"href":"https:\/\/www.campusinternationaldonbosco.org\/en\/wp-json\/wp\/v2\/posts\/112\/revisions\/301"}],"wp:featuredmedia":[{"embeddable":true,"href":"https:\/\/www.campusinternationaldonbosco.org\/en\/wp-json\/wp\/v2\/media\/229"}],"wp:attachment":[{"href":"https:\/\/www.campusinternationaldonbosco.org\/en\/wp-json\/wp\/v2\/media?parent=112"}],"wp:term":[{"taxonomy":"category","embeddable":true,"href":"https:\/\/www.campusinternationaldonbosco.org\/en\/wp-json\/wp\/v2\/categories?post=112"},{"taxonomy":"post_tag","embeddable":true,"href":"https:\/\/www.campusinternationaldonbosco.org\/en\/wp-json\/wp\/v2\/tags?post=112"}],"curies":[{"name":"wp","href":"https:\/\/api.w.org\/{rel}","templated":true}]}}