{"id":1113,"date":"2023-03-21T20:45:00","date_gmt":"2023-03-21T19:45:00","guid":{"rendered":"https:\/\/www.campusinternationaldonbosco.org\/?p=1113"},"modified":"2024-10-25T22:08:06","modified_gmt":"2024-10-25T20:08:06","slug":"sevigne-marseille-accueille-le-colegio-salesiano-san-pedro-triana","status":"publish","type":"post","link":"https:\/\/www.campusinternationaldonbosco.org\/en\/2023\/03\/21\/sevigne-marseille-accueille-le-colegio-salesiano-san-pedro-triana\/","title":{"rendered":"S\u00e9vign\u00e9 Marseille accueille le Colegio Salesiano San Pedro Triana"},"content":{"rendered":"<figure class=\"wp-block-image size-large\"><img fetchpriority=\"high\" decoding=\"async\" width=\"1024\" height=\"768\" src=\"https:\/\/www.campusinternationaldonbosco.org\/wp-content\/uploads\/2023\/03\/IMG-20230321-WA0003-1024x768.jpg\" alt=\"\" class=\"wp-image-1114\" srcset=\"https:\/\/www.campusinternationaldonbosco.org\/wp-content\/uploads\/2023\/03\/IMG-20230321-WA0003-1024x768.jpg 1024w, https:\/\/www.campusinternationaldonbosco.org\/wp-content\/uploads\/2023\/03\/IMG-20230321-WA0003-300x225.jpg 300w, https:\/\/www.campusinternationaldonbosco.org\/wp-content\/uploads\/2023\/03\/IMG-20230321-WA0003-768x576.jpg 768w, https:\/\/www.campusinternationaldonbosco.org\/wp-content\/uploads\/2023\/03\/IMG-20230321-WA0003-1536x1152.jpg 1536w, https:\/\/www.campusinternationaldonbosco.org\/wp-content\/uploads\/2023\/03\/IMG-20230321-WA0003-16x12.jpg 16w, https:\/\/www.campusinternationaldonbosco.org\/wp-content\/uploads\/2023\/03\/IMG-20230321-WA0003.jpg 2048w\" sizes=\"(max-width: 1024px) 100vw, 1024px\" \/><\/figure>\n\n\n\n<p>Notre \u00e9tablissement S\u00e9vign\u00e9, \u00e9cole, coll\u00e8ge et lyc\u00e9e a eu la joie d&rsquo;accueillir deux  jours Juan Angel, professeur de fran\u00e7ais \u00e0 S\u00e9ville pour un stage d&rsquo; observation des pratiques p\u00e9dagogiques d&rsquo;enseignement des langues \u00e9trang\u00e8res en France. Une mobilit\u00e9 professionnelle d&rsquo;enseignant dans le cadre d&rsquo;Erasmus, bien s\u00fbr, mais aussi une belle rencontre humaine!<\/p>","protected":false},"excerpt":{"rendered":"<p>Notre \u00e9tablissement S\u00e9vign\u00e9, \u00e9cole, coll\u00e8ge et lyc\u00e9e a eu la joie d&rsquo;accueillir deux jours Juan Angel, professeur de fran\u00e7ais \u00e0 S\u00e9ville pour un stage d&rsquo; observation des pratiques p\u00e9dagogiques d&rsquo;enseignement des langues \u00e9trang\u00e8res en France. Une mobilit\u00e9 professionnelle d&rsquo;enseignant dans le cadre d&rsquo;Erasmus, bien s\u00fbr, mais aussi une belle rencontre humaine!<\/p>","protected":false},"author":4,"featured_media":1114,"comment_status":"closed","ping_status":"closed","sticky":false,"template":"","format":"standard","meta":{"footnotes":"","_links_to":"","_links_to_target":""},"categories":[21],"tags":[],"class_list":["post-1113","post","type-post","status-publish","format-standard","has-post-thumbnail","hentry","category-ensemble-scolaire-sevigne-marseille"],"_links":{"self":[{"href":"https:\/\/www.campusinternationaldonbosco.org\/en\/wp-json\/wp\/v2\/posts\/1113","targetHints":{"allow":["GET"]}}],"collection":[{"href":"https:\/\/www.campusinternationaldonbosco.org\/en\/wp-json\/wp\/v2\/posts"}],"about":[{"href":"https:\/\/www.campusinternationaldonbosco.org\/en\/wp-json\/wp\/v2\/types\/post"}],"author":[{"embeddable":true,"href":"https:\/\/www.campusinternationaldonbosco.org\/en\/wp-json\/wp\/v2\/users\/4"}],"replies":[{"embeddable":true,"href":"https:\/\/www.campusinternationaldonbosco.org\/en\/wp-json\/wp\/v2\/comments?post=1113"}],"version-history":[{"count":3,"href":"https:\/\/www.campusinternationaldonbosco.org\/en\/wp-json\/wp\/v2\/posts\/1113\/revisions"}],"predecessor-version":[{"id":1117,"href":"https:\/\/www.campusinternationaldonbosco.org\/en\/wp-json\/wp\/v2\/posts\/1113\/revisions\/1117"}],"wp:featuredmedia":[{"embeddable":true,"href":"https:\/\/www.campusinternationaldonbosco.org\/en\/wp-json\/wp\/v2\/media\/1114"}],"wp:attachment":[{"href":"https:\/\/www.campusinternationaldonbosco.org\/en\/wp-json\/wp\/v2\/media?parent=1113"}],"wp:term":[{"taxonomy":"category","embeddable":true,"href":"https:\/\/www.campusinternationaldonbosco.org\/en\/wp-json\/wp\/v2\/categories?post=1113"},{"taxonomy":"post_tag","embeddable":true,"href":"https:\/\/www.campusinternationaldonbosco.org\/en\/wp-json\/wp\/v2\/tags?post=1113"}],"curies":[{"name":"wp","href":"https:\/\/api.w.org\/{rel}","templated":true}]}}