{"id":1103,"date":"2023-02-01T19:27:53","date_gmt":"2023-02-01T18:27:53","guid":{"rendered":"https:\/\/www.campusinternationaldonbosco.org\/?p=1103"},"modified":"2023-02-01T19:27:53","modified_gmt":"2023-02-01T18:27:53","slug":"mobilite-erasmus-professeurs-des-ecoles-du-23-au-27-janvier-2023-a-lecole-fondamentale-don-bosco-a-liege","status":"publish","type":"post","link":"https:\/\/www.campusinternationaldonbosco.org\/en\/2023\/02\/01\/mobilite-erasmus-professeurs-des-ecoles-du-23-au-27-janvier-2023-a-lecole-fondamentale-don-bosco-a-liege\/","title":{"rendered":"Mobilit\u00e9 Erasmus+ professeurs des \u00e9coles du 23 au 27 janvier 2023 \u00e0 l&rsquo;\u00c9cole fondamentale Don Bosco \u00e0 Li\u00e8ge"},"content":{"rendered":"<p>Dans le cadre d\u2019une mobilit\u00e9 Erasmus+\/Campus international Don Bosco, deux professeurs des \u00e9coles de S\u00e9vign\u00e9 ont pu partir vivre une semaine d\u2019observation en Belgique, au sein de l\u2019\u00e9cole fondamentale Don Bosco de Li\u00e8ge.<\/p>\n\n\n\n<p>\u00ab&nbsp;Les objectifs de ce s\u00e9jour \u00e9taient multiples&nbsp;: enrichir notre pratique par l\u2019observation et l\u2019\u00e9change, notamment \u00e0 propos de la diff\u00e9renciation et de la prise en compte des besoins particuliers des \u00e9l\u00e8ves, d\u00e9couvrir les sp\u00e9cificit\u00e9s du syst\u00e8me \u00e9ducatif belge et renforcer notre appartenance au r\u00e9seau sal\u00e9sien.<\/p>\n\n\n\n<p>Malgr\u00e9 le froid et la neige, nous avons \u00e9t\u00e9 chaleureusement accueillies dans l\u2019esprit sal\u00e9sien par le directeur, Monsieur Eric VANDERSTUKKEN. De m\u00eame, les enseignants de l\u2019\u00e9cole et les \u00e9l\u00e8ves nous ont tous ouvert les portes de leur \u00e9cole et de leurs classes.<\/p>\n\n\n\n<figure class=\"wp-block-image size-large\"><img fetchpriority=\"high\" decoding=\"async\" width=\"1024\" height=\"768\" src=\"https:\/\/www.campusinternationaldonbosco.org\/wp-content\/uploads\/2023\/02\/IMG-20230127-WA0003-1024x768.jpg\" alt=\"\" class=\"wp-image-1098\" srcset=\"https:\/\/www.campusinternationaldonbosco.org\/wp-content\/uploads\/2023\/02\/IMG-20230127-WA0003-1024x768.jpg 1024w, https:\/\/www.campusinternationaldonbosco.org\/wp-content\/uploads\/2023\/02\/IMG-20230127-WA0003-300x225.jpg 300w, https:\/\/www.campusinternationaldonbosco.org\/wp-content\/uploads\/2023\/02\/IMG-20230127-WA0003-768x576.jpg 768w, https:\/\/www.campusinternationaldonbosco.org\/wp-content\/uploads\/2023\/02\/IMG-20230127-WA0003-1536x1152.jpg 1536w, https:\/\/www.campusinternationaldonbosco.org\/wp-content\/uploads\/2023\/02\/IMG-20230127-WA0003-16x12.jpg 16w, https:\/\/www.campusinternationaldonbosco.org\/wp-content\/uploads\/2023\/02\/IMG-20230127-WA0003.jpg 2000w\" sizes=\"(max-width: 1024px) 100vw, 1024px\" \/><\/figure>\n\n\n\n<p>Nous avons ainsi pu d\u00e9couvrir le principe du co-enseignement (2 enseignants par classe) et ses diff\u00e9rentes modalit\u00e9s ainsi qu\u2019une pratique approfondie de la diff\u00e9renciation et de l\u2019enseignement explicite au service des besoins de tous les \u00e9l\u00e8ves. D\u2019ailleurs, ces derniers n\u2019ont pas h\u00e9sit\u00e9 \u00e0 nous impliquer dans leurs s\u00e9ances d\u2019apprentissage&nbsp;!<\/p>\n\n\n\n<p>En plus de cette approche p\u00e9dagogique sp\u00e9cifique, nous avons pu observer des groupes classes o\u00f9 sont cultiv\u00e9es la cr\u00e9ativit\u00e9, la solidarit\u00e9, l\u2019autonomie et l\u2019int\u00e9riorit\u00e9, o\u00f9 chacun grandit sous le regard bienveillant et attentif des adultes.<\/p>\n\n\n\n<figure class=\"wp-block-image size-large\"><img decoding=\"async\" width=\"1024\" height=\"768\" src=\"https:\/\/www.campusinternationaldonbosco.org\/wp-content\/uploads\/2023\/02\/IMG-20230127-WA0005-1024x768.jpg\" alt=\"\" class=\"wp-image-1097\" srcset=\"https:\/\/www.campusinternationaldonbosco.org\/wp-content\/uploads\/2023\/02\/IMG-20230127-WA0005-1024x768.jpg 1024w, https:\/\/www.campusinternationaldonbosco.org\/wp-content\/uploads\/2023\/02\/IMG-20230127-WA0005-300x225.jpg 300w, https:\/\/www.campusinternationaldonbosco.org\/wp-content\/uploads\/2023\/02\/IMG-20230127-WA0005-768x576.jpg 768w, https:\/\/www.campusinternationaldonbosco.org\/wp-content\/uploads\/2023\/02\/IMG-20230127-WA0005-1536x1152.jpg 1536w, https:\/\/www.campusinternationaldonbosco.org\/wp-content\/uploads\/2023\/02\/IMG-20230127-WA0005-16x12.jpg 16w, https:\/\/www.campusinternationaldonbosco.org\/wp-content\/uploads\/2023\/02\/IMG-20230127-WA0005.jpg 2000w\" sizes=\"(max-width: 1024px) 100vw, 1024px\" \/><\/figure>\n\n\n\n<p>Si cette semaine d\u2019immersion au sein du r\u00e9seau Don Bosco a \u00e9t\u00e9 riche en d\u00e9couvertes, elle nous a aussi permis de prendre du recul et de nous interroger sur notre propre p\u00e9dagogie. Les similitudes et les diff\u00e9rences observ\u00e9es nous ouvrent \u00e0 un questionnement enrichissant que nous souhaitons maintenant approfondir et partager en \u00e9quipe.<\/p>\n\n\n\n<p>Nous esp\u00e9rons que cette exp\u00e9rience sera poursuivie \u00e0 S\u00e9vign\u00e9 et que d\u2019autres profiteront de la richesse de ces mobilit\u00e9s\u2026 en attendant d\u2019accueillir nos coll\u00e8gues belges&nbsp;!&nbsp;\u00bb<\/p>\n\n\n\n<p>Annick DAVID et B\u00e9atrice BERENGER<\/p>\n\n\n\n<figure class=\"wp-block-image aligncenter size-full\"><img decoding=\"async\" width=\"402\" height=\"151\" src=\"https:\/\/www.campusinternationaldonbosco.org\/wp-content\/uploads\/2023\/02\/campus.png\" alt=\"\" class=\"wp-image-1087\" srcset=\"https:\/\/www.campusinternationaldonbosco.org\/wp-content\/uploads\/2023\/02\/campus.png 402w, https:\/\/www.campusinternationaldonbosco.org\/wp-content\/uploads\/2023\/02\/campus-300x113.png 300w, https:\/\/www.campusinternationaldonbosco.org\/wp-content\/uploads\/2023\/02\/campus-18x7.png 18w\" sizes=\"(max-width: 402px) 100vw, 402px\" \/><\/figure>\n\n\n\n<figure class=\"wp-block-image size-full\"><img loading=\"lazy\" decoding=\"async\" width=\"788\" height=\"265\" src=\"https:\/\/www.campusinternationaldonbosco.org\/wp-content\/uploads\/2022\/11\/Capture-decran-2022-11-24-a-09.46.57.png\" alt=\"\" class=\"wp-image-899\" srcset=\"https:\/\/www.campusinternationaldonbosco.org\/wp-content\/uploads\/2022\/11\/Capture-decran-2022-11-24-a-09.46.57.png 788w, https:\/\/www.campusinternationaldonbosco.org\/wp-content\/uploads\/2022\/11\/Capture-decran-2022-11-24-a-09.46.57-300x101.png 300w, https:\/\/www.campusinternationaldonbosco.org\/wp-content\/uploads\/2022\/11\/Capture-decran-2022-11-24-a-09.46.57-768x258.png 768w, https:\/\/www.campusinternationaldonbosco.org\/wp-content\/uploads\/2022\/11\/Capture-decran-2022-11-24-a-09.46.57-18x6.png 18w\" sizes=\"(max-width: 788px) 100vw, 788px\" \/><\/figure>","protected":false},"excerpt":{"rendered":"<p>Dans le cadre d\u2019une mobilit\u00e9 Erasmus+\/Campus international Don Bosco, deux professeurs des \u00e9coles de S\u00e9vign\u00e9 ont pu partir vivre une semaine d\u2019observation en Belgique, au sein de l\u2019\u00e9cole fondamentale Don Bosco de Li\u00e8ge. \u00ab&nbsp;Les objectifs de ce s\u00e9jour \u00e9taient multiples&nbsp;: enrichir notre pratique par l\u2019observation et l\u2019\u00e9change, notamment \u00e0 propos de la diff\u00e9renciation et de [&hellip;]<\/p>\n","protected":false},"author":4,"featured_media":1097,"comment_status":"closed","ping_status":"closed","sticky":false,"template":"","format":"standard","meta":{"footnotes":"","_links_to":"","_links_to_target":""},"categories":[21,34],"tags":[],"class_list":["post-1103","post","type-post","status-publish","format-standard","has-post-thumbnail","hentry","category-ensemble-scolaire-sevigne-marseille","category-actualites-du-consortium-salesien"],"_links":{"self":[{"href":"https:\/\/www.campusinternationaldonbosco.org\/en\/wp-json\/wp\/v2\/posts\/1103","targetHints":{"allow":["GET"]}}],"collection":[{"href":"https:\/\/www.campusinternationaldonbosco.org\/en\/wp-json\/wp\/v2\/posts"}],"about":[{"href":"https:\/\/www.campusinternationaldonbosco.org\/en\/wp-json\/wp\/v2\/types\/post"}],"author":[{"embeddable":true,"href":"https:\/\/www.campusinternationaldonbosco.org\/en\/wp-json\/wp\/v2\/users\/4"}],"replies":[{"embeddable":true,"href":"https:\/\/www.campusinternationaldonbosco.org\/en\/wp-json\/wp\/v2\/comments?post=1103"}],"version-history":[{"count":2,"href":"https:\/\/www.campusinternationaldonbosco.org\/en\/wp-json\/wp\/v2\/posts\/1103\/revisions"}],"predecessor-version":[{"id":1105,"href":"https:\/\/www.campusinternationaldonbosco.org\/en\/wp-json\/wp\/v2\/posts\/1103\/revisions\/1105"}],"wp:featuredmedia":[{"embeddable":true,"href":"https:\/\/www.campusinternationaldonbosco.org\/en\/wp-json\/wp\/v2\/media\/1097"}],"wp:attachment":[{"href":"https:\/\/www.campusinternationaldonbosco.org\/en\/wp-json\/wp\/v2\/media?parent=1103"}],"wp:term":[{"taxonomy":"category","embeddable":true,"href":"https:\/\/www.campusinternationaldonbosco.org\/en\/wp-json\/wp\/v2\/categories?post=1103"},{"taxonomy":"post_tag","embeddable":true,"href":"https:\/\/www.campusinternationaldonbosco.org\/en\/wp-json\/wp\/v2\/tags?post=1103"}],"curies":[{"name":"wp","href":"https:\/\/api.w.org\/{rel}","templated":true}]}}