{"id":1078,"date":"2023-02-02T16:39:32","date_gmt":"2023-02-02T15:39:32","guid":{"rendered":"https:\/\/www.campusinternationaldonbosco.org\/?p=1078"},"modified":"2023-06-10T19:53:52","modified_gmt":"2023-06-10T17:53:52","slug":"lecole-carlhian-rippert-des-echanges-avec-une-ecole-salesienne-en-italie","status":"publish","type":"post","link":"https:\/\/www.campusinternationaldonbosco.org\/en\/2023\/02\/02\/lecole-carlhian-rippert-des-echanges-avec-une-ecole-salesienne-en-italie\/","title":{"rendered":"L&rsquo;\u00e9cole Carlhian Rippert, des \u00e9changes avec une \u00e9cole sal\u00e9sienne en Italie"},"content":{"rendered":"<div class=\"wp-block-columns is-layout-flex wp-container-core-columns-is-layout-28f84493 wp-block-columns-is-layout-flex\">\n<div class=\"wp-block-column is-layout-flow wp-block-column-is-layout-flow\" style=\"flex-basis:100%\">\n<div class=\"wp-block-columns is-layout-flex wp-container-core-columns-is-layout-28f84493 wp-block-columns-is-layout-flex\">\n<div class=\"wp-block-column is-layout-flow wp-block-column-is-layout-flow\">\n<figure class=\"wp-block-image size-full is-resized\"><img decoding=\"async\" src=\"https:\/\/www.campusinternationaldonbosco.org\/wp-content\/uploads\/2023\/02\/logo-DB.jpg\" alt=\"\" class=\"wp-image-1082\" width=\"104\" height=\"116\" srcset=\"https:\/\/www.campusinternationaldonbosco.org\/wp-content\/uploads\/2023\/02\/logo-DB.jpg 213w, https:\/\/www.campusinternationaldonbosco.org\/wp-content\/uploads\/2023\/02\/logo-DB-11x12.jpg 11w\" sizes=\"(max-width: 104px) 100vw, 104px\" \/><\/figure>\n<\/div>\n\n\n\n<div class=\"wp-block-column is-layout-flow wp-block-column-is-layout-flow\">\n<figure class=\"wp-block-image size-full is-resized\"><img decoding=\"async\" src=\"https:\/\/www.campusinternationaldonbosco.org\/wp-content\/uploads\/2023\/02\/CIDB.jpg\" alt=\"\" class=\"wp-image-1085\" width=\"110\" height=\"63\" srcset=\"https:\/\/www.campusinternationaldonbosco.org\/wp-content\/uploads\/2023\/02\/CIDB.jpg 240w, https:\/\/www.campusinternationaldonbosco.org\/wp-content\/uploads\/2023\/02\/CIDB-18x10.jpg 18w\" sizes=\"(max-width: 110px) 100vw, 110px\" \/><\/figure>\n<\/div>\n\n\n\n<div class=\"wp-block-column is-layout-flow wp-block-column-is-layout-flow\">\n<figure class=\"wp-block-image size-full is-resized\"><img decoding=\"async\" src=\"https:\/\/www.campusinternationaldonbosco.org\/wp-content\/uploads\/2023\/02\/Erasmus.png\" alt=\"\" class=\"wp-image-1081\" width=\"141\" height=\"64\" srcset=\"https:\/\/www.campusinternationaldonbosco.org\/wp-content\/uploads\/2023\/02\/Erasmus.png 500w, https:\/\/www.campusinternationaldonbosco.org\/wp-content\/uploads\/2023\/02\/Erasmus-300x138.png 300w, https:\/\/www.campusinternationaldonbosco.org\/wp-content\/uploads\/2023\/02\/Erasmus-18x8.png 18w\" sizes=\"(max-width: 141px) 100vw, 141px\" \/><\/figure>\n<\/div>\n<\/div>\n<\/div>\n<\/div>\n\n\n\n<div class=\"wp-block-columns is-layout-flex wp-container-core-columns-is-layout-28f84493 wp-block-columns-is-layout-flex\">\n<div class=\"wp-block-column is-layout-flow wp-block-column-is-layout-flow\" style=\"flex-basis:100%\">\n<figure class=\"wp-block-image aligncenter size-full is-resized\"><img loading=\"lazy\" decoding=\"async\" src=\"https:\/\/www.campusinternationaldonbosco.org\/wp-content\/uploads\/2023\/02\/campus.png\" alt=\"\" class=\"wp-image-1087\" width=\"184\" height=\"69\" srcset=\"https:\/\/www.campusinternationaldonbosco.org\/wp-content\/uploads\/2023\/02\/campus.png 402w, https:\/\/www.campusinternationaldonbosco.org\/wp-content\/uploads\/2023\/02\/campus-300x113.png 300w, https:\/\/www.campusinternationaldonbosco.org\/wp-content\/uploads\/2023\/02\/campus-18x7.png 18w\" sizes=\"(max-width: 184px) 100vw, 184px\" \/><\/figure>\n<\/div>\n<\/div>\n\n\n\n<p><\/p>\n\n\n\n<div class=\"wp-block-media-text alignwide is-stacked-on-mobile\" style=\"grid-template-columns:31% auto\"><figure class=\"wp-block-media-text__media\"><img loading=\"lazy\" decoding=\"async\" width=\"820\" height=\"615\" src=\"https:\/\/www.campusinternationaldonbosco.org\/wp-content\/uploads\/2023\/02\/319899930_534198338620676_7549928010304347588_n.jpg\" alt=\"\" class=\"wp-image-1079 size-full\" srcset=\"https:\/\/www.campusinternationaldonbosco.org\/wp-content\/uploads\/2023\/02\/319899930_534198338620676_7549928010304347588_n.jpg 820w, https:\/\/www.campusinternationaldonbosco.org\/wp-content\/uploads\/2023\/02\/319899930_534198338620676_7549928010304347588_n-300x225.jpg 300w, https:\/\/www.campusinternationaldonbosco.org\/wp-content\/uploads\/2023\/02\/319899930_534198338620676_7549928010304347588_n-768x576.jpg 768w, https:\/\/www.campusinternationaldonbosco.org\/wp-content\/uploads\/2023\/02\/319899930_534198338620676_7549928010304347588_n-16x12.jpg 16w\" sizes=\"(max-width: 820px) 100vw, 820px\" \/><\/figure><div class=\"wp-block-media-text__content\">\n<p>Nos \u00e9l\u00e8ves apprennent \u00e0 parler anglais depuis leur arriv\u00e9e en petite section. Depuis plusieurs ann\u00e9es, les enseignantes du cycle 3 ont choisi d&rsquo;\u00e9largir l&rsquo;apprentissage des langues \u00e9trang\u00e8res \u00e0 l&rsquo;italien, pays limitrophe dont la fronti\u00e8re se situe \u00e0 moins de 20 km.<\/p>\n\n\n\n<p>Notre \u00e9cole ayant le label \u00ab\u00a0Campus International Don Bosco\u00a0\u00bb et inscrite dans le mouvement du Consortium, c&rsquo;est tout naturellement que les enseignantes des 2 classes de cm1 ont mont\u00e9 leur projet autour de l&rsquo;Italie.<\/p>\n<\/div><\/div>\n\n\n\n<p><\/p>\n\n\n\n<div class=\"wp-block-media-text alignwide has-media-on-the-right is-stacked-on-mobile\" style=\"grid-template-columns:auto 21%\"><div class=\"wp-block-media-text__content\">\n<p>1\u00e8re \u00e9tape, nous avons trouv\u00e9 une \u00e9cole partenaire \u00e0 Turin : le professeur d&rsquo;anglais de l&rsquo;\u00e9cole Maria Aussiliatrice a alors r\u00e9pondu avec enthousiasme \u00e0 notre demande.<\/p>\n\n\n\n<p>C&rsquo;est ainsi que nos \u00e9l\u00e8ves ont re\u00e7u la 1\u00e8re lettre de leur correspondant italien au mois de d\u00e9cembre, lettre \u00e0 laquelle ils se sont empress\u00e9s de r\u00e9pondre.<\/p>\n\n\n\n<p>Apr\u00e8s les pr\u00e9sentations de chacun, nous continuerons les \u00e9changes avec la pr\u00e9sentation de nos \u00e9coles et villes respectives&#8230;<\/p>\n<\/div><figure class=\"wp-block-media-text__media\"><img loading=\"lazy\" decoding=\"async\" width=\"768\" height=\"1024\" src=\"https:\/\/www.campusinternationaldonbosco.org\/wp-content\/uploads\/2023\/02\/323530727_560283999314487_2850244975505118470_n-768x1024.jpg\" alt=\"\" class=\"wp-image-1080 size-full\" srcset=\"https:\/\/www.campusinternationaldonbosco.org\/wp-content\/uploads\/2023\/02\/323530727_560283999314487_2850244975505118470_n-768x1024.jpg 768w, https:\/\/www.campusinternationaldonbosco.org\/wp-content\/uploads\/2023\/02\/323530727_560283999314487_2850244975505118470_n-225x300.jpg 225w, https:\/\/www.campusinternationaldonbosco.org\/wp-content\/uploads\/2023\/02\/323530727_560283999314487_2850244975505118470_n-1152x1536.jpg 1152w, https:\/\/www.campusinternationaldonbosco.org\/wp-content\/uploads\/2023\/02\/323530727_560283999314487_2850244975505118470_n-9x12.jpg 9w, https:\/\/www.campusinternationaldonbosco.org\/wp-content\/uploads\/2023\/02\/323530727_560283999314487_2850244975505118470_n.jpg 1296w\" sizes=\"(max-width: 768px) 100vw, 768px\" \/><\/figure><\/div>\n\n\n\n<p class=\"has-text-align-left\"><\/p>\n\n\n<p>La derni\u00e8re \u00e9tape sera une rencontre \u00e0 Turin \u00e0 la fin du mois de mai, un s\u00e9jour de 3 jours en Italie au cours duquel chacun pourra mettre \u00e0 profit le travail fait en italien et en anglais, rencontrer les enfants \u00e0 qui ils ont \u00e9crit et profiter de la richesse culturelle de la ville avec la visite de mus\u00e9es.&nbsp;<\/p>","protected":false},"excerpt":{"rendered":"<p>Nos \u00e9l\u00e8ves apprennent \u00e0 parler anglais depuis leur arriv\u00e9e en petite section. Depuis plusieurs ann\u00e9es, les enseignantes du cycle 3 ont choisi d&rsquo;\u00e9largir l&rsquo;apprentissage des langues \u00e9trang\u00e8res \u00e0 l&rsquo;italien, pays limitrophe dont la fronti\u00e8re se situe \u00e0 moins de 20 km. Notre \u00e9cole ayant le label \u00ab\u00a0Campus International Don Bosco\u00a0\u00bb et inscrite dans le mouvement [&hellip;]<\/p>\n","protected":false},"author":8,"featured_media":1079,"comment_status":"closed","ping_status":"closed","sticky":false,"template":"","format":"standard","meta":{"footnotes":"","_links_to":"","_links_to_target":""},"categories":[13],"tags":[],"class_list":["post-1078","post","type-post","status-publish","format-standard","has-post-thumbnail","hentry","category-ecole-carlhian-rippert-briancon"],"_links":{"self":[{"href":"https:\/\/www.campusinternationaldonbosco.org\/en\/wp-json\/wp\/v2\/posts\/1078","targetHints":{"allow":["GET"]}}],"collection":[{"href":"https:\/\/www.campusinternationaldonbosco.org\/en\/wp-json\/wp\/v2\/posts"}],"about":[{"href":"https:\/\/www.campusinternationaldonbosco.org\/en\/wp-json\/wp\/v2\/types\/post"}],"author":[{"embeddable":true,"href":"https:\/\/www.campusinternationaldonbosco.org\/en\/wp-json\/wp\/v2\/users\/8"}],"replies":[{"embeddable":true,"href":"https:\/\/www.campusinternationaldonbosco.org\/en\/wp-json\/wp\/v2\/comments?post=1078"}],"version-history":[{"count":12,"href":"https:\/\/www.campusinternationaldonbosco.org\/en\/wp-json\/wp\/v2\/posts\/1078\/revisions"}],"predecessor-version":[{"id":1362,"href":"https:\/\/www.campusinternationaldonbosco.org\/en\/wp-json\/wp\/v2\/posts\/1078\/revisions\/1362"}],"wp:featuredmedia":[{"embeddable":true,"href":"https:\/\/www.campusinternationaldonbosco.org\/en\/wp-json\/wp\/v2\/media\/1079"}],"wp:attachment":[{"href":"https:\/\/www.campusinternationaldonbosco.org\/en\/wp-json\/wp\/v2\/media?parent=1078"}],"wp:term":[{"taxonomy":"category","embeddable":true,"href":"https:\/\/www.campusinternationaldonbosco.org\/en\/wp-json\/wp\/v2\/categories?post=1078"},{"taxonomy":"post_tag","embeddable":true,"href":"https:\/\/www.campusinternationaldonbosco.org\/en\/wp-json\/wp\/v2\/tags?post=1078"}],"curies":[{"name":"wp","href":"https:\/\/api.w.org\/{rel}","templated":true}]}}