{"id":1065,"date":"2023-01-29T20:09:48","date_gmt":"2023-01-29T19:09:48","guid":{"rendered":"https:\/\/www.campusinternationaldonbosco.org\/?p=1065"},"modified":"2023-01-29T20:19:20","modified_gmt":"2023-01-29T19:19:20","slug":"don-bosco-fete-dans-le-monde-entier","status":"publish","type":"post","link":"https:\/\/www.campusinternationaldonbosco.org\/en\/2023\/01\/29\/don-bosco-fete-dans-le-monde-entier\/","title":{"rendered":"Don Bosco f\u00eat\u00e9 dans le monde entier !"},"content":{"rendered":"<p>Chaque ann\u00e9e, le 31 janvier est un moment de f\u00eate de toute la famille sal\u00e9sienne dans le monde entier. <\/p>\n\n\n\n<p>Que repr\u00e9sentent\u00a0<strong>les Sal\u00e9siens de Don Bosco<\/strong>\u00a0? Combien sont-ils\u00a0? O\u00f9 sont-ils install\u00e9s\u00a0? Combien de jeunes accompagnent-ils dans leurs \u00e9coles\u00a0?<\/p>\n\n\n\n<p><a href=\"https:\/\/www.don-bosco.net\/video\/salesiens-de-don-bosco-dans-le-monde-aujourdhui\/\">Ce\u00a0<strong>mini-film<\/strong>\u00a0intitul\u00e9 \u00ab Sal\u00e9siens dans le monde, la formation et l\u2019\u00e9vang\u00e9lisation pour les jeunes \u00bb<\/a>, r\u00e9alis\u00e9 par ANS M\u00e9dia \u00e0 l\u2019occasion du chapitre g\u00e9n\u00e9ral 28 de la congr\u00e9gation, y r\u00e9pond.\u00a0Oratoires, \u00e9coles, centres de formation professionnelle, paroisses, universit\u00e9s, programmes d\u2019apostolat, projets sociaux et de d\u00e9veloppement\u2026 <\/p>\n\n\n\n<p>Bienvenue au c\u0153ur de\u00a0<strong>la plus grande organisation \u00e9ducative au monde<\/strong> !<\/p>\n\n\n\n<p><\/p>\n\n\n\n<p><\/p>\n\n\n\n<figure class=\"wp-block-image aligncenter size-full\"><img fetchpriority=\"high\" decoding=\"async\" width=\"585\" height=\"299\" src=\"https:\/\/www.campusinternationaldonbosco.org\/wp-content\/uploads\/2023\/01\/Capture-de\u0301cran-2023-01-29-a\u0300-18.37.14.png\" alt=\"\" class=\"wp-image-1059\" srcset=\"https:\/\/www.campusinternationaldonbosco.org\/wp-content\/uploads\/2023\/01\/Capture-de\u0301cran-2023-01-29-a\u0300-18.37.14.png 585w, https:\/\/www.campusinternationaldonbosco.org\/wp-content\/uploads\/2023\/01\/Capture-de\u0301cran-2023-01-29-a\u0300-18.37.14-300x153.png 300w, https:\/\/www.campusinternationaldonbosco.org\/wp-content\/uploads\/2023\/01\/Capture-de\u0301cran-2023-01-29-a\u0300-18.37.14-18x9.png 18w\" sizes=\"(max-width: 585px) 100vw, 585px\" \/><\/figure>\n\n\n\n<p><\/p>\n\n\n\n<figure class=\"wp-block-image aligncenter size-full\"><img decoding=\"async\" width=\"448\" height=\"595\" src=\"https:\/\/www.campusinternationaldonbosco.org\/wp-content\/uploads\/2020\/04\/don-bosco-face.jpg\" alt=\"\" class=\"wp-image-105\" srcset=\"https:\/\/www.campusinternationaldonbosco.org\/wp-content\/uploads\/2020\/04\/don-bosco-face.jpg 448w, https:\/\/www.campusinternationaldonbosco.org\/wp-content\/uploads\/2020\/04\/don-bosco-face-226x300.jpg 226w\" sizes=\"(max-width: 448px) 100vw, 448px\" \/><\/figure>\n\n\n\n<p><\/p>\n\n\n\n<p><\/p>","protected":false},"excerpt":{"rendered":"<p>Chaque ann\u00e9e, le 31 janvier est un moment de f\u00eate de toute la famille sal\u00e9sienne dans le monde entier. Que repr\u00e9sentent\u00a0les Sal\u00e9siens de Don Bosco\u00a0? Combien sont-ils\u00a0? O\u00f9 sont-ils install\u00e9s\u00a0? Combien de jeunes accompagnent-ils dans leurs \u00e9coles\u00a0? Ce\u00a0mini-film\u00a0intitul\u00e9 \u00ab Sal\u00e9siens dans le monde, la formation et l\u2019\u00e9vang\u00e9lisation pour les jeunes \u00bb, r\u00e9alis\u00e9 par ANS M\u00e9dia [&hellip;]<\/p>\n","protected":false},"author":4,"featured_media":1058,"comment_status":"closed","ping_status":"closed","sticky":false,"template":"","format":"standard","meta":{"footnotes":"","_links_to":"","_links_to_target":""},"categories":[1],"tags":[],"class_list":["post-1065","post","type-post","status-publish","format-standard","has-post-thumbnail","hentry","category-actualites-generales"],"_links":{"self":[{"href":"https:\/\/www.campusinternationaldonbosco.org\/en\/wp-json\/wp\/v2\/posts\/1065","targetHints":{"allow":["GET"]}}],"collection":[{"href":"https:\/\/www.campusinternationaldonbosco.org\/en\/wp-json\/wp\/v2\/posts"}],"about":[{"href":"https:\/\/www.campusinternationaldonbosco.org\/en\/wp-json\/wp\/v2\/types\/post"}],"author":[{"embeddable":true,"href":"https:\/\/www.campusinternationaldonbosco.org\/en\/wp-json\/wp\/v2\/users\/4"}],"replies":[{"embeddable":true,"href":"https:\/\/www.campusinternationaldonbosco.org\/en\/wp-json\/wp\/v2\/comments?post=1065"}],"version-history":[{"count":5,"href":"https:\/\/www.campusinternationaldonbosco.org\/en\/wp-json\/wp\/v2\/posts\/1065\/revisions"}],"predecessor-version":[{"id":1074,"href":"https:\/\/www.campusinternationaldonbosco.org\/en\/wp-json\/wp\/v2\/posts\/1065\/revisions\/1074"}],"wp:featuredmedia":[{"embeddable":true,"href":"https:\/\/www.campusinternationaldonbosco.org\/en\/wp-json\/wp\/v2\/media\/1058"}],"wp:attachment":[{"href":"https:\/\/www.campusinternationaldonbosco.org\/en\/wp-json\/wp\/v2\/media?parent=1065"}],"wp:term":[{"taxonomy":"category","embeddable":true,"href":"https:\/\/www.campusinternationaldonbosco.org\/en\/wp-json\/wp\/v2\/categories?post=1065"},{"taxonomy":"post_tag","embeddable":true,"href":"https:\/\/www.campusinternationaldonbosco.org\/en\/wp-json\/wp\/v2\/tags?post=1065"}],"curies":[{"name":"wp","href":"https:\/\/api.w.org\/{rel}","templated":true}]}}